{"id":8628,"date":"2022-07-10T16:26:39","date_gmt":"2022-07-10T16:26:39","guid":{"rendered":"https:\/\/www.expadd.org\/cameroon-first-country-to-integrate-biochar-production-into-its-climate-strategy\/"},"modified":"2022-07-10T16:26:40","modified_gmt":"2022-07-10T16:26:40","slug":"cameroon-first-country-to-integrate-biochar-production-into-its-climate-strategy","status":"publish","type":"post","link":"https:\/\/www.expadd.org\/en\/cameroon-first-country-to-integrate-biochar-production-into-its-climate-strategy\/","title":{"rendered":"Cameroon, first country to integrate biochar production into its climate strategy"},"content":{"rendered":"<p>Source: VIVAFRIK, November 2021<\/p>\n<p>The country has become the very first in the world to integrate industrial biochar production into its climate and sustainable development strategy, environmentalists said.<\/p>\n<p>It should be noted that Cameroon is home to part of the Congo forest, which is the second largest carbon sink on the planet. Sequestering more carbon than it produces, the country is nonetheless suffering the full impact of climate change.<\/p>\n<p><a href=\"https:\/\/www.vivafrik.com\/2021\/11\/15\/le-cameroun-premier-pays-a-integrer-la-production-du-biochar-dans-sa-strategie-climat-a43284.html\">Cameroon, the first country to include biochar production in its climate strategy &#8211; VivAfrik &#8211; News<\/a><\/p>\n","protected":false},"excerpt":{"rendered":"<p>Source: VIVAFRIK, November 2021 The country has become the very first in the world<\/p>\n","protected":false},"author":1,"featured_media":8625,"comment_status":"open","ping_status":"open","sticky":false,"template":"","format":"standard","meta":{"content-type":"","footnotes":""},"categories":[134],"tags":[],"class_list":["post-8628","post","type-post","status-publish","format-standard","has-post-thumbnail","hentry","category-preservation-of-the-environment"],"yoast_head":"<!-- This site is optimized with the Yoast SEO plugin v27.5 - https:\/\/yoast.com\/product\/yoast-seo-wordpress\/ -->\n<title>Cameroon, first country to integrate biochar production into its climate strategy - EXPADD<\/title>\n<meta name=\"robots\" content=\"index, follow, max-snippet:-1, max-image-preview:large, max-video-preview:-1\" \/>\n<link rel=\"canonical\" href=\"https:\/\/www.expadd.org\/en\/cameroon-first-country-to-integrate-biochar-production-into-its-climate-strategy\/\" \/>\n<meta property=\"og:locale\" content=\"en_US\" \/>\n<meta property=\"og:type\" content=\"article\" \/>\n<meta property=\"og:title\" content=\"Cameroon, first country to integrate biochar production into its climate strategy - EXPADD\" \/>\n<meta property=\"og:description\" content=\"Source: VIVAFRIK, November 2021 The country has become the very first in the world\" \/>\n<meta property=\"og:url\" content=\"https:\/\/www.expadd.org\/en\/cameroon-first-country-to-integrate-biochar-production-into-its-climate-strategy\/\" \/>\n<meta property=\"og:site_name\" content=\"EXPADD\" \/>\n<meta property=\"article:published_time\" content=\"2022-07-10T16:26:39+00:00\" \/>\n<meta property=\"article:modified_time\" content=\"2022-07-10T16:26:40+00:00\" \/>\n<meta property=\"og:image\" content=\"https:\/\/www.expadd.org\/wp-content\/uploads\/2022\/07\/PHOTO-198.jpg\" \/>\n\t<meta property=\"og:image:width\" content=\"696\" \/>\n\t<meta property=\"og:image:height\" content=\"435\" \/>\n\t<meta property=\"og:image:type\" content=\"image\/jpeg\" \/>\n<meta name=\"author\" content=\"EXPADD\" \/>\n<meta name=\"twitter:card\" content=\"summary_large_image\" \/>\n<meta name=\"twitter:label1\" content=\"Written by\" \/>\n\t<meta name=\"twitter:data1\" content=\"EXPADD\" \/>\n<script type=\"application\/ld+json\" class=\"yoast-schema-graph\">{\"@context\":\"https:\\\/\\\/schema.org\",\"@graph\":[{\"@type\":\"Article\",\"@id\":\"https:\\\/\\\/www.expadd.org\\\/en\\\/cameroon-first-country-to-integrate-biochar-production-into-its-climate-strategy\\\/#article\",\"isPartOf\":{\"@id\":\"https:\\\/\\\/www.expadd.org\\\/en\\\/cameroon-first-country-to-integrate-biochar-production-into-its-climate-strategy\\\/\"},\"author\":{\"name\":\"EXPADD\",\"@id\":\"https:\\\/\\\/www.expadd.org\\\/en\\\/#\\\/schema\\\/person\\\/9e3bf8e18172ddc6b0817fb431b09466\"},\"headline\":\"Cameroon, first country to integrate biochar production into its climate strategy\",\"datePublished\":\"2022-07-10T16:26:39+00:00\",\"dateModified\":\"2022-07-10T16:26:40+00:00\",\"mainEntityOfPage\":{\"@id\":\"https:\\\/\\\/www.expadd.org\\\/en\\\/cameroon-first-country-to-integrate-biochar-production-into-its-climate-strategy\\\/\"},\"wordCount\":95,\"commentCount\":0,\"publisher\":{\"@id\":\"https:\\\/\\\/www.expadd.org\\\/en\\\/#organization\"},\"image\":{\"@id\":\"https:\\\/\\\/www.expadd.org\\\/en\\\/cameroon-first-country-to-integrate-biochar-production-into-its-climate-strategy\\\/#primaryimage\"},\"thumbnailUrl\":\"https:\\\/\\\/www.expadd.org\\\/wp-content\\\/uploads\\\/2022\\\/07\\\/PHOTO-198.jpg\",\"articleSection\":[\"PRESERVATION OF THE ENVIRONMENT\"],\"inLanguage\":\"en-US\",\"potentialAction\":[{\"@type\":\"CommentAction\",\"name\":\"Comment\",\"target\":[\"https:\\\/\\\/www.expadd.org\\\/en\\\/cameroon-first-country-to-integrate-biochar-production-into-its-climate-strategy\\\/#respond\"]}]},{\"@type\":\"WebPage\",\"@id\":\"https:\\\/\\\/www.expadd.org\\\/en\\\/cameroon-first-country-to-integrate-biochar-production-into-its-climate-strategy\\\/\",\"url\":\"https:\\\/\\\/www.expadd.org\\\/en\\\/cameroon-first-country-to-integrate-biochar-production-into-its-climate-strategy\\\/\",\"name\":\"Cameroon, first country to integrate biochar production into its climate strategy - EXPADD\",\"isPartOf\":{\"@id\":\"https:\\\/\\\/www.expadd.org\\\/en\\\/#website\"},\"primaryImageOfPage\":{\"@id\":\"https:\\\/\\\/www.expadd.org\\\/en\\\/cameroon-first-country-to-integrate-biochar-production-into-its-climate-strategy\\\/#primaryimage\"},\"image\":{\"@id\":\"https:\\\/\\\/www.expadd.org\\\/en\\\/cameroon-first-country-to-integrate-biochar-production-into-its-climate-strategy\\\/#primaryimage\"},\"thumbnailUrl\":\"https:\\\/\\\/www.expadd.org\\\/wp-content\\\/uploads\\\/2022\\\/07\\\/PHOTO-198.jpg\",\"datePublished\":\"2022-07-10T16:26:39+00:00\",\"dateModified\":\"2022-07-10T16:26:40+00:00\",\"breadcrumb\":{\"@id\":\"https:\\\/\\\/www.expadd.org\\\/en\\\/cameroon-first-country-to-integrate-biochar-production-into-its-climate-strategy\\\/#breadcrumb\"},\"inLanguage\":\"en-US\",\"potentialAction\":[{\"@type\":\"ReadAction\",\"target\":[\"https:\\\/\\\/www.expadd.org\\\/en\\\/cameroon-first-country-to-integrate-biochar-production-into-its-climate-strategy\\\/\"]}]},{\"@type\":\"ImageObject\",\"inLanguage\":\"en-US\",\"@id\":\"https:\\\/\\\/www.expadd.org\\\/en\\\/cameroon-first-country-to-integrate-biochar-production-into-its-climate-strategy\\\/#primaryimage\",\"url\":\"https:\\\/\\\/www.expadd.org\\\/wp-content\\\/uploads\\\/2022\\\/07\\\/PHOTO-198.jpg\",\"contentUrl\":\"https:\\\/\\\/www.expadd.org\\\/wp-content\\\/uploads\\\/2022\\\/07\\\/PHOTO-198.jpg\",\"width\":696,\"height\":435},{\"@type\":\"BreadcrumbList\",\"@id\":\"https:\\\/\\\/www.expadd.org\\\/en\\\/cameroon-first-country-to-integrate-biochar-production-into-its-climate-strategy\\\/#breadcrumb\",\"itemListElement\":[{\"@type\":\"ListItem\",\"position\":1,\"name\":\"Accueil\",\"item\":\"https:\\\/\\\/www.expadd.org\\\/en\\\/\"},{\"@type\":\"ListItem\",\"position\":2,\"name\":\"Cameroon, first country to integrate biochar production into its climate strategy\"}]},{\"@type\":\"WebSite\",\"@id\":\"https:\\\/\\\/www.expadd.org\\\/en\\\/#website\",\"url\":\"https:\\\/\\\/www.expadd.org\\\/en\\\/\",\"name\":\"EXPADD\",\"description\":\"Pour B\u00e2tir une soci\u00e9t\u00e9 Africaine durable\",\"publisher\":{\"@id\":\"https:\\\/\\\/www.expadd.org\\\/en\\\/#organization\"},\"potentialAction\":[{\"@type\":\"SearchAction\",\"target\":{\"@type\":\"EntryPoint\",\"urlTemplate\":\"https:\\\/\\\/www.expadd.org\\\/en\\\/?s={search_term_string}\"},\"query-input\":{\"@type\":\"PropertyValueSpecification\",\"valueRequired\":true,\"valueName\":\"search_term_string\"}}],\"inLanguage\":\"en-US\"},{\"@type\":\"Organization\",\"@id\":\"https:\\\/\\\/www.expadd.org\\\/en\\\/#organization\",\"name\":\"EXPERTS D'AFRIQUE POUR LE DEVELOPPEMENT DURABLE\",\"url\":\"https:\\\/\\\/www.expadd.org\\\/en\\\/\",\"logo\":{\"@type\":\"ImageObject\",\"inLanguage\":\"en-US\",\"@id\":\"https:\\\/\\\/www.expadd.org\\\/en\\\/#\\\/schema\\\/logo\\\/image\\\/\",\"url\":\"https:\\\/\\\/www.expadd.org\\\/wp-content\\\/uploads\\\/2021\\\/05\\\/cropped-cropped-cropped-cropped-cropped-Capture-decran-2021-03-13-a-20.44.36-2.png\",\"contentUrl\":\"https:\\\/\\\/www.expadd.org\\\/wp-content\\\/uploads\\\/2021\\\/05\\\/cropped-cropped-cropped-cropped-cropped-Capture-decran-2021-03-13-a-20.44.36-2.png\",\"width\":1919,\"height\":1374,\"caption\":\"EXPERTS D'AFRIQUE POUR LE DEVELOPPEMENT DURABLE\"},\"image\":{\"@id\":\"https:\\\/\\\/www.expadd.org\\\/en\\\/#\\\/schema\\\/logo\\\/image\\\/\"}},{\"@type\":\"Person\",\"@id\":\"https:\\\/\\\/www.expadd.org\\\/en\\\/#\\\/schema\\\/person\\\/9e3bf8e18172ddc6b0817fb431b09466\",\"name\":\"EXPADD\",\"image\":{\"@type\":\"ImageObject\",\"inLanguage\":\"en-US\",\"@id\":\"https:\\\/\\\/secure.gravatar.com\\\/avatar\\\/957ffa3fc16f59afe731c0b7b5e2dcb9a0efedb2044cc566d87841dbca098b71?s=96&d=mm&r=g\",\"url\":\"https:\\\/\\\/secure.gravatar.com\\\/avatar\\\/957ffa3fc16f59afe731c0b7b5e2dcb9a0efedb2044cc566d87841dbca098b71?s=96&d=mm&r=g\",\"contentUrl\":\"https:\\\/\\\/secure.gravatar.com\\\/avatar\\\/957ffa3fc16f59afe731c0b7b5e2dcb9a0efedb2044cc566d87841dbca098b71?s=96&d=mm&r=g\",\"caption\":\"EXPADD\"},\"sameAs\":[\"https:\\\/\\\/www.expadd.org\"],\"url\":\"https:\\\/\\\/www.expadd.org\\\/en\\\/author\\\/christo76\\\/\"}]}<\/script>\n<!-- \/ Yoast SEO plugin. -->","yoast_head_json":{"title":"Cameroon, first country to integrate biochar production into its climate strategy - EXPADD","robots":{"index":"index","follow":"follow","max-snippet":"max-snippet:-1","max-image-preview":"max-image-preview:large","max-video-preview":"max-video-preview:-1"},"canonical":"https:\/\/www.expadd.org\/en\/cameroon-first-country-to-integrate-biochar-production-into-its-climate-strategy\/","og_locale":"en_US","og_type":"article","og_title":"Cameroon, first country to integrate biochar production into its climate strategy - EXPADD","og_description":"Source: VIVAFRIK, November 2021 The country has become the very first in the world","og_url":"https:\/\/www.expadd.org\/en\/cameroon-first-country-to-integrate-biochar-production-into-its-climate-strategy\/","og_site_name":"EXPADD","article_published_time":"2022-07-10T16:26:39+00:00","article_modified_time":"2022-07-10T16:26:40+00:00","og_image":[{"width":696,"height":435,"url":"https:\/\/www.expadd.org\/wp-content\/uploads\/2022\/07\/PHOTO-198.jpg","type":"image\/jpeg"}],"author":"EXPADD","twitter_card":"summary_large_image","twitter_misc":{"Written by":"EXPADD"},"schema":{"@context":"https:\/\/schema.org","@graph":[{"@type":"Article","@id":"https:\/\/www.expadd.org\/en\/cameroon-first-country-to-integrate-biochar-production-into-its-climate-strategy\/#article","isPartOf":{"@id":"https:\/\/www.expadd.org\/en\/cameroon-first-country-to-integrate-biochar-production-into-its-climate-strategy\/"},"author":{"name":"EXPADD","@id":"https:\/\/www.expadd.org\/en\/#\/schema\/person\/9e3bf8e18172ddc6b0817fb431b09466"},"headline":"Cameroon, first country to integrate biochar production into its climate strategy","datePublished":"2022-07-10T16:26:39+00:00","dateModified":"2022-07-10T16:26:40+00:00","mainEntityOfPage":{"@id":"https:\/\/www.expadd.org\/en\/cameroon-first-country-to-integrate-biochar-production-into-its-climate-strategy\/"},"wordCount":95,"commentCount":0,"publisher":{"@id":"https:\/\/www.expadd.org\/en\/#organization"},"image":{"@id":"https:\/\/www.expadd.org\/en\/cameroon-first-country-to-integrate-biochar-production-into-its-climate-strategy\/#primaryimage"},"thumbnailUrl":"https:\/\/www.expadd.org\/wp-content\/uploads\/2022\/07\/PHOTO-198.jpg","articleSection":["PRESERVATION OF THE ENVIRONMENT"],"inLanguage":"en-US","potentialAction":[{"@type":"CommentAction","name":"Comment","target":["https:\/\/www.expadd.org\/en\/cameroon-first-country-to-integrate-biochar-production-into-its-climate-strategy\/#respond"]}]},{"@type":"WebPage","@id":"https:\/\/www.expadd.org\/en\/cameroon-first-country-to-integrate-biochar-production-into-its-climate-strategy\/","url":"https:\/\/www.expadd.org\/en\/cameroon-first-country-to-integrate-biochar-production-into-its-climate-strategy\/","name":"Cameroon, first country to integrate biochar production into its climate strategy - EXPADD","isPartOf":{"@id":"https:\/\/www.expadd.org\/en\/#website"},"primaryImageOfPage":{"@id":"https:\/\/www.expadd.org\/en\/cameroon-first-country-to-integrate-biochar-production-into-its-climate-strategy\/#primaryimage"},"image":{"@id":"https:\/\/www.expadd.org\/en\/cameroon-first-country-to-integrate-biochar-production-into-its-climate-strategy\/#primaryimage"},"thumbnailUrl":"https:\/\/www.expadd.org\/wp-content\/uploads\/2022\/07\/PHOTO-198.jpg","datePublished":"2022-07-10T16:26:39+00:00","dateModified":"2022-07-10T16:26:40+00:00","breadcrumb":{"@id":"https:\/\/www.expadd.org\/en\/cameroon-first-country-to-integrate-biochar-production-into-its-climate-strategy\/#breadcrumb"},"inLanguage":"en-US","potentialAction":[{"@type":"ReadAction","target":["https:\/\/www.expadd.org\/en\/cameroon-first-country-to-integrate-biochar-production-into-its-climate-strategy\/"]}]},{"@type":"ImageObject","inLanguage":"en-US","@id":"https:\/\/www.expadd.org\/en\/cameroon-first-country-to-integrate-biochar-production-into-its-climate-strategy\/#primaryimage","url":"https:\/\/www.expadd.org\/wp-content\/uploads\/2022\/07\/PHOTO-198.jpg","contentUrl":"https:\/\/www.expadd.org\/wp-content\/uploads\/2022\/07\/PHOTO-198.jpg","width":696,"height":435},{"@type":"BreadcrumbList","@id":"https:\/\/www.expadd.org\/en\/cameroon-first-country-to-integrate-biochar-production-into-its-climate-strategy\/#breadcrumb","itemListElement":[{"@type":"ListItem","position":1,"name":"Accueil","item":"https:\/\/www.expadd.org\/en\/"},{"@type":"ListItem","position":2,"name":"Cameroon, first country to integrate biochar production into its climate strategy"}]},{"@type":"WebSite","@id":"https:\/\/www.expadd.org\/en\/#website","url":"https:\/\/www.expadd.org\/en\/","name":"EXPADD","description":"Pour B\u00e2tir une soci\u00e9t\u00e9 Africaine durable","publisher":{"@id":"https:\/\/www.expadd.org\/en\/#organization"},"potentialAction":[{"@type":"SearchAction","target":{"@type":"EntryPoint","urlTemplate":"https:\/\/www.expadd.org\/en\/?s={search_term_string}"},"query-input":{"@type":"PropertyValueSpecification","valueRequired":true,"valueName":"search_term_string"}}],"inLanguage":"en-US"},{"@type":"Organization","@id":"https:\/\/www.expadd.org\/en\/#organization","name":"EXPERTS D'AFRIQUE POUR LE DEVELOPPEMENT DURABLE","url":"https:\/\/www.expadd.org\/en\/","logo":{"@type":"ImageObject","inLanguage":"en-US","@id":"https:\/\/www.expadd.org\/en\/#\/schema\/logo\/image\/","url":"https:\/\/www.expadd.org\/wp-content\/uploads\/2021\/05\/cropped-cropped-cropped-cropped-cropped-Capture-decran-2021-03-13-a-20.44.36-2.png","contentUrl":"https:\/\/www.expadd.org\/wp-content\/uploads\/2021\/05\/cropped-cropped-cropped-cropped-cropped-Capture-decran-2021-03-13-a-20.44.36-2.png","width":1919,"height":1374,"caption":"EXPERTS D'AFRIQUE POUR LE DEVELOPPEMENT DURABLE"},"image":{"@id":"https:\/\/www.expadd.org\/en\/#\/schema\/logo\/image\/"}},{"@type":"Person","@id":"https:\/\/www.expadd.org\/en\/#\/schema\/person\/9e3bf8e18172ddc6b0817fb431b09466","name":"EXPADD","image":{"@type":"ImageObject","inLanguage":"en-US","@id":"https:\/\/secure.gravatar.com\/avatar\/957ffa3fc16f59afe731c0b7b5e2dcb9a0efedb2044cc566d87841dbca098b71?s=96&d=mm&r=g","url":"https:\/\/secure.gravatar.com\/avatar\/957ffa3fc16f59afe731c0b7b5e2dcb9a0efedb2044cc566d87841dbca098b71?s=96&d=mm&r=g","contentUrl":"https:\/\/secure.gravatar.com\/avatar\/957ffa3fc16f59afe731c0b7b5e2dcb9a0efedb2044cc566d87841dbca098b71?s=96&d=mm&r=g","caption":"EXPADD"},"sameAs":["https:\/\/www.expadd.org"],"url":"https:\/\/www.expadd.org\/en\/author\/christo76\/"}]}},"_links":{"self":[{"href":"https:\/\/www.expadd.org\/en\/wp-json\/wp\/v2\/posts\/8628","targetHints":{"allow":["GET"]}}],"collection":[{"href":"https:\/\/www.expadd.org\/en\/wp-json\/wp\/v2\/posts"}],"about":[{"href":"https:\/\/www.expadd.org\/en\/wp-json\/wp\/v2\/types\/post"}],"author":[{"embeddable":true,"href":"https:\/\/www.expadd.org\/en\/wp-json\/wp\/v2\/users\/1"}],"replies":[{"embeddable":true,"href":"https:\/\/www.expadd.org\/en\/wp-json\/wp\/v2\/comments?post=8628"}],"version-history":[{"count":1,"href":"https:\/\/www.expadd.org\/en\/wp-json\/wp\/v2\/posts\/8628\/revisions"}],"predecessor-version":[{"id":8629,"href":"https:\/\/www.expadd.org\/en\/wp-json\/wp\/v2\/posts\/8628\/revisions\/8629"}],"wp:featuredmedia":[{"embeddable":true,"href":"https:\/\/www.expadd.org\/en\/wp-json\/wp\/v2\/media\/8625"}],"wp:attachment":[{"href":"https:\/\/www.expadd.org\/en\/wp-json\/wp\/v2\/media?parent=8628"}],"wp:term":[{"taxonomy":"category","embeddable":true,"href":"https:\/\/www.expadd.org\/en\/wp-json\/wp\/v2\/categories?post=8628"},{"taxonomy":"post_tag","embeddable":true,"href":"https:\/\/www.expadd.org\/en\/wp-json\/wp\/v2\/tags?post=8628"}],"curies":[{"name":"wp","href":"https:\/\/api.w.org\/{rel}","templated":true}]}}