{"id":7736,"date":"2022-05-10T19:54:59","date_gmt":"2022-05-10T19:54:59","guid":{"rendered":"https:\/\/www.expadd.org\/expadd-joins-forces-with-the-marie-esther-foundation-for-the-creation-of-an-agroecological-center-in-cote-divoire\/"},"modified":"2022-05-10T19:54:59","modified_gmt":"2022-05-10T19:54:59","slug":"expadd-joins-forces-with-the-marie-esther-foundation-for-the-creation-of-an-agroecological-center-in-cote-divoire","status":"publish","type":"post","link":"https:\/\/www.expadd.org\/en\/expadd-joins-forces-with-the-marie-esther-foundation-for-the-creation-of-an-agroecological-center-in-cote-divoire\/","title":{"rendered":"EXPADD joins forces with the Marie Esther Foundation for the creation of an agroecological center in C\u00f4te d&#8217;Ivoire"},"content":{"rendered":"<p>On April 12, 2022, in Aboud\u00e9, C\u00f4te d&#8217;Ivoire, the Executive Director of the Marie Esther Foundation, Ms. KANGA received one of her partners, the Canadian SACO-CESO (SACO is an engine of international economic development that supports the growth of sustainable and inclusive businesses and strengthens government infrastructure). This was an observation and evaluation mission for the support provided to the Marie Esther Foundation as part of its support for the establishment of an Agroecological garden run by women.<\/p>\n<p>A few weeks earlier, EXPADD (African Experts for Sustainable Development) and the Marie Esther Foundation had agreed to sign a partnership agreement within the framework of the execution of several activities related to the operation of an agroecological center. In concrete terms, the purpose of this agreement is to establish the main bases for cooperation between EXPADD and the Marie Esther Foundation and to highlight the conditions under which future partners will be required to cooperate in fundamental areas of common interest, in particular concerning raising awareness, seeking funding and deploying concrete actions on the ground in support of the creation of the Agroecological Center.<\/p>\n<p>This visit to the site of the future agro-ecological center, in the company of the partner SACO CESO, is a prelude to the development of livestock, agricultural, agroforestry and local product processing activities, all of which will be carried out according to the principles of sustainable development.<\/p>\n<p>&nbsp;<\/p>\n<p>Dr Christophe GBOSSOU<\/p>\n<p>EXPADD Coordinator<\/p>\n<p>www.expadd.org<\/p>\n","protected":false},"excerpt":{"rendered":"<p>On April 12, 2022, in Aboud\u00e9, C\u00f4te d&#8217;Ivoire, the Executive Director of the Marie<\/p>\n","protected":false},"author":1,"featured_media":7734,"comment_status":"open","ping_status":"open","sticky":false,"template":"","format":"standard","meta":{"content-type":"","footnotes":""},"categories":[126],"tags":[],"class_list":["post-7736","post","type-post","status-publish","format-standard","has-post-thumbnail","hentry","category-sustainable-dev"],"yoast_head":"<!-- This site is optimized with the Yoast SEO plugin v27.5 - https:\/\/yoast.com\/product\/yoast-seo-wordpress\/ -->\n<title>EXPADD joins forces with the Marie Esther Foundation for the creation of an agroecological center in C\u00f4te d&#039;Ivoire - EXPADD<\/title>\n<meta name=\"robots\" content=\"index, follow, max-snippet:-1, max-image-preview:large, max-video-preview:-1\" \/>\n<link rel=\"canonical\" href=\"https:\/\/www.expadd.org\/en\/expadd-joins-forces-with-the-marie-esther-foundation-for-the-creation-of-an-agroecological-center-in-cote-divoire\/\" \/>\n<meta property=\"og:locale\" content=\"en_US\" \/>\n<meta property=\"og:type\" content=\"article\" \/>\n<meta property=\"og:title\" content=\"EXPADD joins forces with the Marie Esther Foundation for the creation of an agroecological center in C\u00f4te d&#039;Ivoire - EXPADD\" \/>\n<meta property=\"og:description\" content=\"On April 12, 2022, in Aboud\u00e9, C\u00f4te d&#8217;Ivoire, the Executive Director of the Marie\" \/>\n<meta property=\"og:url\" content=\"https:\/\/www.expadd.org\/en\/expadd-joins-forces-with-the-marie-esther-foundation-for-the-creation-of-an-agroecological-center-in-cote-divoire\/\" \/>\n<meta property=\"og:site_name\" content=\"EXPADD\" \/>\n<meta property=\"article:published_time\" content=\"2022-05-10T19:54:59+00:00\" \/>\n<meta property=\"og:image\" content=\"https:\/\/www.expadd.org\/wp-content\/uploads\/2022\/05\/CENTRE-AGROECO-003.jpg\" \/>\n\t<meta property=\"og:image:width\" content=\"1080\" \/>\n\t<meta property=\"og:image:height\" content=\"810\" \/>\n\t<meta property=\"og:image:type\" content=\"image\/jpeg\" \/>\n<meta name=\"author\" content=\"EXPADD\" \/>\n<meta name=\"twitter:card\" content=\"summary_large_image\" \/>\n<meta name=\"twitter:label1\" content=\"Written by\" \/>\n\t<meta name=\"twitter:data1\" content=\"EXPADD\" \/>\n\t<meta name=\"twitter:label2\" content=\"Est. reading time\" \/>\n\t<meta name=\"twitter:data2\" content=\"1 minute\" \/>\n<script type=\"application\/ld+json\" class=\"yoast-schema-graph\">{\"@context\":\"https:\\\/\\\/schema.org\",\"@graph\":[{\"@type\":\"Article\",\"@id\":\"https:\\\/\\\/www.expadd.org\\\/en\\\/expadd-joins-forces-with-the-marie-esther-foundation-for-the-creation-of-an-agroecological-center-in-cote-divoire\\\/#article\",\"isPartOf\":{\"@id\":\"https:\\\/\\\/www.expadd.org\\\/en\\\/expadd-joins-forces-with-the-marie-esther-foundation-for-the-creation-of-an-agroecological-center-in-cote-divoire\\\/\"},\"author\":{\"name\":\"EXPADD\",\"@id\":\"https:\\\/\\\/www.expadd.org\\\/en\\\/#\\\/schema\\\/person\\\/9e3bf8e18172ddc6b0817fb431b09466\"},\"headline\":\"EXPADD joins forces with the Marie Esther Foundation for the creation of an agroecological center in C\u00f4te d&#8217;Ivoire\",\"datePublished\":\"2022-05-10T19:54:59+00:00\",\"mainEntityOfPage\":{\"@id\":\"https:\\\/\\\/www.expadd.org\\\/en\\\/expadd-joins-forces-with-the-marie-esther-foundation-for-the-creation-of-an-agroecological-center-in-cote-divoire\\\/\"},\"wordCount\":259,\"commentCount\":0,\"publisher\":{\"@id\":\"https:\\\/\\\/www.expadd.org\\\/en\\\/#organization\"},\"image\":{\"@id\":\"https:\\\/\\\/www.expadd.org\\\/en\\\/expadd-joins-forces-with-the-marie-esther-foundation-for-the-creation-of-an-agroecological-center-in-cote-divoire\\\/#primaryimage\"},\"thumbnailUrl\":\"https:\\\/\\\/www.expadd.org\\\/wp-content\\\/uploads\\\/2022\\\/05\\\/CENTRE-AGROECO-003.jpg\",\"articleSection\":[\"SUSTAINABLE DEV\"],\"inLanguage\":\"en-US\",\"potentialAction\":[{\"@type\":\"CommentAction\",\"name\":\"Comment\",\"target\":[\"https:\\\/\\\/www.expadd.org\\\/en\\\/expadd-joins-forces-with-the-marie-esther-foundation-for-the-creation-of-an-agroecological-center-in-cote-divoire\\\/#respond\"]}]},{\"@type\":\"WebPage\",\"@id\":\"https:\\\/\\\/www.expadd.org\\\/en\\\/expadd-joins-forces-with-the-marie-esther-foundation-for-the-creation-of-an-agroecological-center-in-cote-divoire\\\/\",\"url\":\"https:\\\/\\\/www.expadd.org\\\/en\\\/expadd-joins-forces-with-the-marie-esther-foundation-for-the-creation-of-an-agroecological-center-in-cote-divoire\\\/\",\"name\":\"EXPADD joins forces with the Marie Esther Foundation for the creation of an agroecological center in C\u00f4te d'Ivoire - EXPADD\",\"isPartOf\":{\"@id\":\"https:\\\/\\\/www.expadd.org\\\/en\\\/#website\"},\"primaryImageOfPage\":{\"@id\":\"https:\\\/\\\/www.expadd.org\\\/en\\\/expadd-joins-forces-with-the-marie-esther-foundation-for-the-creation-of-an-agroecological-center-in-cote-divoire\\\/#primaryimage\"},\"image\":{\"@id\":\"https:\\\/\\\/www.expadd.org\\\/en\\\/expadd-joins-forces-with-the-marie-esther-foundation-for-the-creation-of-an-agroecological-center-in-cote-divoire\\\/#primaryimage\"},\"thumbnailUrl\":\"https:\\\/\\\/www.expadd.org\\\/wp-content\\\/uploads\\\/2022\\\/05\\\/CENTRE-AGROECO-003.jpg\",\"datePublished\":\"2022-05-10T19:54:59+00:00\",\"breadcrumb\":{\"@id\":\"https:\\\/\\\/www.expadd.org\\\/en\\\/expadd-joins-forces-with-the-marie-esther-foundation-for-the-creation-of-an-agroecological-center-in-cote-divoire\\\/#breadcrumb\"},\"inLanguage\":\"en-US\",\"potentialAction\":[{\"@type\":\"ReadAction\",\"target\":[\"https:\\\/\\\/www.expadd.org\\\/en\\\/expadd-joins-forces-with-the-marie-esther-foundation-for-the-creation-of-an-agroecological-center-in-cote-divoire\\\/\"]}]},{\"@type\":\"ImageObject\",\"inLanguage\":\"en-US\",\"@id\":\"https:\\\/\\\/www.expadd.org\\\/en\\\/expadd-joins-forces-with-the-marie-esther-foundation-for-the-creation-of-an-agroecological-center-in-cote-divoire\\\/#primaryimage\",\"url\":\"https:\\\/\\\/www.expadd.org\\\/wp-content\\\/uploads\\\/2022\\\/05\\\/CENTRE-AGROECO-003.jpg\",\"contentUrl\":\"https:\\\/\\\/www.expadd.org\\\/wp-content\\\/uploads\\\/2022\\\/05\\\/CENTRE-AGROECO-003.jpg\",\"width\":1080,\"height\":810},{\"@type\":\"BreadcrumbList\",\"@id\":\"https:\\\/\\\/www.expadd.org\\\/en\\\/expadd-joins-forces-with-the-marie-esther-foundation-for-the-creation-of-an-agroecological-center-in-cote-divoire\\\/#breadcrumb\",\"itemListElement\":[{\"@type\":\"ListItem\",\"position\":1,\"name\":\"Accueil\",\"item\":\"https:\\\/\\\/www.expadd.org\\\/en\\\/\"},{\"@type\":\"ListItem\",\"position\":2,\"name\":\"EXPADD joins forces with the Marie Esther Foundation for the creation of an agroecological center in C\u00f4te d&#8217;Ivoire\"}]},{\"@type\":\"WebSite\",\"@id\":\"https:\\\/\\\/www.expadd.org\\\/en\\\/#website\",\"url\":\"https:\\\/\\\/www.expadd.org\\\/en\\\/\",\"name\":\"EXPADD\",\"description\":\"Pour B\u00e2tir une soci\u00e9t\u00e9 Africaine durable\",\"publisher\":{\"@id\":\"https:\\\/\\\/www.expadd.org\\\/en\\\/#organization\"},\"potentialAction\":[{\"@type\":\"SearchAction\",\"target\":{\"@type\":\"EntryPoint\",\"urlTemplate\":\"https:\\\/\\\/www.expadd.org\\\/en\\\/?s={search_term_string}\"},\"query-input\":{\"@type\":\"PropertyValueSpecification\",\"valueRequired\":true,\"valueName\":\"search_term_string\"}}],\"inLanguage\":\"en-US\"},{\"@type\":\"Organization\",\"@id\":\"https:\\\/\\\/www.expadd.org\\\/en\\\/#organization\",\"name\":\"EXPERTS D'AFRIQUE POUR LE DEVELOPPEMENT DURABLE\",\"url\":\"https:\\\/\\\/www.expadd.org\\\/en\\\/\",\"logo\":{\"@type\":\"ImageObject\",\"inLanguage\":\"en-US\",\"@id\":\"https:\\\/\\\/www.expadd.org\\\/en\\\/#\\\/schema\\\/logo\\\/image\\\/\",\"url\":\"https:\\\/\\\/www.expadd.org\\\/wp-content\\\/uploads\\\/2021\\\/05\\\/cropped-cropped-cropped-cropped-cropped-Capture-decran-2021-03-13-a-20.44.36-2.png\",\"contentUrl\":\"https:\\\/\\\/www.expadd.org\\\/wp-content\\\/uploads\\\/2021\\\/05\\\/cropped-cropped-cropped-cropped-cropped-Capture-decran-2021-03-13-a-20.44.36-2.png\",\"width\":1919,\"height\":1374,\"caption\":\"EXPERTS D'AFRIQUE POUR LE DEVELOPPEMENT DURABLE\"},\"image\":{\"@id\":\"https:\\\/\\\/www.expadd.org\\\/en\\\/#\\\/schema\\\/logo\\\/image\\\/\"}},{\"@type\":\"Person\",\"@id\":\"https:\\\/\\\/www.expadd.org\\\/en\\\/#\\\/schema\\\/person\\\/9e3bf8e18172ddc6b0817fb431b09466\",\"name\":\"EXPADD\",\"image\":{\"@type\":\"ImageObject\",\"inLanguage\":\"en-US\",\"@id\":\"https:\\\/\\\/secure.gravatar.com\\\/avatar\\\/957ffa3fc16f59afe731c0b7b5e2dcb9a0efedb2044cc566d87841dbca098b71?s=96&d=mm&r=g\",\"url\":\"https:\\\/\\\/secure.gravatar.com\\\/avatar\\\/957ffa3fc16f59afe731c0b7b5e2dcb9a0efedb2044cc566d87841dbca098b71?s=96&d=mm&r=g\",\"contentUrl\":\"https:\\\/\\\/secure.gravatar.com\\\/avatar\\\/957ffa3fc16f59afe731c0b7b5e2dcb9a0efedb2044cc566d87841dbca098b71?s=96&d=mm&r=g\",\"caption\":\"EXPADD\"},\"sameAs\":[\"https:\\\/\\\/www.expadd.org\"],\"url\":\"https:\\\/\\\/www.expadd.org\\\/en\\\/author\\\/christo76\\\/\"}]}<\/script>\n<!-- \/ Yoast SEO plugin. -->","yoast_head_json":{"title":"EXPADD joins forces with the Marie Esther Foundation for the creation of an agroecological center in C\u00f4te d'Ivoire - EXPADD","robots":{"index":"index","follow":"follow","max-snippet":"max-snippet:-1","max-image-preview":"max-image-preview:large","max-video-preview":"max-video-preview:-1"},"canonical":"https:\/\/www.expadd.org\/en\/expadd-joins-forces-with-the-marie-esther-foundation-for-the-creation-of-an-agroecological-center-in-cote-divoire\/","og_locale":"en_US","og_type":"article","og_title":"EXPADD joins forces with the Marie Esther Foundation for the creation of an agroecological center in C\u00f4te d'Ivoire - EXPADD","og_description":"On April 12, 2022, in Aboud\u00e9, C\u00f4te d&#8217;Ivoire, the Executive Director of the Marie","og_url":"https:\/\/www.expadd.org\/en\/expadd-joins-forces-with-the-marie-esther-foundation-for-the-creation-of-an-agroecological-center-in-cote-divoire\/","og_site_name":"EXPADD","article_published_time":"2022-05-10T19:54:59+00:00","og_image":[{"width":1080,"height":810,"url":"https:\/\/www.expadd.org\/wp-content\/uploads\/2022\/05\/CENTRE-AGROECO-003.jpg","type":"image\/jpeg"}],"author":"EXPADD","twitter_card":"summary_large_image","twitter_misc":{"Written by":"EXPADD","Est. reading time":"1 minute"},"schema":{"@context":"https:\/\/schema.org","@graph":[{"@type":"Article","@id":"https:\/\/www.expadd.org\/en\/expadd-joins-forces-with-the-marie-esther-foundation-for-the-creation-of-an-agroecological-center-in-cote-divoire\/#article","isPartOf":{"@id":"https:\/\/www.expadd.org\/en\/expadd-joins-forces-with-the-marie-esther-foundation-for-the-creation-of-an-agroecological-center-in-cote-divoire\/"},"author":{"name":"EXPADD","@id":"https:\/\/www.expadd.org\/en\/#\/schema\/person\/9e3bf8e18172ddc6b0817fb431b09466"},"headline":"EXPADD joins forces with the Marie Esther Foundation for the creation of an agroecological center in C\u00f4te d&#8217;Ivoire","datePublished":"2022-05-10T19:54:59+00:00","mainEntityOfPage":{"@id":"https:\/\/www.expadd.org\/en\/expadd-joins-forces-with-the-marie-esther-foundation-for-the-creation-of-an-agroecological-center-in-cote-divoire\/"},"wordCount":259,"commentCount":0,"publisher":{"@id":"https:\/\/www.expadd.org\/en\/#organization"},"image":{"@id":"https:\/\/www.expadd.org\/en\/expadd-joins-forces-with-the-marie-esther-foundation-for-the-creation-of-an-agroecological-center-in-cote-divoire\/#primaryimage"},"thumbnailUrl":"https:\/\/www.expadd.org\/wp-content\/uploads\/2022\/05\/CENTRE-AGROECO-003.jpg","articleSection":["SUSTAINABLE DEV"],"inLanguage":"en-US","potentialAction":[{"@type":"CommentAction","name":"Comment","target":["https:\/\/www.expadd.org\/en\/expadd-joins-forces-with-the-marie-esther-foundation-for-the-creation-of-an-agroecological-center-in-cote-divoire\/#respond"]}]},{"@type":"WebPage","@id":"https:\/\/www.expadd.org\/en\/expadd-joins-forces-with-the-marie-esther-foundation-for-the-creation-of-an-agroecological-center-in-cote-divoire\/","url":"https:\/\/www.expadd.org\/en\/expadd-joins-forces-with-the-marie-esther-foundation-for-the-creation-of-an-agroecological-center-in-cote-divoire\/","name":"EXPADD joins forces with the Marie Esther Foundation for the creation of an agroecological center in C\u00f4te d'Ivoire - EXPADD","isPartOf":{"@id":"https:\/\/www.expadd.org\/en\/#website"},"primaryImageOfPage":{"@id":"https:\/\/www.expadd.org\/en\/expadd-joins-forces-with-the-marie-esther-foundation-for-the-creation-of-an-agroecological-center-in-cote-divoire\/#primaryimage"},"image":{"@id":"https:\/\/www.expadd.org\/en\/expadd-joins-forces-with-the-marie-esther-foundation-for-the-creation-of-an-agroecological-center-in-cote-divoire\/#primaryimage"},"thumbnailUrl":"https:\/\/www.expadd.org\/wp-content\/uploads\/2022\/05\/CENTRE-AGROECO-003.jpg","datePublished":"2022-05-10T19:54:59+00:00","breadcrumb":{"@id":"https:\/\/www.expadd.org\/en\/expadd-joins-forces-with-the-marie-esther-foundation-for-the-creation-of-an-agroecological-center-in-cote-divoire\/#breadcrumb"},"inLanguage":"en-US","potentialAction":[{"@type":"ReadAction","target":["https:\/\/www.expadd.org\/en\/expadd-joins-forces-with-the-marie-esther-foundation-for-the-creation-of-an-agroecological-center-in-cote-divoire\/"]}]},{"@type":"ImageObject","inLanguage":"en-US","@id":"https:\/\/www.expadd.org\/en\/expadd-joins-forces-with-the-marie-esther-foundation-for-the-creation-of-an-agroecological-center-in-cote-divoire\/#primaryimage","url":"https:\/\/www.expadd.org\/wp-content\/uploads\/2022\/05\/CENTRE-AGROECO-003.jpg","contentUrl":"https:\/\/www.expadd.org\/wp-content\/uploads\/2022\/05\/CENTRE-AGROECO-003.jpg","width":1080,"height":810},{"@type":"BreadcrumbList","@id":"https:\/\/www.expadd.org\/en\/expadd-joins-forces-with-the-marie-esther-foundation-for-the-creation-of-an-agroecological-center-in-cote-divoire\/#breadcrumb","itemListElement":[{"@type":"ListItem","position":1,"name":"Accueil","item":"https:\/\/www.expadd.org\/en\/"},{"@type":"ListItem","position":2,"name":"EXPADD joins forces with the Marie Esther Foundation for the creation of an agroecological center in C\u00f4te d&#8217;Ivoire"}]},{"@type":"WebSite","@id":"https:\/\/www.expadd.org\/en\/#website","url":"https:\/\/www.expadd.org\/en\/","name":"EXPADD","description":"Pour B\u00e2tir une soci\u00e9t\u00e9 Africaine durable","publisher":{"@id":"https:\/\/www.expadd.org\/en\/#organization"},"potentialAction":[{"@type":"SearchAction","target":{"@type":"EntryPoint","urlTemplate":"https:\/\/www.expadd.org\/en\/?s={search_term_string}"},"query-input":{"@type":"PropertyValueSpecification","valueRequired":true,"valueName":"search_term_string"}}],"inLanguage":"en-US"},{"@type":"Organization","@id":"https:\/\/www.expadd.org\/en\/#organization","name":"EXPERTS D'AFRIQUE POUR LE DEVELOPPEMENT DURABLE","url":"https:\/\/www.expadd.org\/en\/","logo":{"@type":"ImageObject","inLanguage":"en-US","@id":"https:\/\/www.expadd.org\/en\/#\/schema\/logo\/image\/","url":"https:\/\/www.expadd.org\/wp-content\/uploads\/2021\/05\/cropped-cropped-cropped-cropped-cropped-Capture-decran-2021-03-13-a-20.44.36-2.png","contentUrl":"https:\/\/www.expadd.org\/wp-content\/uploads\/2021\/05\/cropped-cropped-cropped-cropped-cropped-Capture-decran-2021-03-13-a-20.44.36-2.png","width":1919,"height":1374,"caption":"EXPERTS D'AFRIQUE POUR LE DEVELOPPEMENT DURABLE"},"image":{"@id":"https:\/\/www.expadd.org\/en\/#\/schema\/logo\/image\/"}},{"@type":"Person","@id":"https:\/\/www.expadd.org\/en\/#\/schema\/person\/9e3bf8e18172ddc6b0817fb431b09466","name":"EXPADD","image":{"@type":"ImageObject","inLanguage":"en-US","@id":"https:\/\/secure.gravatar.com\/avatar\/957ffa3fc16f59afe731c0b7b5e2dcb9a0efedb2044cc566d87841dbca098b71?s=96&d=mm&r=g","url":"https:\/\/secure.gravatar.com\/avatar\/957ffa3fc16f59afe731c0b7b5e2dcb9a0efedb2044cc566d87841dbca098b71?s=96&d=mm&r=g","contentUrl":"https:\/\/secure.gravatar.com\/avatar\/957ffa3fc16f59afe731c0b7b5e2dcb9a0efedb2044cc566d87841dbca098b71?s=96&d=mm&r=g","caption":"EXPADD"},"sameAs":["https:\/\/www.expadd.org"],"url":"https:\/\/www.expadd.org\/en\/author\/christo76\/"}]}},"_links":{"self":[{"href":"https:\/\/www.expadd.org\/en\/wp-json\/wp\/v2\/posts\/7736","targetHints":{"allow":["GET"]}}],"collection":[{"href":"https:\/\/www.expadd.org\/en\/wp-json\/wp\/v2\/posts"}],"about":[{"href":"https:\/\/www.expadd.org\/en\/wp-json\/wp\/v2\/types\/post"}],"author":[{"embeddable":true,"href":"https:\/\/www.expadd.org\/en\/wp-json\/wp\/v2\/users\/1"}],"replies":[{"embeddable":true,"href":"https:\/\/www.expadd.org\/en\/wp-json\/wp\/v2\/comments?post=7736"}],"version-history":[{"count":0,"href":"https:\/\/www.expadd.org\/en\/wp-json\/wp\/v2\/posts\/7736\/revisions"}],"wp:featuredmedia":[{"embeddable":true,"href":"https:\/\/www.expadd.org\/en\/wp-json\/wp\/v2\/media\/7734"}],"wp:attachment":[{"href":"https:\/\/www.expadd.org\/en\/wp-json\/wp\/v2\/media?parent=7736"}],"wp:term":[{"taxonomy":"category","embeddable":true,"href":"https:\/\/www.expadd.org\/en\/wp-json\/wp\/v2\/categories?post=7736"},{"taxonomy":"post_tag","embeddable":true,"href":"https:\/\/www.expadd.org\/en\/wp-json\/wp\/v2\/tags?post=7736"}],"curies":[{"name":"wp","href":"https:\/\/api.w.org\/{rel}","templated":true}]}}