{"id":7730,"date":"2022-05-10T17:42:33","date_gmt":"2022-05-10T17:42:33","guid":{"rendered":"https:\/\/www.expadd.org\/cote-divoire-cop15-against-desertification-opens-in-abidjan\/"},"modified":"2022-05-10T17:42:34","modified_gmt":"2022-05-10T17:42:34","slug":"cote-divoire-cop15-against-desertification-opens-in-abidjan","status":"publish","type":"post","link":"https:\/\/www.expadd.org\/en\/cote-divoire-cop15-against-desertification-opens-in-abidjan\/","title":{"rendered":"C\u00f4te d&#8217;Ivoire: COP15 against desertification opens in Abidjan"},"content":{"rendered":"<p>Source: Le Monde Africa, May 2022<\/p>\n<header class=\"article__header \">\n<div class=\"article__header-wrap\">\n<div class=\"article__heading\">\n<p class=\"article__desc\">Nine African heads of state, including those of Niger, DRC and Togo, are expected around Ivorian President Alassane Ouattara<\/p>\n<\/div>\n<\/div>\n<\/header>\n<section class=\"article__wrapper \">\n<article class=\"article__content old__article-content-single\">\n<p class=\"article__paragraph \">The COP15 against deforestation opens Monday, May 9 in Abidjan, in the presence of several heads of state, to try to take concrete action in the face of rapid land degradation and its harmful consequences for biodiversity and populations. Less known than <em>\u201cbig sister\u201d<\/em> on the climate, this 15<sup>he<\/sup> Conference of the Parties (COP) of the United Nations Convention to Combat Desertification (UNCCD), addresses issues that are just as crucial at a time when the UN estimates that 40% of the world&#8217;s land is degraded.<\/p>\n<p><a href=\"https:\/\/www.lemonde.fr\/afrique\/article\/2022\/05\/09\/cote-d-ivoire-la-cop15-contre-la-desertification-s-ouvre-a-abidjan_6125312_3212.html\">Ivory Coast: COP15 against desertification opens in Abidjan (lemonde.fr)<\/a><\/p>\n<\/article>\n<\/section>\n","protected":false},"excerpt":{"rendered":"<p>Source: Le Monde Africa, May 2022 Nine African heads of state, including those of<\/p>\n","protected":false},"author":1,"featured_media":7728,"comment_status":"open","ping_status":"open","sticky":false,"template":"","format":"standard","meta":{"content-type":"","footnotes":""},"categories":[134],"tags":[],"class_list":["post-7730","post","type-post","status-publish","format-standard","has-post-thumbnail","hentry","category-preservation-of-the-environment"],"yoast_head":"<!-- This site is optimized with the Yoast SEO plugin v27.5 - https:\/\/yoast.com\/product\/yoast-seo-wordpress\/ -->\n<title>C\u00f4te d&#039;Ivoire: COP15 against desertification opens in Abidjan - EXPADD<\/title>\n<meta name=\"robots\" content=\"index, follow, max-snippet:-1, max-image-preview:large, max-video-preview:-1\" \/>\n<link rel=\"canonical\" href=\"https:\/\/www.expadd.org\/en\/cote-divoire-cop15-against-desertification-opens-in-abidjan\/\" \/>\n<meta property=\"og:locale\" content=\"en_US\" \/>\n<meta property=\"og:type\" content=\"article\" \/>\n<meta property=\"og:title\" content=\"C\u00f4te d&#039;Ivoire: COP15 against desertification opens in Abidjan - EXPADD\" \/>\n<meta property=\"og:description\" content=\"Source: Le Monde Africa, May 2022 Nine African heads of state, including those of\" \/>\n<meta property=\"og:url\" content=\"https:\/\/www.expadd.org\/en\/cote-divoire-cop15-against-desertification-opens-in-abidjan\/\" \/>\n<meta property=\"og:site_name\" content=\"EXPADD\" \/>\n<meta property=\"article:published_time\" content=\"2022-05-10T17:42:33+00:00\" \/>\n<meta property=\"article:modified_time\" content=\"2022-05-10T17:42:34+00:00\" \/>\n<meta property=\"og:image\" content=\"https:\/\/www.expadd.org\/wp-content\/uploads\/2022\/05\/PHOTO-153.jpg\" \/>\n\t<meta property=\"og:image:width\" content=\"289\" \/>\n\t<meta property=\"og:image:height\" content=\"174\" \/>\n\t<meta property=\"og:image:type\" content=\"image\/jpeg\" \/>\n<meta name=\"author\" content=\"EXPADD\" \/>\n<meta name=\"twitter:card\" content=\"summary_large_image\" \/>\n<meta name=\"twitter:label1\" content=\"Written by\" \/>\n\t<meta name=\"twitter:data1\" content=\"EXPADD\" \/>\n\t<meta name=\"twitter:label2\" content=\"Est. reading time\" \/>\n\t<meta name=\"twitter:data2\" content=\"1 minute\" \/>\n<script type=\"application\/ld+json\" class=\"yoast-schema-graph\">{\"@context\":\"https:\\\/\\\/schema.org\",\"@graph\":[{\"@type\":\"Article\",\"@id\":\"https:\\\/\\\/www.expadd.org\\\/en\\\/cote-divoire-cop15-against-desertification-opens-in-abidjan\\\/#article\",\"isPartOf\":{\"@id\":\"https:\\\/\\\/www.expadd.org\\\/en\\\/cote-divoire-cop15-against-desertification-opens-in-abidjan\\\/\"},\"author\":{\"name\":\"EXPADD\",\"@id\":\"https:\\\/\\\/www.expadd.org\\\/en\\\/#\\\/schema\\\/person\\\/9e3bf8e18172ddc6b0817fb431b09466\"},\"headline\":\"C\u00f4te d&#8217;Ivoire: COP15 against desertification opens in Abidjan\",\"datePublished\":\"2022-05-10T17:42:33+00:00\",\"dateModified\":\"2022-05-10T17:42:34+00:00\",\"mainEntityOfPage\":{\"@id\":\"https:\\\/\\\/www.expadd.org\\\/en\\\/cote-divoire-cop15-against-desertification-opens-in-abidjan\\\/\"},\"wordCount\":128,\"commentCount\":0,\"publisher\":{\"@id\":\"https:\\\/\\\/www.expadd.org\\\/en\\\/#organization\"},\"image\":{\"@id\":\"https:\\\/\\\/www.expadd.org\\\/en\\\/cote-divoire-cop15-against-desertification-opens-in-abidjan\\\/#primaryimage\"},\"thumbnailUrl\":\"https:\\\/\\\/www.expadd.org\\\/wp-content\\\/uploads\\\/2022\\\/05\\\/PHOTO-153.jpg\",\"articleSection\":[\"PRESERVATION OF THE ENVIRONMENT\"],\"inLanguage\":\"en-US\",\"potentialAction\":[{\"@type\":\"CommentAction\",\"name\":\"Comment\",\"target\":[\"https:\\\/\\\/www.expadd.org\\\/en\\\/cote-divoire-cop15-against-desertification-opens-in-abidjan\\\/#respond\"]}]},{\"@type\":\"WebPage\",\"@id\":\"https:\\\/\\\/www.expadd.org\\\/en\\\/cote-divoire-cop15-against-desertification-opens-in-abidjan\\\/\",\"url\":\"https:\\\/\\\/www.expadd.org\\\/en\\\/cote-divoire-cop15-against-desertification-opens-in-abidjan\\\/\",\"name\":\"C\u00f4te d'Ivoire: COP15 against desertification opens in Abidjan - EXPADD\",\"isPartOf\":{\"@id\":\"https:\\\/\\\/www.expadd.org\\\/en\\\/#website\"},\"primaryImageOfPage\":{\"@id\":\"https:\\\/\\\/www.expadd.org\\\/en\\\/cote-divoire-cop15-against-desertification-opens-in-abidjan\\\/#primaryimage\"},\"image\":{\"@id\":\"https:\\\/\\\/www.expadd.org\\\/en\\\/cote-divoire-cop15-against-desertification-opens-in-abidjan\\\/#primaryimage\"},\"thumbnailUrl\":\"https:\\\/\\\/www.expadd.org\\\/wp-content\\\/uploads\\\/2022\\\/05\\\/PHOTO-153.jpg\",\"datePublished\":\"2022-05-10T17:42:33+00:00\",\"dateModified\":\"2022-05-10T17:42:34+00:00\",\"breadcrumb\":{\"@id\":\"https:\\\/\\\/www.expadd.org\\\/en\\\/cote-divoire-cop15-against-desertification-opens-in-abidjan\\\/#breadcrumb\"},\"inLanguage\":\"en-US\",\"potentialAction\":[{\"@type\":\"ReadAction\",\"target\":[\"https:\\\/\\\/www.expadd.org\\\/en\\\/cote-divoire-cop15-against-desertification-opens-in-abidjan\\\/\"]}]},{\"@type\":\"ImageObject\",\"inLanguage\":\"en-US\",\"@id\":\"https:\\\/\\\/www.expadd.org\\\/en\\\/cote-divoire-cop15-against-desertification-opens-in-abidjan\\\/#primaryimage\",\"url\":\"https:\\\/\\\/www.expadd.org\\\/wp-content\\\/uploads\\\/2022\\\/05\\\/PHOTO-153.jpg\",\"contentUrl\":\"https:\\\/\\\/www.expadd.org\\\/wp-content\\\/uploads\\\/2022\\\/05\\\/PHOTO-153.jpg\",\"width\":289,\"height\":174},{\"@type\":\"BreadcrumbList\",\"@id\":\"https:\\\/\\\/www.expadd.org\\\/en\\\/cote-divoire-cop15-against-desertification-opens-in-abidjan\\\/#breadcrumb\",\"itemListElement\":[{\"@type\":\"ListItem\",\"position\":1,\"name\":\"Accueil\",\"item\":\"https:\\\/\\\/www.expadd.org\\\/en\\\/\"},{\"@type\":\"ListItem\",\"position\":2,\"name\":\"C\u00f4te d&#8217;Ivoire: COP15 against desertification opens in Abidjan\"}]},{\"@type\":\"WebSite\",\"@id\":\"https:\\\/\\\/www.expadd.org\\\/en\\\/#website\",\"url\":\"https:\\\/\\\/www.expadd.org\\\/en\\\/\",\"name\":\"EXPADD\",\"description\":\"Pour B\u00e2tir une soci\u00e9t\u00e9 Africaine durable\",\"publisher\":{\"@id\":\"https:\\\/\\\/www.expadd.org\\\/en\\\/#organization\"},\"potentialAction\":[{\"@type\":\"SearchAction\",\"target\":{\"@type\":\"EntryPoint\",\"urlTemplate\":\"https:\\\/\\\/www.expadd.org\\\/en\\\/?s={search_term_string}\"},\"query-input\":{\"@type\":\"PropertyValueSpecification\",\"valueRequired\":true,\"valueName\":\"search_term_string\"}}],\"inLanguage\":\"en-US\"},{\"@type\":\"Organization\",\"@id\":\"https:\\\/\\\/www.expadd.org\\\/en\\\/#organization\",\"name\":\"EXPERTS D'AFRIQUE POUR LE DEVELOPPEMENT DURABLE\",\"url\":\"https:\\\/\\\/www.expadd.org\\\/en\\\/\",\"logo\":{\"@type\":\"ImageObject\",\"inLanguage\":\"en-US\",\"@id\":\"https:\\\/\\\/www.expadd.org\\\/en\\\/#\\\/schema\\\/logo\\\/image\\\/\",\"url\":\"https:\\\/\\\/www.expadd.org\\\/wp-content\\\/uploads\\\/2021\\\/05\\\/cropped-cropped-cropped-cropped-cropped-Capture-decran-2021-03-13-a-20.44.36-2.png\",\"contentUrl\":\"https:\\\/\\\/www.expadd.org\\\/wp-content\\\/uploads\\\/2021\\\/05\\\/cropped-cropped-cropped-cropped-cropped-Capture-decran-2021-03-13-a-20.44.36-2.png\",\"width\":1919,\"height\":1374,\"caption\":\"EXPERTS D'AFRIQUE POUR LE DEVELOPPEMENT DURABLE\"},\"image\":{\"@id\":\"https:\\\/\\\/www.expadd.org\\\/en\\\/#\\\/schema\\\/logo\\\/image\\\/\"}},{\"@type\":\"Person\",\"@id\":\"https:\\\/\\\/www.expadd.org\\\/en\\\/#\\\/schema\\\/person\\\/9e3bf8e18172ddc6b0817fb431b09466\",\"name\":\"EXPADD\",\"image\":{\"@type\":\"ImageObject\",\"inLanguage\":\"en-US\",\"@id\":\"https:\\\/\\\/secure.gravatar.com\\\/avatar\\\/957ffa3fc16f59afe731c0b7b5e2dcb9a0efedb2044cc566d87841dbca098b71?s=96&d=mm&r=g\",\"url\":\"https:\\\/\\\/secure.gravatar.com\\\/avatar\\\/957ffa3fc16f59afe731c0b7b5e2dcb9a0efedb2044cc566d87841dbca098b71?s=96&d=mm&r=g\",\"contentUrl\":\"https:\\\/\\\/secure.gravatar.com\\\/avatar\\\/957ffa3fc16f59afe731c0b7b5e2dcb9a0efedb2044cc566d87841dbca098b71?s=96&d=mm&r=g\",\"caption\":\"EXPADD\"},\"sameAs\":[\"https:\\\/\\\/www.expadd.org\"],\"url\":\"https:\\\/\\\/www.expadd.org\\\/en\\\/author\\\/christo76\\\/\"}]}<\/script>\n<!-- \/ Yoast SEO plugin. -->","yoast_head_json":{"title":"C\u00f4te d'Ivoire: COP15 against desertification opens in Abidjan - EXPADD","robots":{"index":"index","follow":"follow","max-snippet":"max-snippet:-1","max-image-preview":"max-image-preview:large","max-video-preview":"max-video-preview:-1"},"canonical":"https:\/\/www.expadd.org\/en\/cote-divoire-cop15-against-desertification-opens-in-abidjan\/","og_locale":"en_US","og_type":"article","og_title":"C\u00f4te d'Ivoire: COP15 against desertification opens in Abidjan - EXPADD","og_description":"Source: Le Monde Africa, May 2022 Nine African heads of state, including those of","og_url":"https:\/\/www.expadd.org\/en\/cote-divoire-cop15-against-desertification-opens-in-abidjan\/","og_site_name":"EXPADD","article_published_time":"2022-05-10T17:42:33+00:00","article_modified_time":"2022-05-10T17:42:34+00:00","og_image":[{"width":289,"height":174,"url":"https:\/\/www.expadd.org\/wp-content\/uploads\/2022\/05\/PHOTO-153.jpg","type":"image\/jpeg"}],"author":"EXPADD","twitter_card":"summary_large_image","twitter_misc":{"Written by":"EXPADD","Est. reading time":"1 minute"},"schema":{"@context":"https:\/\/schema.org","@graph":[{"@type":"Article","@id":"https:\/\/www.expadd.org\/en\/cote-divoire-cop15-against-desertification-opens-in-abidjan\/#article","isPartOf":{"@id":"https:\/\/www.expadd.org\/en\/cote-divoire-cop15-against-desertification-opens-in-abidjan\/"},"author":{"name":"EXPADD","@id":"https:\/\/www.expadd.org\/en\/#\/schema\/person\/9e3bf8e18172ddc6b0817fb431b09466"},"headline":"C\u00f4te d&#8217;Ivoire: COP15 against desertification opens in Abidjan","datePublished":"2022-05-10T17:42:33+00:00","dateModified":"2022-05-10T17:42:34+00:00","mainEntityOfPage":{"@id":"https:\/\/www.expadd.org\/en\/cote-divoire-cop15-against-desertification-opens-in-abidjan\/"},"wordCount":128,"commentCount":0,"publisher":{"@id":"https:\/\/www.expadd.org\/en\/#organization"},"image":{"@id":"https:\/\/www.expadd.org\/en\/cote-divoire-cop15-against-desertification-opens-in-abidjan\/#primaryimage"},"thumbnailUrl":"https:\/\/www.expadd.org\/wp-content\/uploads\/2022\/05\/PHOTO-153.jpg","articleSection":["PRESERVATION OF THE ENVIRONMENT"],"inLanguage":"en-US","potentialAction":[{"@type":"CommentAction","name":"Comment","target":["https:\/\/www.expadd.org\/en\/cote-divoire-cop15-against-desertification-opens-in-abidjan\/#respond"]}]},{"@type":"WebPage","@id":"https:\/\/www.expadd.org\/en\/cote-divoire-cop15-against-desertification-opens-in-abidjan\/","url":"https:\/\/www.expadd.org\/en\/cote-divoire-cop15-against-desertification-opens-in-abidjan\/","name":"C\u00f4te d'Ivoire: COP15 against desertification opens in Abidjan - EXPADD","isPartOf":{"@id":"https:\/\/www.expadd.org\/en\/#website"},"primaryImageOfPage":{"@id":"https:\/\/www.expadd.org\/en\/cote-divoire-cop15-against-desertification-opens-in-abidjan\/#primaryimage"},"image":{"@id":"https:\/\/www.expadd.org\/en\/cote-divoire-cop15-against-desertification-opens-in-abidjan\/#primaryimage"},"thumbnailUrl":"https:\/\/www.expadd.org\/wp-content\/uploads\/2022\/05\/PHOTO-153.jpg","datePublished":"2022-05-10T17:42:33+00:00","dateModified":"2022-05-10T17:42:34+00:00","breadcrumb":{"@id":"https:\/\/www.expadd.org\/en\/cote-divoire-cop15-against-desertification-opens-in-abidjan\/#breadcrumb"},"inLanguage":"en-US","potentialAction":[{"@type":"ReadAction","target":["https:\/\/www.expadd.org\/en\/cote-divoire-cop15-against-desertification-opens-in-abidjan\/"]}]},{"@type":"ImageObject","inLanguage":"en-US","@id":"https:\/\/www.expadd.org\/en\/cote-divoire-cop15-against-desertification-opens-in-abidjan\/#primaryimage","url":"https:\/\/www.expadd.org\/wp-content\/uploads\/2022\/05\/PHOTO-153.jpg","contentUrl":"https:\/\/www.expadd.org\/wp-content\/uploads\/2022\/05\/PHOTO-153.jpg","width":289,"height":174},{"@type":"BreadcrumbList","@id":"https:\/\/www.expadd.org\/en\/cote-divoire-cop15-against-desertification-opens-in-abidjan\/#breadcrumb","itemListElement":[{"@type":"ListItem","position":1,"name":"Accueil","item":"https:\/\/www.expadd.org\/en\/"},{"@type":"ListItem","position":2,"name":"C\u00f4te d&#8217;Ivoire: COP15 against desertification opens in Abidjan"}]},{"@type":"WebSite","@id":"https:\/\/www.expadd.org\/en\/#website","url":"https:\/\/www.expadd.org\/en\/","name":"EXPADD","description":"Pour B\u00e2tir une soci\u00e9t\u00e9 Africaine durable","publisher":{"@id":"https:\/\/www.expadd.org\/en\/#organization"},"potentialAction":[{"@type":"SearchAction","target":{"@type":"EntryPoint","urlTemplate":"https:\/\/www.expadd.org\/en\/?s={search_term_string}"},"query-input":{"@type":"PropertyValueSpecification","valueRequired":true,"valueName":"search_term_string"}}],"inLanguage":"en-US"},{"@type":"Organization","@id":"https:\/\/www.expadd.org\/en\/#organization","name":"EXPERTS D'AFRIQUE POUR LE DEVELOPPEMENT DURABLE","url":"https:\/\/www.expadd.org\/en\/","logo":{"@type":"ImageObject","inLanguage":"en-US","@id":"https:\/\/www.expadd.org\/en\/#\/schema\/logo\/image\/","url":"https:\/\/www.expadd.org\/wp-content\/uploads\/2021\/05\/cropped-cropped-cropped-cropped-cropped-Capture-decran-2021-03-13-a-20.44.36-2.png","contentUrl":"https:\/\/www.expadd.org\/wp-content\/uploads\/2021\/05\/cropped-cropped-cropped-cropped-cropped-Capture-decran-2021-03-13-a-20.44.36-2.png","width":1919,"height":1374,"caption":"EXPERTS D'AFRIQUE POUR LE DEVELOPPEMENT DURABLE"},"image":{"@id":"https:\/\/www.expadd.org\/en\/#\/schema\/logo\/image\/"}},{"@type":"Person","@id":"https:\/\/www.expadd.org\/en\/#\/schema\/person\/9e3bf8e18172ddc6b0817fb431b09466","name":"EXPADD","image":{"@type":"ImageObject","inLanguage":"en-US","@id":"https:\/\/secure.gravatar.com\/avatar\/957ffa3fc16f59afe731c0b7b5e2dcb9a0efedb2044cc566d87841dbca098b71?s=96&d=mm&r=g","url":"https:\/\/secure.gravatar.com\/avatar\/957ffa3fc16f59afe731c0b7b5e2dcb9a0efedb2044cc566d87841dbca098b71?s=96&d=mm&r=g","contentUrl":"https:\/\/secure.gravatar.com\/avatar\/957ffa3fc16f59afe731c0b7b5e2dcb9a0efedb2044cc566d87841dbca098b71?s=96&d=mm&r=g","caption":"EXPADD"},"sameAs":["https:\/\/www.expadd.org"],"url":"https:\/\/www.expadd.org\/en\/author\/christo76\/"}]}},"_links":{"self":[{"href":"https:\/\/www.expadd.org\/en\/wp-json\/wp\/v2\/posts\/7730","targetHints":{"allow":["GET"]}}],"collection":[{"href":"https:\/\/www.expadd.org\/en\/wp-json\/wp\/v2\/posts"}],"about":[{"href":"https:\/\/www.expadd.org\/en\/wp-json\/wp\/v2\/types\/post"}],"author":[{"embeddable":true,"href":"https:\/\/www.expadd.org\/en\/wp-json\/wp\/v2\/users\/1"}],"replies":[{"embeddable":true,"href":"https:\/\/www.expadd.org\/en\/wp-json\/wp\/v2\/comments?post=7730"}],"version-history":[{"count":1,"href":"https:\/\/www.expadd.org\/en\/wp-json\/wp\/v2\/posts\/7730\/revisions"}],"predecessor-version":[{"id":7731,"href":"https:\/\/www.expadd.org\/en\/wp-json\/wp\/v2\/posts\/7730\/revisions\/7731"}],"wp:featuredmedia":[{"embeddable":true,"href":"https:\/\/www.expadd.org\/en\/wp-json\/wp\/v2\/media\/7728"}],"wp:attachment":[{"href":"https:\/\/www.expadd.org\/en\/wp-json\/wp\/v2\/media?parent=7730"}],"wp:term":[{"taxonomy":"category","embeddable":true,"href":"https:\/\/www.expadd.org\/en\/wp-json\/wp\/v2\/categories?post=7730"},{"taxonomy":"post_tag","embeddable":true,"href":"https:\/\/www.expadd.org\/en\/wp-json\/wp\/v2\/tags?post=7730"}],"curies":[{"name":"wp","href":"https:\/\/api.w.org\/{rel}","templated":true}]}}