{"id":6847,"date":"2021-12-25T14:38:35","date_gmt":"2021-12-25T14:38:35","guid":{"rendered":"https:\/\/www.expadd.org\/the-effects-of-climate-change-in-the-sahel\/"},"modified":"2021-12-26T17:39:12","modified_gmt":"2021-12-26T17:39:12","slug":"the-effects-of-climate-change-in-the-sahel","status":"publish","type":"post","link":"https:\/\/www.expadd.org\/en\/the-effects-of-climate-change-in-the-sahel\/","title":{"rendered":"The effects of climate change in the Sahel"},"content":{"rendered":"<p>Source: MOGED<\/p>\n<p>Climate change is one of the most pressing concerns in the world today. The effects of man&#8217;s actions in nature are felt in all regions. The concentration of greenhouse gases changes the average temperature of the planet, and consequently the climate. These changes are seen all over the globe, such as the rise in water levels, increasingly extreme temperatures, with harsher winters and hotter summers.<\/p>\n<p>Francophone countries are more diverse and for this reason they are affected differently. The government of Emmanuel Macron has been marked in recent years by the defense of the environment. France has suffered with the hotter summers and the burning of its vegetation. But it is not the most damaged region in terms of climate change among the French speaking countries. The Sahel, located in the north of the African continent, is experiencing a dramatic situation.<\/p>\n<p>Increased extreme rainfall and more severe droughts coupled with inadequate land use make the soil unable to absorb water, further modifying ecosystems. Environmental factors combined with poverty force people to move and cause a massive rural exodus. According to the Food and Agriculture Organization of the United Nations, FAO, 29.2 million people were food insecure in the Sahel.<\/p>\n","protected":false},"excerpt":{"rendered":"<p>Source: MOGED Climate change is one of the most pressing concerns in the world<\/p>\n","protected":false},"author":1,"featured_media":5510,"comment_status":"open","ping_status":"open","sticky":false,"template":"","format":"standard","meta":{"content-type":"","footnotes":""},"categories":[96],"tags":[],"class_list":["post-6847","post","type-post","status-publish","format-standard","has-post-thumbnail","hentry","category-climate-change"],"yoast_head":"<!-- This site is optimized with the Yoast SEO plugin v27.5 - https:\/\/yoast.com\/product\/yoast-seo-wordpress\/ -->\n<title>The effects of climate change in the Sahel - EXPADD<\/title>\n<meta name=\"robots\" content=\"index, follow, max-snippet:-1, max-image-preview:large, max-video-preview:-1\" \/>\n<link rel=\"canonical\" href=\"https:\/\/www.expadd.org\/en\/the-effects-of-climate-change-in-the-sahel\/\" \/>\n<meta property=\"og:locale\" content=\"en_US\" \/>\n<meta property=\"og:type\" content=\"article\" \/>\n<meta property=\"og:title\" content=\"The effects of climate change in the Sahel - EXPADD\" \/>\n<meta property=\"og:description\" content=\"Source: MOGED Climate change is one of the most pressing concerns in the world\" \/>\n<meta property=\"og:url\" content=\"https:\/\/www.expadd.org\/en\/the-effects-of-climate-change-in-the-sahel\/\" \/>\n<meta property=\"og:site_name\" content=\"EXPADD\" \/>\n<meta property=\"article:published_time\" content=\"2021-12-25T14:38:35+00:00\" \/>\n<meta property=\"article:modified_time\" content=\"2021-12-26T17:39:12+00:00\" \/>\n<meta property=\"og:image\" content=\"https:\/\/www.expadd.org\/wp-content\/uploads\/2021\/09\/EXPADD-IMAGE-009-scaled.jpg\" \/>\n\t<meta property=\"og:image:width\" content=\"2560\" \/>\n\t<meta property=\"og:image:height\" content=\"1440\" \/>\n\t<meta property=\"og:image:type\" content=\"image\/jpeg\" \/>\n<meta name=\"author\" content=\"EXPADD\" \/>\n<meta name=\"twitter:card\" content=\"summary_large_image\" \/>\n<meta name=\"twitter:label1\" content=\"Written by\" \/>\n\t<meta name=\"twitter:data1\" content=\"EXPADD\" \/>\n\t<meta name=\"twitter:label2\" content=\"Est. reading time\" \/>\n\t<meta name=\"twitter:data2\" content=\"1 minute\" \/>\n<script type=\"application\/ld+json\" class=\"yoast-schema-graph\">{\"@context\":\"https:\\\/\\\/schema.org\",\"@graph\":[{\"@type\":\"Article\",\"@id\":\"https:\\\/\\\/www.expadd.org\\\/en\\\/the-effects-of-climate-change-in-the-sahel\\\/#article\",\"isPartOf\":{\"@id\":\"https:\\\/\\\/www.expadd.org\\\/en\\\/the-effects-of-climate-change-in-the-sahel\\\/\"},\"author\":{\"name\":\"EXPADD\",\"@id\":\"https:\\\/\\\/www.expadd.org\\\/en\\\/#\\\/schema\\\/person\\\/9e3bf8e18172ddc6b0817fb431b09466\"},\"headline\":\"The effects of climate change in the Sahel\",\"datePublished\":\"2021-12-25T14:38:35+00:00\",\"dateModified\":\"2021-12-26T17:39:12+00:00\",\"mainEntityOfPage\":{\"@id\":\"https:\\\/\\\/www.expadd.org\\\/en\\\/the-effects-of-climate-change-in-the-sahel\\\/\"},\"wordCount\":209,\"commentCount\":0,\"publisher\":{\"@id\":\"https:\\\/\\\/www.expadd.org\\\/en\\\/#organization\"},\"image\":{\"@id\":\"https:\\\/\\\/www.expadd.org\\\/en\\\/the-effects-of-climate-change-in-the-sahel\\\/#primaryimage\"},\"thumbnailUrl\":\"https:\\\/\\\/www.expadd.org\\\/wp-content\\\/uploads\\\/2021\\\/09\\\/EXPADD-IMAGE-009-scaled.jpg\",\"articleSection\":[\"CLIMATE CHANGE\"],\"inLanguage\":\"en-US\",\"potentialAction\":[{\"@type\":\"CommentAction\",\"name\":\"Comment\",\"target\":[\"https:\\\/\\\/www.expadd.org\\\/en\\\/the-effects-of-climate-change-in-the-sahel\\\/#respond\"]}]},{\"@type\":\"WebPage\",\"@id\":\"https:\\\/\\\/www.expadd.org\\\/en\\\/the-effects-of-climate-change-in-the-sahel\\\/\",\"url\":\"https:\\\/\\\/www.expadd.org\\\/en\\\/the-effects-of-climate-change-in-the-sahel\\\/\",\"name\":\"The effects of climate change in the Sahel - EXPADD\",\"isPartOf\":{\"@id\":\"https:\\\/\\\/www.expadd.org\\\/en\\\/#website\"},\"primaryImageOfPage\":{\"@id\":\"https:\\\/\\\/www.expadd.org\\\/en\\\/the-effects-of-climate-change-in-the-sahel\\\/#primaryimage\"},\"image\":{\"@id\":\"https:\\\/\\\/www.expadd.org\\\/en\\\/the-effects-of-climate-change-in-the-sahel\\\/#primaryimage\"},\"thumbnailUrl\":\"https:\\\/\\\/www.expadd.org\\\/wp-content\\\/uploads\\\/2021\\\/09\\\/EXPADD-IMAGE-009-scaled.jpg\",\"datePublished\":\"2021-12-25T14:38:35+00:00\",\"dateModified\":\"2021-12-26T17:39:12+00:00\",\"breadcrumb\":{\"@id\":\"https:\\\/\\\/www.expadd.org\\\/en\\\/the-effects-of-climate-change-in-the-sahel\\\/#breadcrumb\"},\"inLanguage\":\"en-US\",\"potentialAction\":[{\"@type\":\"ReadAction\",\"target\":[\"https:\\\/\\\/www.expadd.org\\\/en\\\/the-effects-of-climate-change-in-the-sahel\\\/\"]}]},{\"@type\":\"ImageObject\",\"inLanguage\":\"en-US\",\"@id\":\"https:\\\/\\\/www.expadd.org\\\/en\\\/the-effects-of-climate-change-in-the-sahel\\\/#primaryimage\",\"url\":\"https:\\\/\\\/www.expadd.org\\\/wp-content\\\/uploads\\\/2021\\\/09\\\/EXPADD-IMAGE-009-scaled.jpg\",\"contentUrl\":\"https:\\\/\\\/www.expadd.org\\\/wp-content\\\/uploads\\\/2021\\\/09\\\/EXPADD-IMAGE-009-scaled.jpg\",\"width\":2560,\"height\":1440},{\"@type\":\"BreadcrumbList\",\"@id\":\"https:\\\/\\\/www.expadd.org\\\/en\\\/the-effects-of-climate-change-in-the-sahel\\\/#breadcrumb\",\"itemListElement\":[{\"@type\":\"ListItem\",\"position\":1,\"name\":\"Accueil\",\"item\":\"https:\\\/\\\/www.expadd.org\\\/en\\\/\"},{\"@type\":\"ListItem\",\"position\":2,\"name\":\"The effects of climate change in the Sahel\"}]},{\"@type\":\"WebSite\",\"@id\":\"https:\\\/\\\/www.expadd.org\\\/en\\\/#website\",\"url\":\"https:\\\/\\\/www.expadd.org\\\/en\\\/\",\"name\":\"EXPADD\",\"description\":\"Pour B\u00e2tir une soci\u00e9t\u00e9 Africaine durable\",\"publisher\":{\"@id\":\"https:\\\/\\\/www.expadd.org\\\/en\\\/#organization\"},\"potentialAction\":[{\"@type\":\"SearchAction\",\"target\":{\"@type\":\"EntryPoint\",\"urlTemplate\":\"https:\\\/\\\/www.expadd.org\\\/en\\\/?s={search_term_string}\"},\"query-input\":{\"@type\":\"PropertyValueSpecification\",\"valueRequired\":true,\"valueName\":\"search_term_string\"}}],\"inLanguage\":\"en-US\"},{\"@type\":\"Organization\",\"@id\":\"https:\\\/\\\/www.expadd.org\\\/en\\\/#organization\",\"name\":\"EXPERTS D'AFRIQUE POUR LE DEVELOPPEMENT DURABLE\",\"url\":\"https:\\\/\\\/www.expadd.org\\\/en\\\/\",\"logo\":{\"@type\":\"ImageObject\",\"inLanguage\":\"en-US\",\"@id\":\"https:\\\/\\\/www.expadd.org\\\/en\\\/#\\\/schema\\\/logo\\\/image\\\/\",\"url\":\"https:\\\/\\\/www.expadd.org\\\/wp-content\\\/uploads\\\/2021\\\/05\\\/cropped-cropped-cropped-cropped-cropped-Capture-decran-2021-03-13-a-20.44.36-2.png\",\"contentUrl\":\"https:\\\/\\\/www.expadd.org\\\/wp-content\\\/uploads\\\/2021\\\/05\\\/cropped-cropped-cropped-cropped-cropped-Capture-decran-2021-03-13-a-20.44.36-2.png\",\"width\":1919,\"height\":1374,\"caption\":\"EXPERTS D'AFRIQUE POUR LE DEVELOPPEMENT DURABLE\"},\"image\":{\"@id\":\"https:\\\/\\\/www.expadd.org\\\/en\\\/#\\\/schema\\\/logo\\\/image\\\/\"}},{\"@type\":\"Person\",\"@id\":\"https:\\\/\\\/www.expadd.org\\\/en\\\/#\\\/schema\\\/person\\\/9e3bf8e18172ddc6b0817fb431b09466\",\"name\":\"EXPADD\",\"image\":{\"@type\":\"ImageObject\",\"inLanguage\":\"en-US\",\"@id\":\"https:\\\/\\\/secure.gravatar.com\\\/avatar\\\/957ffa3fc16f59afe731c0b7b5e2dcb9a0efedb2044cc566d87841dbca098b71?s=96&d=mm&r=g\",\"url\":\"https:\\\/\\\/secure.gravatar.com\\\/avatar\\\/957ffa3fc16f59afe731c0b7b5e2dcb9a0efedb2044cc566d87841dbca098b71?s=96&d=mm&r=g\",\"contentUrl\":\"https:\\\/\\\/secure.gravatar.com\\\/avatar\\\/957ffa3fc16f59afe731c0b7b5e2dcb9a0efedb2044cc566d87841dbca098b71?s=96&d=mm&r=g\",\"caption\":\"EXPADD\"},\"sameAs\":[\"https:\\\/\\\/www.expadd.org\"],\"url\":\"https:\\\/\\\/www.expadd.org\\\/en\\\/author\\\/christo76\\\/\"}]}<\/script>\n<!-- \/ Yoast SEO plugin. -->","yoast_head_json":{"title":"The effects of climate change in the Sahel - EXPADD","robots":{"index":"index","follow":"follow","max-snippet":"max-snippet:-1","max-image-preview":"max-image-preview:large","max-video-preview":"max-video-preview:-1"},"canonical":"https:\/\/www.expadd.org\/en\/the-effects-of-climate-change-in-the-sahel\/","og_locale":"en_US","og_type":"article","og_title":"The effects of climate change in the Sahel - EXPADD","og_description":"Source: MOGED Climate change is one of the most pressing concerns in the world","og_url":"https:\/\/www.expadd.org\/en\/the-effects-of-climate-change-in-the-sahel\/","og_site_name":"EXPADD","article_published_time":"2021-12-25T14:38:35+00:00","article_modified_time":"2021-12-26T17:39:12+00:00","og_image":[{"width":2560,"height":1440,"url":"https:\/\/www.expadd.org\/wp-content\/uploads\/2021\/09\/EXPADD-IMAGE-009-scaled.jpg","type":"image\/jpeg"}],"author":"EXPADD","twitter_card":"summary_large_image","twitter_misc":{"Written by":"EXPADD","Est. reading time":"1 minute"},"schema":{"@context":"https:\/\/schema.org","@graph":[{"@type":"Article","@id":"https:\/\/www.expadd.org\/en\/the-effects-of-climate-change-in-the-sahel\/#article","isPartOf":{"@id":"https:\/\/www.expadd.org\/en\/the-effects-of-climate-change-in-the-sahel\/"},"author":{"name":"EXPADD","@id":"https:\/\/www.expadd.org\/en\/#\/schema\/person\/9e3bf8e18172ddc6b0817fb431b09466"},"headline":"The effects of climate change in the Sahel","datePublished":"2021-12-25T14:38:35+00:00","dateModified":"2021-12-26T17:39:12+00:00","mainEntityOfPage":{"@id":"https:\/\/www.expadd.org\/en\/the-effects-of-climate-change-in-the-sahel\/"},"wordCount":209,"commentCount":0,"publisher":{"@id":"https:\/\/www.expadd.org\/en\/#organization"},"image":{"@id":"https:\/\/www.expadd.org\/en\/the-effects-of-climate-change-in-the-sahel\/#primaryimage"},"thumbnailUrl":"https:\/\/www.expadd.org\/wp-content\/uploads\/2021\/09\/EXPADD-IMAGE-009-scaled.jpg","articleSection":["CLIMATE CHANGE"],"inLanguage":"en-US","potentialAction":[{"@type":"CommentAction","name":"Comment","target":["https:\/\/www.expadd.org\/en\/the-effects-of-climate-change-in-the-sahel\/#respond"]}]},{"@type":"WebPage","@id":"https:\/\/www.expadd.org\/en\/the-effects-of-climate-change-in-the-sahel\/","url":"https:\/\/www.expadd.org\/en\/the-effects-of-climate-change-in-the-sahel\/","name":"The effects of climate change in the Sahel - EXPADD","isPartOf":{"@id":"https:\/\/www.expadd.org\/en\/#website"},"primaryImageOfPage":{"@id":"https:\/\/www.expadd.org\/en\/the-effects-of-climate-change-in-the-sahel\/#primaryimage"},"image":{"@id":"https:\/\/www.expadd.org\/en\/the-effects-of-climate-change-in-the-sahel\/#primaryimage"},"thumbnailUrl":"https:\/\/www.expadd.org\/wp-content\/uploads\/2021\/09\/EXPADD-IMAGE-009-scaled.jpg","datePublished":"2021-12-25T14:38:35+00:00","dateModified":"2021-12-26T17:39:12+00:00","breadcrumb":{"@id":"https:\/\/www.expadd.org\/en\/the-effects-of-climate-change-in-the-sahel\/#breadcrumb"},"inLanguage":"en-US","potentialAction":[{"@type":"ReadAction","target":["https:\/\/www.expadd.org\/en\/the-effects-of-climate-change-in-the-sahel\/"]}]},{"@type":"ImageObject","inLanguage":"en-US","@id":"https:\/\/www.expadd.org\/en\/the-effects-of-climate-change-in-the-sahel\/#primaryimage","url":"https:\/\/www.expadd.org\/wp-content\/uploads\/2021\/09\/EXPADD-IMAGE-009-scaled.jpg","contentUrl":"https:\/\/www.expadd.org\/wp-content\/uploads\/2021\/09\/EXPADD-IMAGE-009-scaled.jpg","width":2560,"height":1440},{"@type":"BreadcrumbList","@id":"https:\/\/www.expadd.org\/en\/the-effects-of-climate-change-in-the-sahel\/#breadcrumb","itemListElement":[{"@type":"ListItem","position":1,"name":"Accueil","item":"https:\/\/www.expadd.org\/en\/"},{"@type":"ListItem","position":2,"name":"The effects of climate change in the Sahel"}]},{"@type":"WebSite","@id":"https:\/\/www.expadd.org\/en\/#website","url":"https:\/\/www.expadd.org\/en\/","name":"EXPADD","description":"Pour B\u00e2tir une soci\u00e9t\u00e9 Africaine durable","publisher":{"@id":"https:\/\/www.expadd.org\/en\/#organization"},"potentialAction":[{"@type":"SearchAction","target":{"@type":"EntryPoint","urlTemplate":"https:\/\/www.expadd.org\/en\/?s={search_term_string}"},"query-input":{"@type":"PropertyValueSpecification","valueRequired":true,"valueName":"search_term_string"}}],"inLanguage":"en-US"},{"@type":"Organization","@id":"https:\/\/www.expadd.org\/en\/#organization","name":"EXPERTS D'AFRIQUE POUR LE DEVELOPPEMENT DURABLE","url":"https:\/\/www.expadd.org\/en\/","logo":{"@type":"ImageObject","inLanguage":"en-US","@id":"https:\/\/www.expadd.org\/en\/#\/schema\/logo\/image\/","url":"https:\/\/www.expadd.org\/wp-content\/uploads\/2021\/05\/cropped-cropped-cropped-cropped-cropped-Capture-decran-2021-03-13-a-20.44.36-2.png","contentUrl":"https:\/\/www.expadd.org\/wp-content\/uploads\/2021\/05\/cropped-cropped-cropped-cropped-cropped-Capture-decran-2021-03-13-a-20.44.36-2.png","width":1919,"height":1374,"caption":"EXPERTS D'AFRIQUE POUR LE DEVELOPPEMENT DURABLE"},"image":{"@id":"https:\/\/www.expadd.org\/en\/#\/schema\/logo\/image\/"}},{"@type":"Person","@id":"https:\/\/www.expadd.org\/en\/#\/schema\/person\/9e3bf8e18172ddc6b0817fb431b09466","name":"EXPADD","image":{"@type":"ImageObject","inLanguage":"en-US","@id":"https:\/\/secure.gravatar.com\/avatar\/957ffa3fc16f59afe731c0b7b5e2dcb9a0efedb2044cc566d87841dbca098b71?s=96&d=mm&r=g","url":"https:\/\/secure.gravatar.com\/avatar\/957ffa3fc16f59afe731c0b7b5e2dcb9a0efedb2044cc566d87841dbca098b71?s=96&d=mm&r=g","contentUrl":"https:\/\/secure.gravatar.com\/avatar\/957ffa3fc16f59afe731c0b7b5e2dcb9a0efedb2044cc566d87841dbca098b71?s=96&d=mm&r=g","caption":"EXPADD"},"sameAs":["https:\/\/www.expadd.org"],"url":"https:\/\/www.expadd.org\/en\/author\/christo76\/"}]}},"_links":{"self":[{"href":"https:\/\/www.expadd.org\/en\/wp-json\/wp\/v2\/posts\/6847","targetHints":{"allow":["GET"]}}],"collection":[{"href":"https:\/\/www.expadd.org\/en\/wp-json\/wp\/v2\/posts"}],"about":[{"href":"https:\/\/www.expadd.org\/en\/wp-json\/wp\/v2\/types\/post"}],"author":[{"embeddable":true,"href":"https:\/\/www.expadd.org\/en\/wp-json\/wp\/v2\/users\/1"}],"replies":[{"embeddable":true,"href":"https:\/\/www.expadd.org\/en\/wp-json\/wp\/v2\/comments?post=6847"}],"version-history":[{"count":1,"href":"https:\/\/www.expadd.org\/en\/wp-json\/wp\/v2\/posts\/6847\/revisions"}],"predecessor-version":[{"id":6850,"href":"https:\/\/www.expadd.org\/en\/wp-json\/wp\/v2\/posts\/6847\/revisions\/6850"}],"wp:featuredmedia":[{"embeddable":true,"href":"https:\/\/www.expadd.org\/en\/wp-json\/wp\/v2\/media\/5510"}],"wp:attachment":[{"href":"https:\/\/www.expadd.org\/en\/wp-json\/wp\/v2\/media?parent=6847"}],"wp:term":[{"taxonomy":"category","embeddable":true,"href":"https:\/\/www.expadd.org\/en\/wp-json\/wp\/v2\/categories?post=6847"},{"taxonomy":"post_tag","embeddable":true,"href":"https:\/\/www.expadd.org\/en\/wp-json\/wp\/v2\/tags?post=6847"}],"curies":[{"name":"wp","href":"https:\/\/api.w.org\/{rel}","templated":true}]}}