{"id":6562,"date":"2021-12-25T14:38:03","date_gmt":"2021-12-25T14:38:03","guid":{"rendered":"https:\/\/www.expadd.org\/universal-access-to-sustainable-energy-and-socio-economic-inequalities-tracking-sdg7\/"},"modified":"2021-12-26T18:18:45","modified_gmt":"2021-12-26T18:18:45","slug":"universal-access-to-sustainable-energy-and-socio-economic-inequalities-tracking-sdg7","status":"publish","type":"post","link":"https:\/\/www.expadd.org\/en\/universal-access-to-sustainable-energy-and-socio-economic-inequalities-tracking-sdg7\/","title":{"rendered":"Universal access to sustainable energy and socio-economic inequalities (Tracking SDG7)"},"content":{"rendered":"<p>Source: WHO, 2021<\/p>\n<h2>Universal access to sustainable energy will remain out of reach until inequalities are ironed out, says Tracking SDG7 report<\/h2>\n<p>&nbsp;<\/p>\n<p>Read the article<\/p>\n<p><a href=\"https:\/\/www.who.int\/fr\/news\/item\/07-06-2021-global-launch-tracking-sdg7-the-energy-progress-report\">Universal access to sustainable energy will remain out of reach until inequalities are ironed out, says Tracking SDG7 report (who.int)<\/a><\/p>\n","protected":false},"excerpt":{"rendered":"<p>Source: WHO, 2021 Universal access to sustainable energy will remain out of reach until<\/p>\n","protected":false},"author":1,"featured_media":5528,"comment_status":"open","ping_status":"open","sticky":false,"template":"","format":"standard","meta":{"content-type":"","footnotes":""},"categories":[86],"tags":[],"class_list":["post-6562","post","type-post","status-publish","format-standard","has-post-thumbnail","hentry","category-renewable-energies"],"yoast_head":"<!-- This site is optimized with the Yoast SEO plugin v27.5 - https:\/\/yoast.com\/product\/yoast-seo-wordpress\/ -->\n<title>Universal access to sustainable energy and socio-economic inequalities (Tracking SDG7) - EXPADD<\/title>\n<meta name=\"robots\" content=\"index, follow, max-snippet:-1, max-image-preview:large, max-video-preview:-1\" \/>\n<link rel=\"canonical\" href=\"https:\/\/www.expadd.org\/en\/universal-access-to-sustainable-energy-and-socio-economic-inequalities-tracking-sdg7\/\" \/>\n<meta property=\"og:locale\" content=\"en_US\" \/>\n<meta property=\"og:type\" content=\"article\" \/>\n<meta property=\"og:title\" content=\"Universal access to sustainable energy and socio-economic inequalities (Tracking SDG7) - EXPADD\" \/>\n<meta property=\"og:description\" content=\"Source: WHO, 2021 Universal access to sustainable energy will remain out of reach until\" \/>\n<meta property=\"og:url\" content=\"https:\/\/www.expadd.org\/en\/universal-access-to-sustainable-energy-and-socio-economic-inequalities-tracking-sdg7\/\" \/>\n<meta property=\"og:site_name\" content=\"EXPADD\" \/>\n<meta property=\"article:published_time\" content=\"2021-12-25T14:38:03+00:00\" \/>\n<meta property=\"article:modified_time\" content=\"2021-12-26T18:18:45+00:00\" \/>\n<meta property=\"og:image\" content=\"https:\/\/www.expadd.org\/wp-content\/uploads\/2021\/11\/EXPADD-IMAGE-014.jpg\" \/>\n\t<meta property=\"og:image:width\" content=\"293\" \/>\n\t<meta property=\"og:image:height\" content=\"172\" \/>\n\t<meta property=\"og:image:type\" content=\"image\/jpeg\" \/>\n<meta name=\"author\" content=\"EXPADD\" \/>\n<meta name=\"twitter:card\" content=\"summary_large_image\" \/>\n<meta name=\"twitter:label1\" content=\"Written by\" \/>\n\t<meta name=\"twitter:data1\" content=\"EXPADD\" \/>\n<script type=\"application\/ld+json\" class=\"yoast-schema-graph\">{\"@context\":\"https:\\\/\\\/schema.org\",\"@graph\":[{\"@type\":\"Article\",\"@id\":\"https:\\\/\\\/www.expadd.org\\\/en\\\/universal-access-to-sustainable-energy-and-socio-economic-inequalities-tracking-sdg7\\\/#article\",\"isPartOf\":{\"@id\":\"https:\\\/\\\/www.expadd.org\\\/en\\\/universal-access-to-sustainable-energy-and-socio-economic-inequalities-tracking-sdg7\\\/\"},\"author\":{\"name\":\"EXPADD\",\"@id\":\"https:\\\/\\\/www.expadd.org\\\/en\\\/#\\\/schema\\\/person\\\/9e3bf8e18172ddc6b0817fb431b09466\"},\"headline\":\"Universal access to sustainable energy and socio-economic inequalities (Tracking SDG7)\",\"datePublished\":\"2021-12-25T14:38:03+00:00\",\"dateModified\":\"2021-12-26T18:18:45+00:00\",\"mainEntityOfPage\":{\"@id\":\"https:\\\/\\\/www.expadd.org\\\/en\\\/universal-access-to-sustainable-energy-and-socio-economic-inequalities-tracking-sdg7\\\/\"},\"wordCount\":56,\"commentCount\":0,\"publisher\":{\"@id\":\"https:\\\/\\\/www.expadd.org\\\/en\\\/#organization\"},\"image\":{\"@id\":\"https:\\\/\\\/www.expadd.org\\\/en\\\/universal-access-to-sustainable-energy-and-socio-economic-inequalities-tracking-sdg7\\\/#primaryimage\"},\"thumbnailUrl\":\"https:\\\/\\\/www.expadd.org\\\/wp-content\\\/uploads\\\/2021\\\/11\\\/EXPADD-IMAGE-014.jpg\",\"articleSection\":[\"RENEWABLE ENERGIES\"],\"inLanguage\":\"en-US\",\"potentialAction\":[{\"@type\":\"CommentAction\",\"name\":\"Comment\",\"target\":[\"https:\\\/\\\/www.expadd.org\\\/en\\\/universal-access-to-sustainable-energy-and-socio-economic-inequalities-tracking-sdg7\\\/#respond\"]}]},{\"@type\":\"WebPage\",\"@id\":\"https:\\\/\\\/www.expadd.org\\\/en\\\/universal-access-to-sustainable-energy-and-socio-economic-inequalities-tracking-sdg7\\\/\",\"url\":\"https:\\\/\\\/www.expadd.org\\\/en\\\/universal-access-to-sustainable-energy-and-socio-economic-inequalities-tracking-sdg7\\\/\",\"name\":\"Universal access to sustainable energy and socio-economic inequalities (Tracking SDG7) - EXPADD\",\"isPartOf\":{\"@id\":\"https:\\\/\\\/www.expadd.org\\\/en\\\/#website\"},\"primaryImageOfPage\":{\"@id\":\"https:\\\/\\\/www.expadd.org\\\/en\\\/universal-access-to-sustainable-energy-and-socio-economic-inequalities-tracking-sdg7\\\/#primaryimage\"},\"image\":{\"@id\":\"https:\\\/\\\/www.expadd.org\\\/en\\\/universal-access-to-sustainable-energy-and-socio-economic-inequalities-tracking-sdg7\\\/#primaryimage\"},\"thumbnailUrl\":\"https:\\\/\\\/www.expadd.org\\\/wp-content\\\/uploads\\\/2021\\\/11\\\/EXPADD-IMAGE-014.jpg\",\"datePublished\":\"2021-12-25T14:38:03+00:00\",\"dateModified\":\"2021-12-26T18:18:45+00:00\",\"breadcrumb\":{\"@id\":\"https:\\\/\\\/www.expadd.org\\\/en\\\/universal-access-to-sustainable-energy-and-socio-economic-inequalities-tracking-sdg7\\\/#breadcrumb\"},\"inLanguage\":\"en-US\",\"potentialAction\":[{\"@type\":\"ReadAction\",\"target\":[\"https:\\\/\\\/www.expadd.org\\\/en\\\/universal-access-to-sustainable-energy-and-socio-economic-inequalities-tracking-sdg7\\\/\"]}]},{\"@type\":\"ImageObject\",\"inLanguage\":\"en-US\",\"@id\":\"https:\\\/\\\/www.expadd.org\\\/en\\\/universal-access-to-sustainable-energy-and-socio-economic-inequalities-tracking-sdg7\\\/#primaryimage\",\"url\":\"https:\\\/\\\/www.expadd.org\\\/wp-content\\\/uploads\\\/2021\\\/11\\\/EXPADD-IMAGE-014.jpg\",\"contentUrl\":\"https:\\\/\\\/www.expadd.org\\\/wp-content\\\/uploads\\\/2021\\\/11\\\/EXPADD-IMAGE-014.jpg\",\"width\":293,\"height\":172},{\"@type\":\"BreadcrumbList\",\"@id\":\"https:\\\/\\\/www.expadd.org\\\/en\\\/universal-access-to-sustainable-energy-and-socio-economic-inequalities-tracking-sdg7\\\/#breadcrumb\",\"itemListElement\":[{\"@type\":\"ListItem\",\"position\":1,\"name\":\"Accueil\",\"item\":\"https:\\\/\\\/www.expadd.org\\\/en\\\/\"},{\"@type\":\"ListItem\",\"position\":2,\"name\":\"Universal access to sustainable energy and socio-economic inequalities (Tracking SDG7)\"}]},{\"@type\":\"WebSite\",\"@id\":\"https:\\\/\\\/www.expadd.org\\\/en\\\/#website\",\"url\":\"https:\\\/\\\/www.expadd.org\\\/en\\\/\",\"name\":\"EXPADD\",\"description\":\"Pour B\u00e2tir une soci\u00e9t\u00e9 Africaine durable\",\"publisher\":{\"@id\":\"https:\\\/\\\/www.expadd.org\\\/en\\\/#organization\"},\"potentialAction\":[{\"@type\":\"SearchAction\",\"target\":{\"@type\":\"EntryPoint\",\"urlTemplate\":\"https:\\\/\\\/www.expadd.org\\\/en\\\/?s={search_term_string}\"},\"query-input\":{\"@type\":\"PropertyValueSpecification\",\"valueRequired\":true,\"valueName\":\"search_term_string\"}}],\"inLanguage\":\"en-US\"},{\"@type\":\"Organization\",\"@id\":\"https:\\\/\\\/www.expadd.org\\\/en\\\/#organization\",\"name\":\"EXPERTS D'AFRIQUE POUR LE DEVELOPPEMENT DURABLE\",\"url\":\"https:\\\/\\\/www.expadd.org\\\/en\\\/\",\"logo\":{\"@type\":\"ImageObject\",\"inLanguage\":\"en-US\",\"@id\":\"https:\\\/\\\/www.expadd.org\\\/en\\\/#\\\/schema\\\/logo\\\/image\\\/\",\"url\":\"https:\\\/\\\/www.expadd.org\\\/wp-content\\\/uploads\\\/2021\\\/05\\\/cropped-cropped-cropped-cropped-cropped-Capture-decran-2021-03-13-a-20.44.36-2.png\",\"contentUrl\":\"https:\\\/\\\/www.expadd.org\\\/wp-content\\\/uploads\\\/2021\\\/05\\\/cropped-cropped-cropped-cropped-cropped-Capture-decran-2021-03-13-a-20.44.36-2.png\",\"width\":1919,\"height\":1374,\"caption\":\"EXPERTS D'AFRIQUE POUR LE DEVELOPPEMENT DURABLE\"},\"image\":{\"@id\":\"https:\\\/\\\/www.expadd.org\\\/en\\\/#\\\/schema\\\/logo\\\/image\\\/\"}},{\"@type\":\"Person\",\"@id\":\"https:\\\/\\\/www.expadd.org\\\/en\\\/#\\\/schema\\\/person\\\/9e3bf8e18172ddc6b0817fb431b09466\",\"name\":\"EXPADD\",\"image\":{\"@type\":\"ImageObject\",\"inLanguage\":\"en-US\",\"@id\":\"https:\\\/\\\/secure.gravatar.com\\\/avatar\\\/957ffa3fc16f59afe731c0b7b5e2dcb9a0efedb2044cc566d87841dbca098b71?s=96&d=mm&r=g\",\"url\":\"https:\\\/\\\/secure.gravatar.com\\\/avatar\\\/957ffa3fc16f59afe731c0b7b5e2dcb9a0efedb2044cc566d87841dbca098b71?s=96&d=mm&r=g\",\"contentUrl\":\"https:\\\/\\\/secure.gravatar.com\\\/avatar\\\/957ffa3fc16f59afe731c0b7b5e2dcb9a0efedb2044cc566d87841dbca098b71?s=96&d=mm&r=g\",\"caption\":\"EXPADD\"},\"sameAs\":[\"https:\\\/\\\/www.expadd.org\"],\"url\":\"https:\\\/\\\/www.expadd.org\\\/en\\\/author\\\/christo76\\\/\"}]}<\/script>\n<!-- \/ Yoast SEO plugin. -->","yoast_head_json":{"title":"Universal access to sustainable energy and socio-economic inequalities (Tracking SDG7) - EXPADD","robots":{"index":"index","follow":"follow","max-snippet":"max-snippet:-1","max-image-preview":"max-image-preview:large","max-video-preview":"max-video-preview:-1"},"canonical":"https:\/\/www.expadd.org\/en\/universal-access-to-sustainable-energy-and-socio-economic-inequalities-tracking-sdg7\/","og_locale":"en_US","og_type":"article","og_title":"Universal access to sustainable energy and socio-economic inequalities (Tracking SDG7) - EXPADD","og_description":"Source: WHO, 2021 Universal access to sustainable energy will remain out of reach until","og_url":"https:\/\/www.expadd.org\/en\/universal-access-to-sustainable-energy-and-socio-economic-inequalities-tracking-sdg7\/","og_site_name":"EXPADD","article_published_time":"2021-12-25T14:38:03+00:00","article_modified_time":"2021-12-26T18:18:45+00:00","og_image":[{"width":293,"height":172,"url":"https:\/\/www.expadd.org\/wp-content\/uploads\/2021\/11\/EXPADD-IMAGE-014.jpg","type":"image\/jpeg"}],"author":"EXPADD","twitter_card":"summary_large_image","twitter_misc":{"Written by":"EXPADD"},"schema":{"@context":"https:\/\/schema.org","@graph":[{"@type":"Article","@id":"https:\/\/www.expadd.org\/en\/universal-access-to-sustainable-energy-and-socio-economic-inequalities-tracking-sdg7\/#article","isPartOf":{"@id":"https:\/\/www.expadd.org\/en\/universal-access-to-sustainable-energy-and-socio-economic-inequalities-tracking-sdg7\/"},"author":{"name":"EXPADD","@id":"https:\/\/www.expadd.org\/en\/#\/schema\/person\/9e3bf8e18172ddc6b0817fb431b09466"},"headline":"Universal access to sustainable energy and socio-economic inequalities (Tracking SDG7)","datePublished":"2021-12-25T14:38:03+00:00","dateModified":"2021-12-26T18:18:45+00:00","mainEntityOfPage":{"@id":"https:\/\/www.expadd.org\/en\/universal-access-to-sustainable-energy-and-socio-economic-inequalities-tracking-sdg7\/"},"wordCount":56,"commentCount":0,"publisher":{"@id":"https:\/\/www.expadd.org\/en\/#organization"},"image":{"@id":"https:\/\/www.expadd.org\/en\/universal-access-to-sustainable-energy-and-socio-economic-inequalities-tracking-sdg7\/#primaryimage"},"thumbnailUrl":"https:\/\/www.expadd.org\/wp-content\/uploads\/2021\/11\/EXPADD-IMAGE-014.jpg","articleSection":["RENEWABLE ENERGIES"],"inLanguage":"en-US","potentialAction":[{"@type":"CommentAction","name":"Comment","target":["https:\/\/www.expadd.org\/en\/universal-access-to-sustainable-energy-and-socio-economic-inequalities-tracking-sdg7\/#respond"]}]},{"@type":"WebPage","@id":"https:\/\/www.expadd.org\/en\/universal-access-to-sustainable-energy-and-socio-economic-inequalities-tracking-sdg7\/","url":"https:\/\/www.expadd.org\/en\/universal-access-to-sustainable-energy-and-socio-economic-inequalities-tracking-sdg7\/","name":"Universal access to sustainable energy and socio-economic inequalities (Tracking SDG7) - EXPADD","isPartOf":{"@id":"https:\/\/www.expadd.org\/en\/#website"},"primaryImageOfPage":{"@id":"https:\/\/www.expadd.org\/en\/universal-access-to-sustainable-energy-and-socio-economic-inequalities-tracking-sdg7\/#primaryimage"},"image":{"@id":"https:\/\/www.expadd.org\/en\/universal-access-to-sustainable-energy-and-socio-economic-inequalities-tracking-sdg7\/#primaryimage"},"thumbnailUrl":"https:\/\/www.expadd.org\/wp-content\/uploads\/2021\/11\/EXPADD-IMAGE-014.jpg","datePublished":"2021-12-25T14:38:03+00:00","dateModified":"2021-12-26T18:18:45+00:00","breadcrumb":{"@id":"https:\/\/www.expadd.org\/en\/universal-access-to-sustainable-energy-and-socio-economic-inequalities-tracking-sdg7\/#breadcrumb"},"inLanguage":"en-US","potentialAction":[{"@type":"ReadAction","target":["https:\/\/www.expadd.org\/en\/universal-access-to-sustainable-energy-and-socio-economic-inequalities-tracking-sdg7\/"]}]},{"@type":"ImageObject","inLanguage":"en-US","@id":"https:\/\/www.expadd.org\/en\/universal-access-to-sustainable-energy-and-socio-economic-inequalities-tracking-sdg7\/#primaryimage","url":"https:\/\/www.expadd.org\/wp-content\/uploads\/2021\/11\/EXPADD-IMAGE-014.jpg","contentUrl":"https:\/\/www.expadd.org\/wp-content\/uploads\/2021\/11\/EXPADD-IMAGE-014.jpg","width":293,"height":172},{"@type":"BreadcrumbList","@id":"https:\/\/www.expadd.org\/en\/universal-access-to-sustainable-energy-and-socio-economic-inequalities-tracking-sdg7\/#breadcrumb","itemListElement":[{"@type":"ListItem","position":1,"name":"Accueil","item":"https:\/\/www.expadd.org\/en\/"},{"@type":"ListItem","position":2,"name":"Universal access to sustainable energy and socio-economic inequalities (Tracking SDG7)"}]},{"@type":"WebSite","@id":"https:\/\/www.expadd.org\/en\/#website","url":"https:\/\/www.expadd.org\/en\/","name":"EXPADD","description":"Pour B\u00e2tir une soci\u00e9t\u00e9 Africaine durable","publisher":{"@id":"https:\/\/www.expadd.org\/en\/#organization"},"potentialAction":[{"@type":"SearchAction","target":{"@type":"EntryPoint","urlTemplate":"https:\/\/www.expadd.org\/en\/?s={search_term_string}"},"query-input":{"@type":"PropertyValueSpecification","valueRequired":true,"valueName":"search_term_string"}}],"inLanguage":"en-US"},{"@type":"Organization","@id":"https:\/\/www.expadd.org\/en\/#organization","name":"EXPERTS D'AFRIQUE POUR LE DEVELOPPEMENT DURABLE","url":"https:\/\/www.expadd.org\/en\/","logo":{"@type":"ImageObject","inLanguage":"en-US","@id":"https:\/\/www.expadd.org\/en\/#\/schema\/logo\/image\/","url":"https:\/\/www.expadd.org\/wp-content\/uploads\/2021\/05\/cropped-cropped-cropped-cropped-cropped-Capture-decran-2021-03-13-a-20.44.36-2.png","contentUrl":"https:\/\/www.expadd.org\/wp-content\/uploads\/2021\/05\/cropped-cropped-cropped-cropped-cropped-Capture-decran-2021-03-13-a-20.44.36-2.png","width":1919,"height":1374,"caption":"EXPERTS D'AFRIQUE POUR LE DEVELOPPEMENT DURABLE"},"image":{"@id":"https:\/\/www.expadd.org\/en\/#\/schema\/logo\/image\/"}},{"@type":"Person","@id":"https:\/\/www.expadd.org\/en\/#\/schema\/person\/9e3bf8e18172ddc6b0817fb431b09466","name":"EXPADD","image":{"@type":"ImageObject","inLanguage":"en-US","@id":"https:\/\/secure.gravatar.com\/avatar\/957ffa3fc16f59afe731c0b7b5e2dcb9a0efedb2044cc566d87841dbca098b71?s=96&d=mm&r=g","url":"https:\/\/secure.gravatar.com\/avatar\/957ffa3fc16f59afe731c0b7b5e2dcb9a0efedb2044cc566d87841dbca098b71?s=96&d=mm&r=g","contentUrl":"https:\/\/secure.gravatar.com\/avatar\/957ffa3fc16f59afe731c0b7b5e2dcb9a0efedb2044cc566d87841dbca098b71?s=96&d=mm&r=g","caption":"EXPADD"},"sameAs":["https:\/\/www.expadd.org"],"url":"https:\/\/www.expadd.org\/en\/author\/christo76\/"}]}},"_links":{"self":[{"href":"https:\/\/www.expadd.org\/en\/wp-json\/wp\/v2\/posts\/6562","targetHints":{"allow":["GET"]}}],"collection":[{"href":"https:\/\/www.expadd.org\/en\/wp-json\/wp\/v2\/posts"}],"about":[{"href":"https:\/\/www.expadd.org\/en\/wp-json\/wp\/v2\/types\/post"}],"author":[{"embeddable":true,"href":"https:\/\/www.expadd.org\/en\/wp-json\/wp\/v2\/users\/1"}],"replies":[{"embeddable":true,"href":"https:\/\/www.expadd.org\/en\/wp-json\/wp\/v2\/comments?post=6562"}],"version-history":[{"count":1,"href":"https:\/\/www.expadd.org\/en\/wp-json\/wp\/v2\/posts\/6562\/revisions"}],"predecessor-version":[{"id":6563,"href":"https:\/\/www.expadd.org\/en\/wp-json\/wp\/v2\/posts\/6562\/revisions\/6563"}],"wp:featuredmedia":[{"embeddable":true,"href":"https:\/\/www.expadd.org\/en\/wp-json\/wp\/v2\/media\/5528"}],"wp:attachment":[{"href":"https:\/\/www.expadd.org\/en\/wp-json\/wp\/v2\/media?parent=6562"}],"wp:term":[{"taxonomy":"category","embeddable":true,"href":"https:\/\/www.expadd.org\/en\/wp-json\/wp\/v2\/categories?post=6562"},{"taxonomy":"post_tag","embeddable":true,"href":"https:\/\/www.expadd.org\/en\/wp-json\/wp\/v2\/tags?post=6562"}],"curies":[{"name":"wp","href":"https:\/\/api.w.org\/{rel}","templated":true}]}}