{"id":12957,"date":"2025-10-17T09:06:34","date_gmt":"2025-10-17T09:06:34","guid":{"rendered":"https:\/\/www.expadd.org\/africa-green-week-2025-a-springboard-for-youth-empowerment-in-renewable-energies\/"},"modified":"2025-10-17T09:06:34","modified_gmt":"2025-10-17T09:06:34","slug":"africa-green-week-2025-a-springboard-for-youth-empowerment-in-renewable-energies","status":"publish","type":"post","link":"https:\/\/www.expadd.org\/en\/africa-green-week-2025-a-springboard-for-youth-empowerment-in-renewable-energies\/","title":{"rendered":"Africa Green Week 2025: a springboard for youth empowerment in renewable energies"},"content":{"rendered":"<p>Source: L&#8217;\u00e9conomiste du faso, Oct. 2025<\/p>\n<p>&#8220;Renewable energies and youth empowerment: building sustainable alternatives&#8221;. It was under this theme that the 3\u1d49 edition of Africa Green Week (AGW) was held, from September 25 to 27, 2025, in Koudougou (Burkina Faso). The event was intended as a response to the dual urgency facing Africa: accelerating its energy transition and offering new prospects to a committed youth in search of sustainable solutions. In Burkina Faso, as in many other parts of Africa, young people face immense challenges: unemployment, poverty, the effects of climate change.<br \/>\nAfrica Green Week 2025 was therefore a forum for exchange, learning and, above all, action. &#8220;Renewable energy is not just a technical issue, but a real opportunity for social and economic transformation. Every solar panel installed, every circular economy project, every innovation carried out by a young entrepreneur is a stone added to the edifice of a green, prosperous and inclusive Africa&#8221;, explained the initiator, B\u00e9l\u00e9l\u00e9 William J\u00e9r\u00f4me Bationo.    <\/p>\n<p><a href=\"https:\/\/leconomistedufaso.com\/2025\/10\/06\/africa-green-week-2025-un-tremplin-pour-lautonomisation-des-jeunes-dans-les-energies-renouvelables\/\">Africa Green Week 2025: a springboard for youth empowerment in renewable energies &#8211; L&#8217;economiste du faso<\/a><\/p>\n","protected":false},"excerpt":{"rendered":"<p>Source: L&#8217;\u00e9conomiste du faso, Oct. 2025 &#8220;Renewable energies and youth empowerment: building sustainable alternatives&#8221;.<\/p>\n","protected":false},"author":1,"featured_media":12763,"comment_status":"open","ping_status":"open","sticky":false,"template":"","format":"standard","meta":{"content-type":"","footnotes":""},"categories":[86],"tags":[],"class_list":["post-12957","post","type-post","status-publish","format-standard","has-post-thumbnail","hentry","category-renewable-energies"],"yoast_head":"<!-- This site is optimized with the Yoast SEO plugin v27.5 - https:\/\/yoast.com\/product\/yoast-seo-wordpress\/ -->\n<title>Africa Green Week 2025: a springboard for youth empowerment in renewable energies - EXPADD<\/title>\n<meta name=\"robots\" content=\"index, follow, max-snippet:-1, max-image-preview:large, max-video-preview:-1\" \/>\n<link rel=\"canonical\" href=\"https:\/\/www.expadd.org\/en\/africa-green-week-2025-a-springboard-for-youth-empowerment-in-renewable-energies\/\" \/>\n<meta property=\"og:locale\" content=\"en_US\" \/>\n<meta property=\"og:type\" content=\"article\" \/>\n<meta property=\"og:title\" content=\"Africa Green Week 2025: a springboard for youth empowerment in renewable energies - EXPADD\" \/>\n<meta property=\"og:description\" content=\"Source: L&#8217;\u00e9conomiste du faso, Oct. 2025 &#8220;Renewable energies and youth empowerment: building sustainable alternatives&#8221;.\" \/>\n<meta property=\"og:url\" content=\"https:\/\/www.expadd.org\/en\/africa-green-week-2025-a-springboard-for-youth-empowerment-in-renewable-energies\/\" \/>\n<meta property=\"og:site_name\" content=\"EXPADD\" \/>\n<meta property=\"article:published_time\" content=\"2025-10-17T09:06:34+00:00\" \/>\n<meta name=\"author\" content=\"EXPADD\" \/>\n<meta name=\"twitter:card\" content=\"summary_large_image\" \/>\n<meta name=\"twitter:label1\" content=\"Written by\" \/>\n\t<meta name=\"twitter:data1\" content=\"EXPADD\" \/>\n\t<meta name=\"twitter:label2\" content=\"Est. reading time\" \/>\n\t<meta name=\"twitter:data2\" content=\"1 minute\" \/>\n<script type=\"application\/ld+json\" class=\"yoast-schema-graph\">{\"@context\":\"https:\\\/\\\/schema.org\",\"@graph\":[{\"@type\":\"Article\",\"@id\":\"https:\\\/\\\/www.expadd.org\\\/en\\\/africa-green-week-2025-a-springboard-for-youth-empowerment-in-renewable-energies\\\/#article\",\"isPartOf\":{\"@id\":\"https:\\\/\\\/www.expadd.org\\\/en\\\/africa-green-week-2025-a-springboard-for-youth-empowerment-in-renewable-energies\\\/\"},\"author\":{\"name\":\"EXPADD\",\"@id\":\"https:\\\/\\\/www.expadd.org\\\/en\\\/#\\\/schema\\\/person\\\/9e3bf8e18172ddc6b0817fb431b09466\"},\"headline\":\"Africa Green Week 2025: a springboard for youth empowerment in renewable energies\",\"datePublished\":\"2025-10-17T09:06:34+00:00\",\"mainEntityOfPage\":{\"@id\":\"https:\\\/\\\/www.expadd.org\\\/en\\\/africa-green-week-2025-a-springboard-for-youth-empowerment-in-renewable-energies\\\/\"},\"wordCount\":187,\"commentCount\":0,\"publisher\":{\"@id\":\"https:\\\/\\\/www.expadd.org\\\/en\\\/#organization\"},\"image\":{\"@id\":\"https:\\\/\\\/www.expadd.org\\\/en\\\/africa-green-week-2025-a-springboard-for-youth-empowerment-in-renewable-energies\\\/#primaryimage\"},\"thumbnailUrl\":\"https:\\\/\\\/www.expadd.org\\\/wp-content\\\/uploads\\\/2025\\\/09\\\/CAMEROUN-TOF-1.avif\",\"articleSection\":[\"RENEWABLE ENERGIES\"],\"inLanguage\":\"en-US\",\"potentialAction\":[{\"@type\":\"CommentAction\",\"name\":\"Comment\",\"target\":[\"https:\\\/\\\/www.expadd.org\\\/en\\\/africa-green-week-2025-a-springboard-for-youth-empowerment-in-renewable-energies\\\/#respond\"]}]},{\"@type\":\"WebPage\",\"@id\":\"https:\\\/\\\/www.expadd.org\\\/en\\\/africa-green-week-2025-a-springboard-for-youth-empowerment-in-renewable-energies\\\/\",\"url\":\"https:\\\/\\\/www.expadd.org\\\/en\\\/africa-green-week-2025-a-springboard-for-youth-empowerment-in-renewable-energies\\\/\",\"name\":\"Africa Green Week 2025: a springboard for youth empowerment in renewable energies - EXPADD\",\"isPartOf\":{\"@id\":\"https:\\\/\\\/www.expadd.org\\\/en\\\/#website\"},\"primaryImageOfPage\":{\"@id\":\"https:\\\/\\\/www.expadd.org\\\/en\\\/africa-green-week-2025-a-springboard-for-youth-empowerment-in-renewable-energies\\\/#primaryimage\"},\"image\":{\"@id\":\"https:\\\/\\\/www.expadd.org\\\/en\\\/africa-green-week-2025-a-springboard-for-youth-empowerment-in-renewable-energies\\\/#primaryimage\"},\"thumbnailUrl\":\"https:\\\/\\\/www.expadd.org\\\/wp-content\\\/uploads\\\/2025\\\/09\\\/CAMEROUN-TOF-1.avif\",\"datePublished\":\"2025-10-17T09:06:34+00:00\",\"breadcrumb\":{\"@id\":\"https:\\\/\\\/www.expadd.org\\\/en\\\/africa-green-week-2025-a-springboard-for-youth-empowerment-in-renewable-energies\\\/#breadcrumb\"},\"inLanguage\":\"en-US\",\"potentialAction\":[{\"@type\":\"ReadAction\",\"target\":[\"https:\\\/\\\/www.expadd.org\\\/en\\\/africa-green-week-2025-a-springboard-for-youth-empowerment-in-renewable-energies\\\/\"]}]},{\"@type\":\"ImageObject\",\"inLanguage\":\"en-US\",\"@id\":\"https:\\\/\\\/www.expadd.org\\\/en\\\/africa-green-week-2025-a-springboard-for-youth-empowerment-in-renewable-energies\\\/#primaryimage\",\"url\":\"https:\\\/\\\/www.expadd.org\\\/wp-content\\\/uploads\\\/2025\\\/09\\\/CAMEROUN-TOF-1.avif\",\"contentUrl\":\"https:\\\/\\\/www.expadd.org\\\/wp-content\\\/uploads\\\/2025\\\/09\\\/CAMEROUN-TOF-1.avif\",\"width\":1171,\"height\":781},{\"@type\":\"BreadcrumbList\",\"@id\":\"https:\\\/\\\/www.expadd.org\\\/en\\\/africa-green-week-2025-a-springboard-for-youth-empowerment-in-renewable-energies\\\/#breadcrumb\",\"itemListElement\":[{\"@type\":\"ListItem\",\"position\":1,\"name\":\"Accueil\",\"item\":\"https:\\\/\\\/www.expadd.org\\\/en\\\/\"},{\"@type\":\"ListItem\",\"position\":2,\"name\":\"Africa Green Week 2025: a springboard for youth empowerment in renewable energies\"}]},{\"@type\":\"WebSite\",\"@id\":\"https:\\\/\\\/www.expadd.org\\\/en\\\/#website\",\"url\":\"https:\\\/\\\/www.expadd.org\\\/en\\\/\",\"name\":\"EXPADD\",\"description\":\"Pour B\u00e2tir une soci\u00e9t\u00e9 Africaine durable\",\"publisher\":{\"@id\":\"https:\\\/\\\/www.expadd.org\\\/en\\\/#organization\"},\"potentialAction\":[{\"@type\":\"SearchAction\",\"target\":{\"@type\":\"EntryPoint\",\"urlTemplate\":\"https:\\\/\\\/www.expadd.org\\\/en\\\/?s={search_term_string}\"},\"query-input\":{\"@type\":\"PropertyValueSpecification\",\"valueRequired\":true,\"valueName\":\"search_term_string\"}}],\"inLanguage\":\"en-US\"},{\"@type\":\"Organization\",\"@id\":\"https:\\\/\\\/www.expadd.org\\\/en\\\/#organization\",\"name\":\"EXPERTS D'AFRIQUE POUR LE DEVELOPPEMENT DURABLE\",\"url\":\"https:\\\/\\\/www.expadd.org\\\/en\\\/\",\"logo\":{\"@type\":\"ImageObject\",\"inLanguage\":\"en-US\",\"@id\":\"https:\\\/\\\/www.expadd.org\\\/en\\\/#\\\/schema\\\/logo\\\/image\\\/\",\"url\":\"https:\\\/\\\/www.expadd.org\\\/wp-content\\\/uploads\\\/2021\\\/05\\\/cropped-cropped-cropped-cropped-cropped-Capture-decran-2021-03-13-a-20.44.36-2.png\",\"contentUrl\":\"https:\\\/\\\/www.expadd.org\\\/wp-content\\\/uploads\\\/2021\\\/05\\\/cropped-cropped-cropped-cropped-cropped-Capture-decran-2021-03-13-a-20.44.36-2.png\",\"width\":1919,\"height\":1374,\"caption\":\"EXPERTS D'AFRIQUE POUR LE DEVELOPPEMENT DURABLE\"},\"image\":{\"@id\":\"https:\\\/\\\/www.expadd.org\\\/en\\\/#\\\/schema\\\/logo\\\/image\\\/\"}},{\"@type\":\"Person\",\"@id\":\"https:\\\/\\\/www.expadd.org\\\/en\\\/#\\\/schema\\\/person\\\/9e3bf8e18172ddc6b0817fb431b09466\",\"name\":\"EXPADD\",\"image\":{\"@type\":\"ImageObject\",\"inLanguage\":\"en-US\",\"@id\":\"https:\\\/\\\/secure.gravatar.com\\\/avatar\\\/957ffa3fc16f59afe731c0b7b5e2dcb9a0efedb2044cc566d87841dbca098b71?s=96&d=mm&r=g\",\"url\":\"https:\\\/\\\/secure.gravatar.com\\\/avatar\\\/957ffa3fc16f59afe731c0b7b5e2dcb9a0efedb2044cc566d87841dbca098b71?s=96&d=mm&r=g\",\"contentUrl\":\"https:\\\/\\\/secure.gravatar.com\\\/avatar\\\/957ffa3fc16f59afe731c0b7b5e2dcb9a0efedb2044cc566d87841dbca098b71?s=96&d=mm&r=g\",\"caption\":\"EXPADD\"},\"sameAs\":[\"https:\\\/\\\/www.expadd.org\"],\"url\":\"https:\\\/\\\/www.expadd.org\\\/en\\\/author\\\/christo76\\\/\"}]}<\/script>\n<!-- \/ Yoast SEO plugin. -->","yoast_head_json":{"title":"Africa Green Week 2025: a springboard for youth empowerment in renewable energies - EXPADD","robots":{"index":"index","follow":"follow","max-snippet":"max-snippet:-1","max-image-preview":"max-image-preview:large","max-video-preview":"max-video-preview:-1"},"canonical":"https:\/\/www.expadd.org\/en\/africa-green-week-2025-a-springboard-for-youth-empowerment-in-renewable-energies\/","og_locale":"en_US","og_type":"article","og_title":"Africa Green Week 2025: a springboard for youth empowerment in renewable energies - EXPADD","og_description":"Source: L&#8217;\u00e9conomiste du faso, Oct. 2025 &#8220;Renewable energies and youth empowerment: building sustainable alternatives&#8221;.","og_url":"https:\/\/www.expadd.org\/en\/africa-green-week-2025-a-springboard-for-youth-empowerment-in-renewable-energies\/","og_site_name":"EXPADD","article_published_time":"2025-10-17T09:06:34+00:00","author":"EXPADD","twitter_card":"summary_large_image","twitter_misc":{"Written by":"EXPADD","Est. reading time":"1 minute"},"schema":{"@context":"https:\/\/schema.org","@graph":[{"@type":"Article","@id":"https:\/\/www.expadd.org\/en\/africa-green-week-2025-a-springboard-for-youth-empowerment-in-renewable-energies\/#article","isPartOf":{"@id":"https:\/\/www.expadd.org\/en\/africa-green-week-2025-a-springboard-for-youth-empowerment-in-renewable-energies\/"},"author":{"name":"EXPADD","@id":"https:\/\/www.expadd.org\/en\/#\/schema\/person\/9e3bf8e18172ddc6b0817fb431b09466"},"headline":"Africa Green Week 2025: a springboard for youth empowerment in renewable energies","datePublished":"2025-10-17T09:06:34+00:00","mainEntityOfPage":{"@id":"https:\/\/www.expadd.org\/en\/africa-green-week-2025-a-springboard-for-youth-empowerment-in-renewable-energies\/"},"wordCount":187,"commentCount":0,"publisher":{"@id":"https:\/\/www.expadd.org\/en\/#organization"},"image":{"@id":"https:\/\/www.expadd.org\/en\/africa-green-week-2025-a-springboard-for-youth-empowerment-in-renewable-energies\/#primaryimage"},"thumbnailUrl":"https:\/\/www.expadd.org\/wp-content\/uploads\/2025\/09\/CAMEROUN-TOF-1.avif","articleSection":["RENEWABLE ENERGIES"],"inLanguage":"en-US","potentialAction":[{"@type":"CommentAction","name":"Comment","target":["https:\/\/www.expadd.org\/en\/africa-green-week-2025-a-springboard-for-youth-empowerment-in-renewable-energies\/#respond"]}]},{"@type":"WebPage","@id":"https:\/\/www.expadd.org\/en\/africa-green-week-2025-a-springboard-for-youth-empowerment-in-renewable-energies\/","url":"https:\/\/www.expadd.org\/en\/africa-green-week-2025-a-springboard-for-youth-empowerment-in-renewable-energies\/","name":"Africa Green Week 2025: a springboard for youth empowerment in renewable energies - EXPADD","isPartOf":{"@id":"https:\/\/www.expadd.org\/en\/#website"},"primaryImageOfPage":{"@id":"https:\/\/www.expadd.org\/en\/africa-green-week-2025-a-springboard-for-youth-empowerment-in-renewable-energies\/#primaryimage"},"image":{"@id":"https:\/\/www.expadd.org\/en\/africa-green-week-2025-a-springboard-for-youth-empowerment-in-renewable-energies\/#primaryimage"},"thumbnailUrl":"https:\/\/www.expadd.org\/wp-content\/uploads\/2025\/09\/CAMEROUN-TOF-1.avif","datePublished":"2025-10-17T09:06:34+00:00","breadcrumb":{"@id":"https:\/\/www.expadd.org\/en\/africa-green-week-2025-a-springboard-for-youth-empowerment-in-renewable-energies\/#breadcrumb"},"inLanguage":"en-US","potentialAction":[{"@type":"ReadAction","target":["https:\/\/www.expadd.org\/en\/africa-green-week-2025-a-springboard-for-youth-empowerment-in-renewable-energies\/"]}]},{"@type":"ImageObject","inLanguage":"en-US","@id":"https:\/\/www.expadd.org\/en\/africa-green-week-2025-a-springboard-for-youth-empowerment-in-renewable-energies\/#primaryimage","url":"https:\/\/www.expadd.org\/wp-content\/uploads\/2025\/09\/CAMEROUN-TOF-1.avif","contentUrl":"https:\/\/www.expadd.org\/wp-content\/uploads\/2025\/09\/CAMEROUN-TOF-1.avif","width":1171,"height":781},{"@type":"BreadcrumbList","@id":"https:\/\/www.expadd.org\/en\/africa-green-week-2025-a-springboard-for-youth-empowerment-in-renewable-energies\/#breadcrumb","itemListElement":[{"@type":"ListItem","position":1,"name":"Accueil","item":"https:\/\/www.expadd.org\/en\/"},{"@type":"ListItem","position":2,"name":"Africa Green Week 2025: a springboard for youth empowerment in renewable energies"}]},{"@type":"WebSite","@id":"https:\/\/www.expadd.org\/en\/#website","url":"https:\/\/www.expadd.org\/en\/","name":"EXPADD","description":"Pour B\u00e2tir une soci\u00e9t\u00e9 Africaine durable","publisher":{"@id":"https:\/\/www.expadd.org\/en\/#organization"},"potentialAction":[{"@type":"SearchAction","target":{"@type":"EntryPoint","urlTemplate":"https:\/\/www.expadd.org\/en\/?s={search_term_string}"},"query-input":{"@type":"PropertyValueSpecification","valueRequired":true,"valueName":"search_term_string"}}],"inLanguage":"en-US"},{"@type":"Organization","@id":"https:\/\/www.expadd.org\/en\/#organization","name":"EXPERTS D'AFRIQUE POUR LE DEVELOPPEMENT DURABLE","url":"https:\/\/www.expadd.org\/en\/","logo":{"@type":"ImageObject","inLanguage":"en-US","@id":"https:\/\/www.expadd.org\/en\/#\/schema\/logo\/image\/","url":"https:\/\/www.expadd.org\/wp-content\/uploads\/2021\/05\/cropped-cropped-cropped-cropped-cropped-Capture-decran-2021-03-13-a-20.44.36-2.png","contentUrl":"https:\/\/www.expadd.org\/wp-content\/uploads\/2021\/05\/cropped-cropped-cropped-cropped-cropped-Capture-decran-2021-03-13-a-20.44.36-2.png","width":1919,"height":1374,"caption":"EXPERTS D'AFRIQUE POUR LE DEVELOPPEMENT DURABLE"},"image":{"@id":"https:\/\/www.expadd.org\/en\/#\/schema\/logo\/image\/"}},{"@type":"Person","@id":"https:\/\/www.expadd.org\/en\/#\/schema\/person\/9e3bf8e18172ddc6b0817fb431b09466","name":"EXPADD","image":{"@type":"ImageObject","inLanguage":"en-US","@id":"https:\/\/secure.gravatar.com\/avatar\/957ffa3fc16f59afe731c0b7b5e2dcb9a0efedb2044cc566d87841dbca098b71?s=96&d=mm&r=g","url":"https:\/\/secure.gravatar.com\/avatar\/957ffa3fc16f59afe731c0b7b5e2dcb9a0efedb2044cc566d87841dbca098b71?s=96&d=mm&r=g","contentUrl":"https:\/\/secure.gravatar.com\/avatar\/957ffa3fc16f59afe731c0b7b5e2dcb9a0efedb2044cc566d87841dbca098b71?s=96&d=mm&r=g","caption":"EXPADD"},"sameAs":["https:\/\/www.expadd.org"],"url":"https:\/\/www.expadd.org\/en\/author\/christo76\/"}]}},"_links":{"self":[{"href":"https:\/\/www.expadd.org\/en\/wp-json\/wp\/v2\/posts\/12957","targetHints":{"allow":["GET"]}}],"collection":[{"href":"https:\/\/www.expadd.org\/en\/wp-json\/wp\/v2\/posts"}],"about":[{"href":"https:\/\/www.expadd.org\/en\/wp-json\/wp\/v2\/types\/post"}],"author":[{"embeddable":true,"href":"https:\/\/www.expadd.org\/en\/wp-json\/wp\/v2\/users\/1"}],"replies":[{"embeddable":true,"href":"https:\/\/www.expadd.org\/en\/wp-json\/wp\/v2\/comments?post=12957"}],"version-history":[{"count":0,"href":"https:\/\/www.expadd.org\/en\/wp-json\/wp\/v2\/posts\/12957\/revisions"}],"wp:featuredmedia":[{"embeddable":true,"href":"https:\/\/www.expadd.org\/en\/wp-json\/wp\/v2\/media\/12763"}],"wp:attachment":[{"href":"https:\/\/www.expadd.org\/en\/wp-json\/wp\/v2\/media?parent=12957"}],"wp:term":[{"taxonomy":"category","embeddable":true,"href":"https:\/\/www.expadd.org\/en\/wp-json\/wp\/v2\/categories?post=12957"},{"taxonomy":"post_tag","embeddable":true,"href":"https:\/\/www.expadd.org\/en\/wp-json\/wp\/v2\/tags?post=12957"}],"curies":[{"name":"wp","href":"https:\/\/api.w.org\/{rel}","templated":true}]}}