{"id":12891,"date":"2025-09-18T09:44:47","date_gmt":"2025-09-18T09:44:47","guid":{"rendered":"https:\/\/www.expadd.org\/climate-and-disasters-burkina-faso-lays-the-foundations-for-sustainable-fiscal-resilience\/"},"modified":"2025-09-18T09:44:47","modified_gmt":"2025-09-18T09:44:47","slug":"climate-and-disasters-burkina-faso-lays-the-foundations-for-sustainable-fiscal-resilience","status":"publish","type":"post","link":"https:\/\/www.expadd.org\/en\/climate-and-disasters-burkina-faso-lays-the-foundations-for-sustainable-fiscal-resilience\/","title":{"rendered":"Climate and disasters: Burkina Faso lays the foundations for sustainable fiscal resilience"},"content":{"rendered":"<p>Source: UNDP, Sept. 2025<\/p>\n<p>The Ministry of Economy and Finance, in partnership with the United Nations Development Program (UNDP), and the United Nations Office for Disaster Risk Reduction (UNDRR) as part of the implementation of the Sahel Resilience Project, organized from September 3 to 5, 2025 in Ouagadougou, a training workshop on financing disaster risk reduction (DRR) and climate change (CC). The opening ceremony was attended by the Director General of Economy and Planning (DGEP) and the UNDP Resident Representative a.i. in Burkina Faso. <\/p>\n<p><a href=\"https:\/\/www.undp.org\/fr\/burkina-faso\/blog\/climat-et-catastrophes-le-burkina-batit-les-fondations-dune-resilience-budgetaire-durable\">Climate and disasters: Burkina Faso lays the foundations for sustainable fiscal resilience | United Nations Development Programme<\/a><\/p>\n","protected":false},"excerpt":{"rendered":"<p>Source: UNDP, Sept. 2025 The Ministry of Economy and Finance, in partnership with the<\/p>\n","protected":false},"author":1,"featured_media":12878,"comment_status":"open","ping_status":"open","sticky":false,"template":"","format":"standard","meta":{"content-type":"","footnotes":""},"categories":[96],"tags":[],"class_list":["post-12891","post","type-post","status-publish","format-standard","has-post-thumbnail","hentry","category-climate-change"],"yoast_head":"<!-- This site is optimized with the Yoast SEO plugin v27.5 - https:\/\/yoast.com\/product\/yoast-seo-wordpress\/ -->\n<title>Climate and disasters: Burkina Faso lays the foundations for sustainable fiscal resilience - EXPADD<\/title>\n<meta name=\"robots\" content=\"index, follow, max-snippet:-1, max-image-preview:large, max-video-preview:-1\" \/>\n<link rel=\"canonical\" href=\"https:\/\/www.expadd.org\/en\/climate-and-disasters-burkina-faso-lays-the-foundations-for-sustainable-fiscal-resilience\/\" \/>\n<meta property=\"og:locale\" content=\"en_US\" \/>\n<meta property=\"og:type\" content=\"article\" \/>\n<meta property=\"og:title\" content=\"Climate and disasters: Burkina Faso lays the foundations for sustainable fiscal resilience - EXPADD\" \/>\n<meta property=\"og:description\" content=\"Source: UNDP, Sept. 2025 The Ministry of Economy and Finance, in partnership with the\" \/>\n<meta property=\"og:url\" content=\"https:\/\/www.expadd.org\/en\/climate-and-disasters-burkina-faso-lays-the-foundations-for-sustainable-fiscal-resilience\/\" \/>\n<meta property=\"og:site_name\" content=\"EXPADD\" \/>\n<meta property=\"article:published_time\" content=\"2025-09-18T09:44:47+00:00\" \/>\n<meta name=\"author\" content=\"EXPADD\" \/>\n<meta name=\"twitter:card\" content=\"summary_large_image\" \/>\n<meta name=\"twitter:label1\" content=\"Written by\" \/>\n\t<meta name=\"twitter:data1\" content=\"EXPADD\" \/>\n<script type=\"application\/ld+json\" class=\"yoast-schema-graph\">{\"@context\":\"https:\\\/\\\/schema.org\",\"@graph\":[{\"@type\":\"Article\",\"@id\":\"https:\\\/\\\/www.expadd.org\\\/en\\\/climate-and-disasters-burkina-faso-lays-the-foundations-for-sustainable-fiscal-resilience\\\/#article\",\"isPartOf\":{\"@id\":\"https:\\\/\\\/www.expadd.org\\\/en\\\/climate-and-disasters-burkina-faso-lays-the-foundations-for-sustainable-fiscal-resilience\\\/\"},\"author\":{\"name\":\"EXPADD\",\"@id\":\"https:\\\/\\\/www.expadd.org\\\/en\\\/#\\\/schema\\\/person\\\/9e3bf8e18172ddc6b0817fb431b09466\"},\"headline\":\"Climate and disasters: Burkina Faso lays the foundations for sustainable fiscal resilience\",\"datePublished\":\"2025-09-18T09:44:47+00:00\",\"mainEntityOfPage\":{\"@id\":\"https:\\\/\\\/www.expadd.org\\\/en\\\/climate-and-disasters-burkina-faso-lays-the-foundations-for-sustainable-fiscal-resilience\\\/\"},\"wordCount\":109,\"commentCount\":0,\"publisher\":{\"@id\":\"https:\\\/\\\/www.expadd.org\\\/en\\\/#organization\"},\"image\":{\"@id\":\"https:\\\/\\\/www.expadd.org\\\/en\\\/climate-and-disasters-burkina-faso-lays-the-foundations-for-sustainable-fiscal-resilience\\\/#primaryimage\"},\"thumbnailUrl\":\"https:\\\/\\\/www.expadd.org\\\/wp-content\\\/uploads\\\/2025\\\/09\\\/BURKINA-CLIMAT-1.avif\",\"articleSection\":[\"CLIMATE CHANGE\"],\"inLanguage\":\"en-US\",\"potentialAction\":[{\"@type\":\"CommentAction\",\"name\":\"Comment\",\"target\":[\"https:\\\/\\\/www.expadd.org\\\/en\\\/climate-and-disasters-burkina-faso-lays-the-foundations-for-sustainable-fiscal-resilience\\\/#respond\"]}]},{\"@type\":\"WebPage\",\"@id\":\"https:\\\/\\\/www.expadd.org\\\/en\\\/climate-and-disasters-burkina-faso-lays-the-foundations-for-sustainable-fiscal-resilience\\\/\",\"url\":\"https:\\\/\\\/www.expadd.org\\\/en\\\/climate-and-disasters-burkina-faso-lays-the-foundations-for-sustainable-fiscal-resilience\\\/\",\"name\":\"Climate and disasters: Burkina Faso lays the foundations for sustainable fiscal resilience - EXPADD\",\"isPartOf\":{\"@id\":\"https:\\\/\\\/www.expadd.org\\\/en\\\/#website\"},\"primaryImageOfPage\":{\"@id\":\"https:\\\/\\\/www.expadd.org\\\/en\\\/climate-and-disasters-burkina-faso-lays-the-foundations-for-sustainable-fiscal-resilience\\\/#primaryimage\"},\"image\":{\"@id\":\"https:\\\/\\\/www.expadd.org\\\/en\\\/climate-and-disasters-burkina-faso-lays-the-foundations-for-sustainable-fiscal-resilience\\\/#primaryimage\"},\"thumbnailUrl\":\"https:\\\/\\\/www.expadd.org\\\/wp-content\\\/uploads\\\/2025\\\/09\\\/BURKINA-CLIMAT-1.avif\",\"datePublished\":\"2025-09-18T09:44:47+00:00\",\"breadcrumb\":{\"@id\":\"https:\\\/\\\/www.expadd.org\\\/en\\\/climate-and-disasters-burkina-faso-lays-the-foundations-for-sustainable-fiscal-resilience\\\/#breadcrumb\"},\"inLanguage\":\"en-US\",\"potentialAction\":[{\"@type\":\"ReadAction\",\"target\":[\"https:\\\/\\\/www.expadd.org\\\/en\\\/climate-and-disasters-burkina-faso-lays-the-foundations-for-sustainable-fiscal-resilience\\\/\"]}]},{\"@type\":\"ImageObject\",\"inLanguage\":\"en-US\",\"@id\":\"https:\\\/\\\/www.expadd.org\\\/en\\\/climate-and-disasters-burkina-faso-lays-the-foundations-for-sustainable-fiscal-resilience\\\/#primaryimage\",\"url\":\"https:\\\/\\\/www.expadd.org\\\/wp-content\\\/uploads\\\/2025\\\/09\\\/BURKINA-CLIMAT-1.avif\",\"contentUrl\":\"https:\\\/\\\/www.expadd.org\\\/wp-content\\\/uploads\\\/2025\\\/09\\\/BURKINA-CLIMAT-1.avif\",\"width\":692,\"height\":1024},{\"@type\":\"BreadcrumbList\",\"@id\":\"https:\\\/\\\/www.expadd.org\\\/en\\\/climate-and-disasters-burkina-faso-lays-the-foundations-for-sustainable-fiscal-resilience\\\/#breadcrumb\",\"itemListElement\":[{\"@type\":\"ListItem\",\"position\":1,\"name\":\"Accueil\",\"item\":\"https:\\\/\\\/www.expadd.org\\\/en\\\/\"},{\"@type\":\"ListItem\",\"position\":2,\"name\":\"Climate and disasters: Burkina Faso lays the foundations for sustainable fiscal resilience\"}]},{\"@type\":\"WebSite\",\"@id\":\"https:\\\/\\\/www.expadd.org\\\/en\\\/#website\",\"url\":\"https:\\\/\\\/www.expadd.org\\\/en\\\/\",\"name\":\"EXPADD\",\"description\":\"Pour B\u00e2tir une soci\u00e9t\u00e9 Africaine durable\",\"publisher\":{\"@id\":\"https:\\\/\\\/www.expadd.org\\\/en\\\/#organization\"},\"potentialAction\":[{\"@type\":\"SearchAction\",\"target\":{\"@type\":\"EntryPoint\",\"urlTemplate\":\"https:\\\/\\\/www.expadd.org\\\/en\\\/?s={search_term_string}\"},\"query-input\":{\"@type\":\"PropertyValueSpecification\",\"valueRequired\":true,\"valueName\":\"search_term_string\"}}],\"inLanguage\":\"en-US\"},{\"@type\":\"Organization\",\"@id\":\"https:\\\/\\\/www.expadd.org\\\/en\\\/#organization\",\"name\":\"EXPERTS D'AFRIQUE POUR LE DEVELOPPEMENT DURABLE\",\"url\":\"https:\\\/\\\/www.expadd.org\\\/en\\\/\",\"logo\":{\"@type\":\"ImageObject\",\"inLanguage\":\"en-US\",\"@id\":\"https:\\\/\\\/www.expadd.org\\\/en\\\/#\\\/schema\\\/logo\\\/image\\\/\",\"url\":\"https:\\\/\\\/www.expadd.org\\\/wp-content\\\/uploads\\\/2021\\\/05\\\/cropped-cropped-cropped-cropped-cropped-Capture-decran-2021-03-13-a-20.44.36-2.png\",\"contentUrl\":\"https:\\\/\\\/www.expadd.org\\\/wp-content\\\/uploads\\\/2021\\\/05\\\/cropped-cropped-cropped-cropped-cropped-Capture-decran-2021-03-13-a-20.44.36-2.png\",\"width\":1919,\"height\":1374,\"caption\":\"EXPERTS D'AFRIQUE POUR LE DEVELOPPEMENT DURABLE\"},\"image\":{\"@id\":\"https:\\\/\\\/www.expadd.org\\\/en\\\/#\\\/schema\\\/logo\\\/image\\\/\"}},{\"@type\":\"Person\",\"@id\":\"https:\\\/\\\/www.expadd.org\\\/en\\\/#\\\/schema\\\/person\\\/9e3bf8e18172ddc6b0817fb431b09466\",\"name\":\"EXPADD\",\"image\":{\"@type\":\"ImageObject\",\"inLanguage\":\"en-US\",\"@id\":\"https:\\\/\\\/secure.gravatar.com\\\/avatar\\\/957ffa3fc16f59afe731c0b7b5e2dcb9a0efedb2044cc566d87841dbca098b71?s=96&d=mm&r=g\",\"url\":\"https:\\\/\\\/secure.gravatar.com\\\/avatar\\\/957ffa3fc16f59afe731c0b7b5e2dcb9a0efedb2044cc566d87841dbca098b71?s=96&d=mm&r=g\",\"contentUrl\":\"https:\\\/\\\/secure.gravatar.com\\\/avatar\\\/957ffa3fc16f59afe731c0b7b5e2dcb9a0efedb2044cc566d87841dbca098b71?s=96&d=mm&r=g\",\"caption\":\"EXPADD\"},\"sameAs\":[\"https:\\\/\\\/www.expadd.org\"],\"url\":\"https:\\\/\\\/www.expadd.org\\\/en\\\/author\\\/christo76\\\/\"}]}<\/script>\n<!-- \/ Yoast SEO plugin. -->","yoast_head_json":{"title":"Climate and disasters: Burkina Faso lays the foundations for sustainable fiscal resilience - EXPADD","robots":{"index":"index","follow":"follow","max-snippet":"max-snippet:-1","max-image-preview":"max-image-preview:large","max-video-preview":"max-video-preview:-1"},"canonical":"https:\/\/www.expadd.org\/en\/climate-and-disasters-burkina-faso-lays-the-foundations-for-sustainable-fiscal-resilience\/","og_locale":"en_US","og_type":"article","og_title":"Climate and disasters: Burkina Faso lays the foundations for sustainable fiscal resilience - EXPADD","og_description":"Source: UNDP, Sept. 2025 The Ministry of Economy and Finance, in partnership with the","og_url":"https:\/\/www.expadd.org\/en\/climate-and-disasters-burkina-faso-lays-the-foundations-for-sustainable-fiscal-resilience\/","og_site_name":"EXPADD","article_published_time":"2025-09-18T09:44:47+00:00","author":"EXPADD","twitter_card":"summary_large_image","twitter_misc":{"Written by":"EXPADD"},"schema":{"@context":"https:\/\/schema.org","@graph":[{"@type":"Article","@id":"https:\/\/www.expadd.org\/en\/climate-and-disasters-burkina-faso-lays-the-foundations-for-sustainable-fiscal-resilience\/#article","isPartOf":{"@id":"https:\/\/www.expadd.org\/en\/climate-and-disasters-burkina-faso-lays-the-foundations-for-sustainable-fiscal-resilience\/"},"author":{"name":"EXPADD","@id":"https:\/\/www.expadd.org\/en\/#\/schema\/person\/9e3bf8e18172ddc6b0817fb431b09466"},"headline":"Climate and disasters: Burkina Faso lays the foundations for sustainable fiscal resilience","datePublished":"2025-09-18T09:44:47+00:00","mainEntityOfPage":{"@id":"https:\/\/www.expadd.org\/en\/climate-and-disasters-burkina-faso-lays-the-foundations-for-sustainable-fiscal-resilience\/"},"wordCount":109,"commentCount":0,"publisher":{"@id":"https:\/\/www.expadd.org\/en\/#organization"},"image":{"@id":"https:\/\/www.expadd.org\/en\/climate-and-disasters-burkina-faso-lays-the-foundations-for-sustainable-fiscal-resilience\/#primaryimage"},"thumbnailUrl":"https:\/\/www.expadd.org\/wp-content\/uploads\/2025\/09\/BURKINA-CLIMAT-1.avif","articleSection":["CLIMATE CHANGE"],"inLanguage":"en-US","potentialAction":[{"@type":"CommentAction","name":"Comment","target":["https:\/\/www.expadd.org\/en\/climate-and-disasters-burkina-faso-lays-the-foundations-for-sustainable-fiscal-resilience\/#respond"]}]},{"@type":"WebPage","@id":"https:\/\/www.expadd.org\/en\/climate-and-disasters-burkina-faso-lays-the-foundations-for-sustainable-fiscal-resilience\/","url":"https:\/\/www.expadd.org\/en\/climate-and-disasters-burkina-faso-lays-the-foundations-for-sustainable-fiscal-resilience\/","name":"Climate and disasters: Burkina Faso lays the foundations for sustainable fiscal resilience - EXPADD","isPartOf":{"@id":"https:\/\/www.expadd.org\/en\/#website"},"primaryImageOfPage":{"@id":"https:\/\/www.expadd.org\/en\/climate-and-disasters-burkina-faso-lays-the-foundations-for-sustainable-fiscal-resilience\/#primaryimage"},"image":{"@id":"https:\/\/www.expadd.org\/en\/climate-and-disasters-burkina-faso-lays-the-foundations-for-sustainable-fiscal-resilience\/#primaryimage"},"thumbnailUrl":"https:\/\/www.expadd.org\/wp-content\/uploads\/2025\/09\/BURKINA-CLIMAT-1.avif","datePublished":"2025-09-18T09:44:47+00:00","breadcrumb":{"@id":"https:\/\/www.expadd.org\/en\/climate-and-disasters-burkina-faso-lays-the-foundations-for-sustainable-fiscal-resilience\/#breadcrumb"},"inLanguage":"en-US","potentialAction":[{"@type":"ReadAction","target":["https:\/\/www.expadd.org\/en\/climate-and-disasters-burkina-faso-lays-the-foundations-for-sustainable-fiscal-resilience\/"]}]},{"@type":"ImageObject","inLanguage":"en-US","@id":"https:\/\/www.expadd.org\/en\/climate-and-disasters-burkina-faso-lays-the-foundations-for-sustainable-fiscal-resilience\/#primaryimage","url":"https:\/\/www.expadd.org\/wp-content\/uploads\/2025\/09\/BURKINA-CLIMAT-1.avif","contentUrl":"https:\/\/www.expadd.org\/wp-content\/uploads\/2025\/09\/BURKINA-CLIMAT-1.avif","width":692,"height":1024},{"@type":"BreadcrumbList","@id":"https:\/\/www.expadd.org\/en\/climate-and-disasters-burkina-faso-lays-the-foundations-for-sustainable-fiscal-resilience\/#breadcrumb","itemListElement":[{"@type":"ListItem","position":1,"name":"Accueil","item":"https:\/\/www.expadd.org\/en\/"},{"@type":"ListItem","position":2,"name":"Climate and disasters: Burkina Faso lays the foundations for sustainable fiscal resilience"}]},{"@type":"WebSite","@id":"https:\/\/www.expadd.org\/en\/#website","url":"https:\/\/www.expadd.org\/en\/","name":"EXPADD","description":"Pour B\u00e2tir une soci\u00e9t\u00e9 Africaine durable","publisher":{"@id":"https:\/\/www.expadd.org\/en\/#organization"},"potentialAction":[{"@type":"SearchAction","target":{"@type":"EntryPoint","urlTemplate":"https:\/\/www.expadd.org\/en\/?s={search_term_string}"},"query-input":{"@type":"PropertyValueSpecification","valueRequired":true,"valueName":"search_term_string"}}],"inLanguage":"en-US"},{"@type":"Organization","@id":"https:\/\/www.expadd.org\/en\/#organization","name":"EXPERTS D'AFRIQUE POUR LE DEVELOPPEMENT DURABLE","url":"https:\/\/www.expadd.org\/en\/","logo":{"@type":"ImageObject","inLanguage":"en-US","@id":"https:\/\/www.expadd.org\/en\/#\/schema\/logo\/image\/","url":"https:\/\/www.expadd.org\/wp-content\/uploads\/2021\/05\/cropped-cropped-cropped-cropped-cropped-Capture-decran-2021-03-13-a-20.44.36-2.png","contentUrl":"https:\/\/www.expadd.org\/wp-content\/uploads\/2021\/05\/cropped-cropped-cropped-cropped-cropped-Capture-decran-2021-03-13-a-20.44.36-2.png","width":1919,"height":1374,"caption":"EXPERTS D'AFRIQUE POUR LE DEVELOPPEMENT DURABLE"},"image":{"@id":"https:\/\/www.expadd.org\/en\/#\/schema\/logo\/image\/"}},{"@type":"Person","@id":"https:\/\/www.expadd.org\/en\/#\/schema\/person\/9e3bf8e18172ddc6b0817fb431b09466","name":"EXPADD","image":{"@type":"ImageObject","inLanguage":"en-US","@id":"https:\/\/secure.gravatar.com\/avatar\/957ffa3fc16f59afe731c0b7b5e2dcb9a0efedb2044cc566d87841dbca098b71?s=96&d=mm&r=g","url":"https:\/\/secure.gravatar.com\/avatar\/957ffa3fc16f59afe731c0b7b5e2dcb9a0efedb2044cc566d87841dbca098b71?s=96&d=mm&r=g","contentUrl":"https:\/\/secure.gravatar.com\/avatar\/957ffa3fc16f59afe731c0b7b5e2dcb9a0efedb2044cc566d87841dbca098b71?s=96&d=mm&r=g","caption":"EXPADD"},"sameAs":["https:\/\/www.expadd.org"],"url":"https:\/\/www.expadd.org\/en\/author\/christo76\/"}]}},"_links":{"self":[{"href":"https:\/\/www.expadd.org\/en\/wp-json\/wp\/v2\/posts\/12891","targetHints":{"allow":["GET"]}}],"collection":[{"href":"https:\/\/www.expadd.org\/en\/wp-json\/wp\/v2\/posts"}],"about":[{"href":"https:\/\/www.expadd.org\/en\/wp-json\/wp\/v2\/types\/post"}],"author":[{"embeddable":true,"href":"https:\/\/www.expadd.org\/en\/wp-json\/wp\/v2\/users\/1"}],"replies":[{"embeddable":true,"href":"https:\/\/www.expadd.org\/en\/wp-json\/wp\/v2\/comments?post=12891"}],"version-history":[{"count":0,"href":"https:\/\/www.expadd.org\/en\/wp-json\/wp\/v2\/posts\/12891\/revisions"}],"wp:featuredmedia":[{"embeddable":true,"href":"https:\/\/www.expadd.org\/en\/wp-json\/wp\/v2\/media\/12878"}],"wp:attachment":[{"href":"https:\/\/www.expadd.org\/en\/wp-json\/wp\/v2\/media?parent=12891"}],"wp:term":[{"taxonomy":"category","embeddable":true,"href":"https:\/\/www.expadd.org\/en\/wp-json\/wp\/v2\/categories?post=12891"},{"taxonomy":"post_tag","embeddable":true,"href":"https:\/\/www.expadd.org\/en\/wp-json\/wp\/v2\/tags?post=12891"}],"curies":[{"name":"wp","href":"https:\/\/api.w.org\/{rel}","templated":true}]}}