{"id":12863,"date":"2025-09-12T16:13:42","date_gmt":"2025-09-12T16:13:42","guid":{"rendered":"https:\/\/www.expadd.org\/senegals-2025-reforestation-campaign-the-kolda-region-aims-to-plant-750000-trees\/"},"modified":"2025-09-12T16:13:42","modified_gmt":"2025-09-12T16:13:42","slug":"senegals-2025-reforestation-campaign-the-kolda-region-aims-to-plant-750000-trees","status":"publish","type":"post","link":"https:\/\/www.expadd.org\/en\/senegals-2025-reforestation-campaign-the-kolda-region-aims-to-plant-750000-trees\/","title":{"rendered":"Senegal&#8217;s 2025 reforestation campaign: the Kolda region aims to plant 750,000 trees"},"content":{"rendered":"<p>Source: Vivafrik, June 2025<\/p>\n<p>The Kolda region (south) intends to mark the 2025 edition of the national reforestation campaign with a strong ambition: to plant 750,000 trees by the end of the season. This is the objective announced by the Regional Inspector of Water and Forests (IREF), Lieutenant-Colonel Moussa Di\u00e9m\u00e9, at the preparatory Regional Development Committee (CRD) held on Tuesday June 24. The official launch of the campaign is scheduled for Sunday August 3 in M\u00e9dina Yoro Foula, to mark National Tree Day. The choice of M\u00e9dina Yoro Foula as the launch site is not insignificant. According to Lieutenant-Colonel Di\u00e9m\u00e9, the department has two major characteristics that prompted this decision: its border location, which makes it a hotspot for timber trafficking, and its notable shortage of fruit trees.    <\/p>\n<p><a href=\"https:\/\/www.vivafrik.com\/2025\/06\/26\/campagne-de-reboisement-2025-au-senegal-la-region-de-kolda-vise-la-plantation-de-750-000-arbres-a74641.html\">Senegal&#8217;s 2025 reforestation campaign: the Kolda region aims to plant 750,000 trees &#8211; VivAfrik &#8211; News<\/a><\/p>\n","protected":false},"excerpt":{"rendered":"<p>Source: Vivafrik, June 2025 The Kolda region (south) intends to mark the 2025 edition<\/p>\n","protected":false},"author":1,"featured_media":12861,"comment_status":"open","ping_status":"open","sticky":false,"template":"","format":"standard","meta":{"content-type":"","footnotes":""},"categories":[160],"tags":[],"class_list":["post-12863","post","type-post","status-publish","format-standard","has-post-thumbnail","hentry","category-rebuilding"],"yoast_head":"<!-- This site is optimized with the Yoast SEO plugin v27.5 - https:\/\/yoast.com\/product\/yoast-seo-wordpress\/ -->\n<title>Senegal&#039;s 2025 reforestation campaign: the Kolda region aims to plant 750,000 trees - EXPADD<\/title>\n<meta name=\"robots\" content=\"index, follow, max-snippet:-1, max-image-preview:large, max-video-preview:-1\" \/>\n<link rel=\"canonical\" href=\"https:\/\/www.expadd.org\/en\/senegals-2025-reforestation-campaign-the-kolda-region-aims-to-plant-750000-trees\/\" \/>\n<meta property=\"og:locale\" content=\"en_US\" \/>\n<meta property=\"og:type\" content=\"article\" \/>\n<meta property=\"og:title\" content=\"Senegal&#039;s 2025 reforestation campaign: the Kolda region aims to plant 750,000 trees - EXPADD\" \/>\n<meta property=\"og:description\" content=\"Source: Vivafrik, June 2025 The Kolda region (south) intends to mark the 2025 edition\" \/>\n<meta property=\"og:url\" content=\"https:\/\/www.expadd.org\/en\/senegals-2025-reforestation-campaign-the-kolda-region-aims-to-plant-750000-trees\/\" \/>\n<meta property=\"og:site_name\" content=\"EXPADD\" \/>\n<meta property=\"article:published_time\" content=\"2025-09-12T16:13:42+00:00\" \/>\n<meta name=\"author\" content=\"EXPADD\" \/>\n<meta name=\"twitter:card\" content=\"summary_large_image\" \/>\n<meta name=\"twitter:label1\" content=\"Written by\" \/>\n\t<meta name=\"twitter:data1\" content=\"EXPADD\" \/>\n\t<meta name=\"twitter:label2\" content=\"Est. reading time\" \/>\n\t<meta name=\"twitter:data2\" content=\"1 minute\" \/>\n<script type=\"application\/ld+json\" class=\"yoast-schema-graph\">{\"@context\":\"https:\\\/\\\/schema.org\",\"@graph\":[{\"@type\":\"Article\",\"@id\":\"https:\\\/\\\/www.expadd.org\\\/en\\\/senegals-2025-reforestation-campaign-the-kolda-region-aims-to-plant-750000-trees\\\/#article\",\"isPartOf\":{\"@id\":\"https:\\\/\\\/www.expadd.org\\\/en\\\/senegals-2025-reforestation-campaign-the-kolda-region-aims-to-plant-750000-trees\\\/\"},\"author\":{\"name\":\"EXPADD\",\"@id\":\"https:\\\/\\\/www.expadd.org\\\/en\\\/#\\\/schema\\\/person\\\/9e3bf8e18172ddc6b0817fb431b09466\"},\"headline\":\"Senegal&#8217;s 2025 reforestation campaign: the Kolda region aims to plant 750,000 trees\",\"datePublished\":\"2025-09-12T16:13:42+00:00\",\"mainEntityOfPage\":{\"@id\":\"https:\\\/\\\/www.expadd.org\\\/en\\\/senegals-2025-reforestation-campaign-the-kolda-region-aims-to-plant-750000-trees\\\/\"},\"wordCount\":153,\"commentCount\":0,\"publisher\":{\"@id\":\"https:\\\/\\\/www.expadd.org\\\/en\\\/#organization\"},\"image\":{\"@id\":\"https:\\\/\\\/www.expadd.org\\\/en\\\/senegals-2025-reforestation-campaign-the-kolda-region-aims-to-plant-750000-trees\\\/#primaryimage\"},\"thumbnailUrl\":\"https:\\\/\\\/www.expadd.org\\\/wp-content\\\/uploads\\\/2025\\\/09\\\/REBOISEMENT-AFRIQUE-TOF-1.avif\",\"articleSection\":[\"REBUILDING\"],\"inLanguage\":\"en-US\",\"potentialAction\":[{\"@type\":\"CommentAction\",\"name\":\"Comment\",\"target\":[\"https:\\\/\\\/www.expadd.org\\\/en\\\/senegals-2025-reforestation-campaign-the-kolda-region-aims-to-plant-750000-trees\\\/#respond\"]}]},{\"@type\":\"WebPage\",\"@id\":\"https:\\\/\\\/www.expadd.org\\\/en\\\/senegals-2025-reforestation-campaign-the-kolda-region-aims-to-plant-750000-trees\\\/\",\"url\":\"https:\\\/\\\/www.expadd.org\\\/en\\\/senegals-2025-reforestation-campaign-the-kolda-region-aims-to-plant-750000-trees\\\/\",\"name\":\"Senegal's 2025 reforestation campaign: the Kolda region aims to plant 750,000 trees - EXPADD\",\"isPartOf\":{\"@id\":\"https:\\\/\\\/www.expadd.org\\\/en\\\/#website\"},\"primaryImageOfPage\":{\"@id\":\"https:\\\/\\\/www.expadd.org\\\/en\\\/senegals-2025-reforestation-campaign-the-kolda-region-aims-to-plant-750000-trees\\\/#primaryimage\"},\"image\":{\"@id\":\"https:\\\/\\\/www.expadd.org\\\/en\\\/senegals-2025-reforestation-campaign-the-kolda-region-aims-to-plant-750000-trees\\\/#primaryimage\"},\"thumbnailUrl\":\"https:\\\/\\\/www.expadd.org\\\/wp-content\\\/uploads\\\/2025\\\/09\\\/REBOISEMENT-AFRIQUE-TOF-1.avif\",\"datePublished\":\"2025-09-12T16:13:42+00:00\",\"breadcrumb\":{\"@id\":\"https:\\\/\\\/www.expadd.org\\\/en\\\/senegals-2025-reforestation-campaign-the-kolda-region-aims-to-plant-750000-trees\\\/#breadcrumb\"},\"inLanguage\":\"en-US\",\"potentialAction\":[{\"@type\":\"ReadAction\",\"target\":[\"https:\\\/\\\/www.expadd.org\\\/en\\\/senegals-2025-reforestation-campaign-the-kolda-region-aims-to-plant-750000-trees\\\/\"]}]},{\"@type\":\"ImageObject\",\"inLanguage\":\"en-US\",\"@id\":\"https:\\\/\\\/www.expadd.org\\\/en\\\/senegals-2025-reforestation-campaign-the-kolda-region-aims-to-plant-750000-trees\\\/#primaryimage\",\"url\":\"https:\\\/\\\/www.expadd.org\\\/wp-content\\\/uploads\\\/2025\\\/09\\\/REBOISEMENT-AFRIQUE-TOF-1.avif\",\"contentUrl\":\"https:\\\/\\\/www.expadd.org\\\/wp-content\\\/uploads\\\/2025\\\/09\\\/REBOISEMENT-AFRIQUE-TOF-1.avif\",\"width\":1169,\"height\":780},{\"@type\":\"BreadcrumbList\",\"@id\":\"https:\\\/\\\/www.expadd.org\\\/en\\\/senegals-2025-reforestation-campaign-the-kolda-region-aims-to-plant-750000-trees\\\/#breadcrumb\",\"itemListElement\":[{\"@type\":\"ListItem\",\"position\":1,\"name\":\"Accueil\",\"item\":\"https:\\\/\\\/www.expadd.org\\\/en\\\/\"},{\"@type\":\"ListItem\",\"position\":2,\"name\":\"Senegal&rsquo;s 2025 reforestation campaign: the Kolda region aims to plant 750,000 trees\"}]},{\"@type\":\"WebSite\",\"@id\":\"https:\\\/\\\/www.expadd.org\\\/en\\\/#website\",\"url\":\"https:\\\/\\\/www.expadd.org\\\/en\\\/\",\"name\":\"EXPADD\",\"description\":\"Pour B\u00e2tir une soci\u00e9t\u00e9 Africaine durable\",\"publisher\":{\"@id\":\"https:\\\/\\\/www.expadd.org\\\/en\\\/#organization\"},\"potentialAction\":[{\"@type\":\"SearchAction\",\"target\":{\"@type\":\"EntryPoint\",\"urlTemplate\":\"https:\\\/\\\/www.expadd.org\\\/en\\\/?s={search_term_string}\"},\"query-input\":{\"@type\":\"PropertyValueSpecification\",\"valueRequired\":true,\"valueName\":\"search_term_string\"}}],\"inLanguage\":\"en-US\"},{\"@type\":\"Organization\",\"@id\":\"https:\\\/\\\/www.expadd.org\\\/en\\\/#organization\",\"name\":\"EXPERTS D'AFRIQUE POUR LE DEVELOPPEMENT DURABLE\",\"url\":\"https:\\\/\\\/www.expadd.org\\\/en\\\/\",\"logo\":{\"@type\":\"ImageObject\",\"inLanguage\":\"en-US\",\"@id\":\"https:\\\/\\\/www.expadd.org\\\/en\\\/#\\\/schema\\\/logo\\\/image\\\/\",\"url\":\"https:\\\/\\\/www.expadd.org\\\/wp-content\\\/uploads\\\/2021\\\/05\\\/cropped-cropped-cropped-cropped-cropped-Capture-decran-2021-03-13-a-20.44.36-2.png\",\"contentUrl\":\"https:\\\/\\\/www.expadd.org\\\/wp-content\\\/uploads\\\/2021\\\/05\\\/cropped-cropped-cropped-cropped-cropped-Capture-decran-2021-03-13-a-20.44.36-2.png\",\"width\":1919,\"height\":1374,\"caption\":\"EXPERTS D'AFRIQUE POUR LE DEVELOPPEMENT DURABLE\"},\"image\":{\"@id\":\"https:\\\/\\\/www.expadd.org\\\/en\\\/#\\\/schema\\\/logo\\\/image\\\/\"}},{\"@type\":\"Person\",\"@id\":\"https:\\\/\\\/www.expadd.org\\\/en\\\/#\\\/schema\\\/person\\\/9e3bf8e18172ddc6b0817fb431b09466\",\"name\":\"EXPADD\",\"image\":{\"@type\":\"ImageObject\",\"inLanguage\":\"en-US\",\"@id\":\"https:\\\/\\\/secure.gravatar.com\\\/avatar\\\/957ffa3fc16f59afe731c0b7b5e2dcb9a0efedb2044cc566d87841dbca098b71?s=96&d=mm&r=g\",\"url\":\"https:\\\/\\\/secure.gravatar.com\\\/avatar\\\/957ffa3fc16f59afe731c0b7b5e2dcb9a0efedb2044cc566d87841dbca098b71?s=96&d=mm&r=g\",\"contentUrl\":\"https:\\\/\\\/secure.gravatar.com\\\/avatar\\\/957ffa3fc16f59afe731c0b7b5e2dcb9a0efedb2044cc566d87841dbca098b71?s=96&d=mm&r=g\",\"caption\":\"EXPADD\"},\"sameAs\":[\"https:\\\/\\\/www.expadd.org\"],\"url\":\"https:\\\/\\\/www.expadd.org\\\/en\\\/author\\\/christo76\\\/\"}]}<\/script>\n<!-- \/ Yoast SEO plugin. -->","yoast_head_json":{"title":"Senegal's 2025 reforestation campaign: the Kolda region aims to plant 750,000 trees - EXPADD","robots":{"index":"index","follow":"follow","max-snippet":"max-snippet:-1","max-image-preview":"max-image-preview:large","max-video-preview":"max-video-preview:-1"},"canonical":"https:\/\/www.expadd.org\/en\/senegals-2025-reforestation-campaign-the-kolda-region-aims-to-plant-750000-trees\/","og_locale":"en_US","og_type":"article","og_title":"Senegal's 2025 reforestation campaign: the Kolda region aims to plant 750,000 trees - EXPADD","og_description":"Source: Vivafrik, June 2025 The Kolda region (south) intends to mark the 2025 edition","og_url":"https:\/\/www.expadd.org\/en\/senegals-2025-reforestation-campaign-the-kolda-region-aims-to-plant-750000-trees\/","og_site_name":"EXPADD","article_published_time":"2025-09-12T16:13:42+00:00","author":"EXPADD","twitter_card":"summary_large_image","twitter_misc":{"Written by":"EXPADD","Est. reading time":"1 minute"},"schema":{"@context":"https:\/\/schema.org","@graph":[{"@type":"Article","@id":"https:\/\/www.expadd.org\/en\/senegals-2025-reforestation-campaign-the-kolda-region-aims-to-plant-750000-trees\/#article","isPartOf":{"@id":"https:\/\/www.expadd.org\/en\/senegals-2025-reforestation-campaign-the-kolda-region-aims-to-plant-750000-trees\/"},"author":{"name":"EXPADD","@id":"https:\/\/www.expadd.org\/en\/#\/schema\/person\/9e3bf8e18172ddc6b0817fb431b09466"},"headline":"Senegal&#8217;s 2025 reforestation campaign: the Kolda region aims to plant 750,000 trees","datePublished":"2025-09-12T16:13:42+00:00","mainEntityOfPage":{"@id":"https:\/\/www.expadd.org\/en\/senegals-2025-reforestation-campaign-the-kolda-region-aims-to-plant-750000-trees\/"},"wordCount":153,"commentCount":0,"publisher":{"@id":"https:\/\/www.expadd.org\/en\/#organization"},"image":{"@id":"https:\/\/www.expadd.org\/en\/senegals-2025-reforestation-campaign-the-kolda-region-aims-to-plant-750000-trees\/#primaryimage"},"thumbnailUrl":"https:\/\/www.expadd.org\/wp-content\/uploads\/2025\/09\/REBOISEMENT-AFRIQUE-TOF-1.avif","articleSection":["REBUILDING"],"inLanguage":"en-US","potentialAction":[{"@type":"CommentAction","name":"Comment","target":["https:\/\/www.expadd.org\/en\/senegals-2025-reforestation-campaign-the-kolda-region-aims-to-plant-750000-trees\/#respond"]}]},{"@type":"WebPage","@id":"https:\/\/www.expadd.org\/en\/senegals-2025-reforestation-campaign-the-kolda-region-aims-to-plant-750000-trees\/","url":"https:\/\/www.expadd.org\/en\/senegals-2025-reforestation-campaign-the-kolda-region-aims-to-plant-750000-trees\/","name":"Senegal's 2025 reforestation campaign: the Kolda region aims to plant 750,000 trees - EXPADD","isPartOf":{"@id":"https:\/\/www.expadd.org\/en\/#website"},"primaryImageOfPage":{"@id":"https:\/\/www.expadd.org\/en\/senegals-2025-reforestation-campaign-the-kolda-region-aims-to-plant-750000-trees\/#primaryimage"},"image":{"@id":"https:\/\/www.expadd.org\/en\/senegals-2025-reforestation-campaign-the-kolda-region-aims-to-plant-750000-trees\/#primaryimage"},"thumbnailUrl":"https:\/\/www.expadd.org\/wp-content\/uploads\/2025\/09\/REBOISEMENT-AFRIQUE-TOF-1.avif","datePublished":"2025-09-12T16:13:42+00:00","breadcrumb":{"@id":"https:\/\/www.expadd.org\/en\/senegals-2025-reforestation-campaign-the-kolda-region-aims-to-plant-750000-trees\/#breadcrumb"},"inLanguage":"en-US","potentialAction":[{"@type":"ReadAction","target":["https:\/\/www.expadd.org\/en\/senegals-2025-reforestation-campaign-the-kolda-region-aims-to-plant-750000-trees\/"]}]},{"@type":"ImageObject","inLanguage":"en-US","@id":"https:\/\/www.expadd.org\/en\/senegals-2025-reforestation-campaign-the-kolda-region-aims-to-plant-750000-trees\/#primaryimage","url":"https:\/\/www.expadd.org\/wp-content\/uploads\/2025\/09\/REBOISEMENT-AFRIQUE-TOF-1.avif","contentUrl":"https:\/\/www.expadd.org\/wp-content\/uploads\/2025\/09\/REBOISEMENT-AFRIQUE-TOF-1.avif","width":1169,"height":780},{"@type":"BreadcrumbList","@id":"https:\/\/www.expadd.org\/en\/senegals-2025-reforestation-campaign-the-kolda-region-aims-to-plant-750000-trees\/#breadcrumb","itemListElement":[{"@type":"ListItem","position":1,"name":"Accueil","item":"https:\/\/www.expadd.org\/en\/"},{"@type":"ListItem","position":2,"name":"Senegal&rsquo;s 2025 reforestation campaign: the Kolda region aims to plant 750,000 trees"}]},{"@type":"WebSite","@id":"https:\/\/www.expadd.org\/en\/#website","url":"https:\/\/www.expadd.org\/en\/","name":"EXPADD","description":"Pour B\u00e2tir une soci\u00e9t\u00e9 Africaine durable","publisher":{"@id":"https:\/\/www.expadd.org\/en\/#organization"},"potentialAction":[{"@type":"SearchAction","target":{"@type":"EntryPoint","urlTemplate":"https:\/\/www.expadd.org\/en\/?s={search_term_string}"},"query-input":{"@type":"PropertyValueSpecification","valueRequired":true,"valueName":"search_term_string"}}],"inLanguage":"en-US"},{"@type":"Organization","@id":"https:\/\/www.expadd.org\/en\/#organization","name":"EXPERTS D'AFRIQUE POUR LE DEVELOPPEMENT DURABLE","url":"https:\/\/www.expadd.org\/en\/","logo":{"@type":"ImageObject","inLanguage":"en-US","@id":"https:\/\/www.expadd.org\/en\/#\/schema\/logo\/image\/","url":"https:\/\/www.expadd.org\/wp-content\/uploads\/2021\/05\/cropped-cropped-cropped-cropped-cropped-Capture-decran-2021-03-13-a-20.44.36-2.png","contentUrl":"https:\/\/www.expadd.org\/wp-content\/uploads\/2021\/05\/cropped-cropped-cropped-cropped-cropped-Capture-decran-2021-03-13-a-20.44.36-2.png","width":1919,"height":1374,"caption":"EXPERTS D'AFRIQUE POUR LE DEVELOPPEMENT DURABLE"},"image":{"@id":"https:\/\/www.expadd.org\/en\/#\/schema\/logo\/image\/"}},{"@type":"Person","@id":"https:\/\/www.expadd.org\/en\/#\/schema\/person\/9e3bf8e18172ddc6b0817fb431b09466","name":"EXPADD","image":{"@type":"ImageObject","inLanguage":"en-US","@id":"https:\/\/secure.gravatar.com\/avatar\/957ffa3fc16f59afe731c0b7b5e2dcb9a0efedb2044cc566d87841dbca098b71?s=96&d=mm&r=g","url":"https:\/\/secure.gravatar.com\/avatar\/957ffa3fc16f59afe731c0b7b5e2dcb9a0efedb2044cc566d87841dbca098b71?s=96&d=mm&r=g","contentUrl":"https:\/\/secure.gravatar.com\/avatar\/957ffa3fc16f59afe731c0b7b5e2dcb9a0efedb2044cc566d87841dbca098b71?s=96&d=mm&r=g","caption":"EXPADD"},"sameAs":["https:\/\/www.expadd.org"],"url":"https:\/\/www.expadd.org\/en\/author\/christo76\/"}]}},"_links":{"self":[{"href":"https:\/\/www.expadd.org\/en\/wp-json\/wp\/v2\/posts\/12863","targetHints":{"allow":["GET"]}}],"collection":[{"href":"https:\/\/www.expadd.org\/en\/wp-json\/wp\/v2\/posts"}],"about":[{"href":"https:\/\/www.expadd.org\/en\/wp-json\/wp\/v2\/types\/post"}],"author":[{"embeddable":true,"href":"https:\/\/www.expadd.org\/en\/wp-json\/wp\/v2\/users\/1"}],"replies":[{"embeddable":true,"href":"https:\/\/www.expadd.org\/en\/wp-json\/wp\/v2\/comments?post=12863"}],"version-history":[{"count":0,"href":"https:\/\/www.expadd.org\/en\/wp-json\/wp\/v2\/posts\/12863\/revisions"}],"wp:featuredmedia":[{"embeddable":true,"href":"https:\/\/www.expadd.org\/en\/wp-json\/wp\/v2\/media\/12861"}],"wp:attachment":[{"href":"https:\/\/www.expadd.org\/en\/wp-json\/wp\/v2\/media?parent=12863"}],"wp:term":[{"taxonomy":"category","embeddable":true,"href":"https:\/\/www.expadd.org\/en\/wp-json\/wp\/v2\/categories?post=12863"},{"taxonomy":"post_tag","embeddable":true,"href":"https:\/\/www.expadd.org\/en\/wp-json\/wp\/v2\/tags?post=12863"}],"curies":[{"name":"wp","href":"https:\/\/api.w.org\/{rel}","templated":true}]}}