{"id":12823,"date":"2025-09-09T14:55:45","date_gmt":"2025-09-09T14:55:45","guid":{"rendered":"https:\/\/www.expadd.org\/mauritania-climate-challenges-and-internal-migration-exacerbated-by-drought\/"},"modified":"2025-09-09T14:55:45","modified_gmt":"2025-09-09T14:55:45","slug":"mauritania-climate-challenges-and-internal-migration-exacerbated-by-drought","status":"publish","type":"post","link":"https:\/\/www.expadd.org\/en\/mauritania-climate-challenges-and-internal-migration-exacerbated-by-drought\/","title":{"rendered":"Mauritania: climate challenges and internal migration exacerbated by drought"},"content":{"rendered":"<p>Source: AFRICANOVA, August 2025<\/p>\n<p>Mauritania is currently facing a major environmental crisis, caused by persistent drought episodes that are worsening the living conditions of the most vulnerable populations. This situation highlights the close links between climate change, food insecurity and growing internal migration, particularly to neighboring Senegal. Meteorological data show that Mauritania has been experiencing below-average weather for several years now. The water deficit is causing rapid degradation of pastures and arable land, as well as increasing scarcity of drinking water resources. Nomadic herders and farmers, particularly in the Assaba and Hodh El Gharbi regions, are seeing their livelihoods threatened. The decline in local production is exacerbating malnutrition and dependence on external food aid.     <\/p>\n<p><a href=\"https:\/\/africanova.info\/mauritanie-defis-climatiques-et-migrations-internes-exacerbes-par-la-secheresse\/amp\/\">Mauritania: Climate challenges and internal migration exacerbated by drought &#8211; Africanova.info<\/a><\/p>\n<p>&nbsp;<\/p>\n","protected":false},"excerpt":{"rendered":"<p>Source: AFRICANOVA, August 2025 Mauritania is currently facing a major environmental crisis, caused by<\/p>\n","protected":false},"author":1,"featured_media":12805,"comment_status":"open","ping_status":"open","sticky":false,"template":"","format":"standard","meta":{"content-type":"","footnotes":""},"categories":[96],"tags":[],"class_list":["post-12823","post","type-post","status-publish","format-standard","has-post-thumbnail","hentry","category-climate-change"],"yoast_head":"<!-- This site is optimized with the Yoast SEO plugin v27.5 - https:\/\/yoast.com\/product\/yoast-seo-wordpress\/ -->\n<title>Mauritania: climate challenges and internal migration exacerbated by drought - EXPADD<\/title>\n<meta name=\"robots\" content=\"index, follow, max-snippet:-1, max-image-preview:large, max-video-preview:-1\" \/>\n<link rel=\"canonical\" href=\"https:\/\/www.expadd.org\/en\/mauritania-climate-challenges-and-internal-migration-exacerbated-by-drought\/\" \/>\n<meta property=\"og:locale\" content=\"en_US\" \/>\n<meta property=\"og:type\" content=\"article\" \/>\n<meta property=\"og:title\" content=\"Mauritania: climate challenges and internal migration exacerbated by drought - EXPADD\" \/>\n<meta property=\"og:description\" content=\"Source: AFRICANOVA, August 2025 Mauritania is currently facing a major environmental crisis, caused by\" \/>\n<meta property=\"og:url\" content=\"https:\/\/www.expadd.org\/en\/mauritania-climate-challenges-and-internal-migration-exacerbated-by-drought\/\" \/>\n<meta property=\"og:site_name\" content=\"EXPADD\" \/>\n<meta property=\"article:published_time\" content=\"2025-09-09T14:55:45+00:00\" \/>\n<meta name=\"author\" content=\"EXPADD\" \/>\n<meta name=\"twitter:card\" content=\"summary_large_image\" \/>\n<meta name=\"twitter:label1\" content=\"Written by\" \/>\n\t<meta name=\"twitter:data1\" content=\"EXPADD\" \/>\n\t<meta name=\"twitter:label2\" content=\"Est. reading time\" \/>\n\t<meta name=\"twitter:data2\" content=\"1 minute\" \/>\n<script type=\"application\/ld+json\" class=\"yoast-schema-graph\">{\"@context\":\"https:\\\/\\\/schema.org\",\"@graph\":[{\"@type\":\"Article\",\"@id\":\"https:\\\/\\\/www.expadd.org\\\/en\\\/mauritania-climate-challenges-and-internal-migration-exacerbated-by-drought\\\/#article\",\"isPartOf\":{\"@id\":\"https:\\\/\\\/www.expadd.org\\\/en\\\/mauritania-climate-challenges-and-internal-migration-exacerbated-by-drought\\\/\"},\"author\":{\"name\":\"EXPADD\",\"@id\":\"https:\\\/\\\/www.expadd.org\\\/en\\\/#\\\/schema\\\/person\\\/9e3bf8e18172ddc6b0817fb431b09466\"},\"headline\":\"Mauritania: climate challenges and internal migration exacerbated by drought\",\"datePublished\":\"2025-09-09T14:55:45+00:00\",\"mainEntityOfPage\":{\"@id\":\"https:\\\/\\\/www.expadd.org\\\/en\\\/mauritania-climate-challenges-and-internal-migration-exacerbated-by-drought\\\/\"},\"wordCount\":135,\"commentCount\":0,\"publisher\":{\"@id\":\"https:\\\/\\\/www.expadd.org\\\/en\\\/#organization\"},\"image\":{\"@id\":\"https:\\\/\\\/www.expadd.org\\\/en\\\/mauritania-climate-challenges-and-internal-migration-exacerbated-by-drought\\\/#primaryimage\"},\"thumbnailUrl\":\"https:\\\/\\\/www.expadd.org\\\/wp-content\\\/uploads\\\/2025\\\/09\\\/MAURITANIE-TOF-1.avif\",\"articleSection\":[\"CLIMATE CHANGE\"],\"inLanguage\":\"en-US\",\"potentialAction\":[{\"@type\":\"CommentAction\",\"name\":\"Comment\",\"target\":[\"https:\\\/\\\/www.expadd.org\\\/en\\\/mauritania-climate-challenges-and-internal-migration-exacerbated-by-drought\\\/#respond\"]}]},{\"@type\":\"WebPage\",\"@id\":\"https:\\\/\\\/www.expadd.org\\\/en\\\/mauritania-climate-challenges-and-internal-migration-exacerbated-by-drought\\\/\",\"url\":\"https:\\\/\\\/www.expadd.org\\\/en\\\/mauritania-climate-challenges-and-internal-migration-exacerbated-by-drought\\\/\",\"name\":\"Mauritania: climate challenges and internal migration exacerbated by drought - EXPADD\",\"isPartOf\":{\"@id\":\"https:\\\/\\\/www.expadd.org\\\/en\\\/#website\"},\"primaryImageOfPage\":{\"@id\":\"https:\\\/\\\/www.expadd.org\\\/en\\\/mauritania-climate-challenges-and-internal-migration-exacerbated-by-drought\\\/#primaryimage\"},\"image\":{\"@id\":\"https:\\\/\\\/www.expadd.org\\\/en\\\/mauritania-climate-challenges-and-internal-migration-exacerbated-by-drought\\\/#primaryimage\"},\"thumbnailUrl\":\"https:\\\/\\\/www.expadd.org\\\/wp-content\\\/uploads\\\/2025\\\/09\\\/MAURITANIE-TOF-1.avif\",\"datePublished\":\"2025-09-09T14:55:45+00:00\",\"breadcrumb\":{\"@id\":\"https:\\\/\\\/www.expadd.org\\\/en\\\/mauritania-climate-challenges-and-internal-migration-exacerbated-by-drought\\\/#breadcrumb\"},\"inLanguage\":\"en-US\",\"potentialAction\":[{\"@type\":\"ReadAction\",\"target\":[\"https:\\\/\\\/www.expadd.org\\\/en\\\/mauritania-climate-challenges-and-internal-migration-exacerbated-by-drought\\\/\"]}]},{\"@type\":\"ImageObject\",\"inLanguage\":\"en-US\",\"@id\":\"https:\\\/\\\/www.expadd.org\\\/en\\\/mauritania-climate-challenges-and-internal-migration-exacerbated-by-drought\\\/#primaryimage\",\"url\":\"https:\\\/\\\/www.expadd.org\\\/wp-content\\\/uploads\\\/2025\\\/09\\\/MAURITANIE-TOF-1.avif\",\"contentUrl\":\"https:\\\/\\\/www.expadd.org\\\/wp-content\\\/uploads\\\/2025\\\/09\\\/MAURITANIE-TOF-1.avif\",\"width\":687,\"height\":1031},{\"@type\":\"BreadcrumbList\",\"@id\":\"https:\\\/\\\/www.expadd.org\\\/en\\\/mauritania-climate-challenges-and-internal-migration-exacerbated-by-drought\\\/#breadcrumb\",\"itemListElement\":[{\"@type\":\"ListItem\",\"position\":1,\"name\":\"Accueil\",\"item\":\"https:\\\/\\\/www.expadd.org\\\/en\\\/\"},{\"@type\":\"ListItem\",\"position\":2,\"name\":\"Mauritania: climate challenges and internal migration exacerbated by drought\"}]},{\"@type\":\"WebSite\",\"@id\":\"https:\\\/\\\/www.expadd.org\\\/en\\\/#website\",\"url\":\"https:\\\/\\\/www.expadd.org\\\/en\\\/\",\"name\":\"EXPADD\",\"description\":\"Pour B\u00e2tir une soci\u00e9t\u00e9 Africaine durable\",\"publisher\":{\"@id\":\"https:\\\/\\\/www.expadd.org\\\/en\\\/#organization\"},\"potentialAction\":[{\"@type\":\"SearchAction\",\"target\":{\"@type\":\"EntryPoint\",\"urlTemplate\":\"https:\\\/\\\/www.expadd.org\\\/en\\\/?s={search_term_string}\"},\"query-input\":{\"@type\":\"PropertyValueSpecification\",\"valueRequired\":true,\"valueName\":\"search_term_string\"}}],\"inLanguage\":\"en-US\"},{\"@type\":\"Organization\",\"@id\":\"https:\\\/\\\/www.expadd.org\\\/en\\\/#organization\",\"name\":\"EXPERTS D'AFRIQUE POUR LE DEVELOPPEMENT DURABLE\",\"url\":\"https:\\\/\\\/www.expadd.org\\\/en\\\/\",\"logo\":{\"@type\":\"ImageObject\",\"inLanguage\":\"en-US\",\"@id\":\"https:\\\/\\\/www.expadd.org\\\/en\\\/#\\\/schema\\\/logo\\\/image\\\/\",\"url\":\"https:\\\/\\\/www.expadd.org\\\/wp-content\\\/uploads\\\/2021\\\/05\\\/cropped-cropped-cropped-cropped-cropped-Capture-decran-2021-03-13-a-20.44.36-2.png\",\"contentUrl\":\"https:\\\/\\\/www.expadd.org\\\/wp-content\\\/uploads\\\/2021\\\/05\\\/cropped-cropped-cropped-cropped-cropped-Capture-decran-2021-03-13-a-20.44.36-2.png\",\"width\":1919,\"height\":1374,\"caption\":\"EXPERTS D'AFRIQUE POUR LE DEVELOPPEMENT DURABLE\"},\"image\":{\"@id\":\"https:\\\/\\\/www.expadd.org\\\/en\\\/#\\\/schema\\\/logo\\\/image\\\/\"}},{\"@type\":\"Person\",\"@id\":\"https:\\\/\\\/www.expadd.org\\\/en\\\/#\\\/schema\\\/person\\\/9e3bf8e18172ddc6b0817fb431b09466\",\"name\":\"EXPADD\",\"image\":{\"@type\":\"ImageObject\",\"inLanguage\":\"en-US\",\"@id\":\"https:\\\/\\\/secure.gravatar.com\\\/avatar\\\/957ffa3fc16f59afe731c0b7b5e2dcb9a0efedb2044cc566d87841dbca098b71?s=96&d=mm&r=g\",\"url\":\"https:\\\/\\\/secure.gravatar.com\\\/avatar\\\/957ffa3fc16f59afe731c0b7b5e2dcb9a0efedb2044cc566d87841dbca098b71?s=96&d=mm&r=g\",\"contentUrl\":\"https:\\\/\\\/secure.gravatar.com\\\/avatar\\\/957ffa3fc16f59afe731c0b7b5e2dcb9a0efedb2044cc566d87841dbca098b71?s=96&d=mm&r=g\",\"caption\":\"EXPADD\"},\"sameAs\":[\"https:\\\/\\\/www.expadd.org\"],\"url\":\"https:\\\/\\\/www.expadd.org\\\/en\\\/author\\\/christo76\\\/\"}]}<\/script>\n<!-- \/ Yoast SEO plugin. -->","yoast_head_json":{"title":"Mauritania: climate challenges and internal migration exacerbated by drought - EXPADD","robots":{"index":"index","follow":"follow","max-snippet":"max-snippet:-1","max-image-preview":"max-image-preview:large","max-video-preview":"max-video-preview:-1"},"canonical":"https:\/\/www.expadd.org\/en\/mauritania-climate-challenges-and-internal-migration-exacerbated-by-drought\/","og_locale":"en_US","og_type":"article","og_title":"Mauritania: climate challenges and internal migration exacerbated by drought - EXPADD","og_description":"Source: AFRICANOVA, August 2025 Mauritania is currently facing a major environmental crisis, caused by","og_url":"https:\/\/www.expadd.org\/en\/mauritania-climate-challenges-and-internal-migration-exacerbated-by-drought\/","og_site_name":"EXPADD","article_published_time":"2025-09-09T14:55:45+00:00","author":"EXPADD","twitter_card":"summary_large_image","twitter_misc":{"Written by":"EXPADD","Est. reading time":"1 minute"},"schema":{"@context":"https:\/\/schema.org","@graph":[{"@type":"Article","@id":"https:\/\/www.expadd.org\/en\/mauritania-climate-challenges-and-internal-migration-exacerbated-by-drought\/#article","isPartOf":{"@id":"https:\/\/www.expadd.org\/en\/mauritania-climate-challenges-and-internal-migration-exacerbated-by-drought\/"},"author":{"name":"EXPADD","@id":"https:\/\/www.expadd.org\/en\/#\/schema\/person\/9e3bf8e18172ddc6b0817fb431b09466"},"headline":"Mauritania: climate challenges and internal migration exacerbated by drought","datePublished":"2025-09-09T14:55:45+00:00","mainEntityOfPage":{"@id":"https:\/\/www.expadd.org\/en\/mauritania-climate-challenges-and-internal-migration-exacerbated-by-drought\/"},"wordCount":135,"commentCount":0,"publisher":{"@id":"https:\/\/www.expadd.org\/en\/#organization"},"image":{"@id":"https:\/\/www.expadd.org\/en\/mauritania-climate-challenges-and-internal-migration-exacerbated-by-drought\/#primaryimage"},"thumbnailUrl":"https:\/\/www.expadd.org\/wp-content\/uploads\/2025\/09\/MAURITANIE-TOF-1.avif","articleSection":["CLIMATE CHANGE"],"inLanguage":"en-US","potentialAction":[{"@type":"CommentAction","name":"Comment","target":["https:\/\/www.expadd.org\/en\/mauritania-climate-challenges-and-internal-migration-exacerbated-by-drought\/#respond"]}]},{"@type":"WebPage","@id":"https:\/\/www.expadd.org\/en\/mauritania-climate-challenges-and-internal-migration-exacerbated-by-drought\/","url":"https:\/\/www.expadd.org\/en\/mauritania-climate-challenges-and-internal-migration-exacerbated-by-drought\/","name":"Mauritania: climate challenges and internal migration exacerbated by drought - EXPADD","isPartOf":{"@id":"https:\/\/www.expadd.org\/en\/#website"},"primaryImageOfPage":{"@id":"https:\/\/www.expadd.org\/en\/mauritania-climate-challenges-and-internal-migration-exacerbated-by-drought\/#primaryimage"},"image":{"@id":"https:\/\/www.expadd.org\/en\/mauritania-climate-challenges-and-internal-migration-exacerbated-by-drought\/#primaryimage"},"thumbnailUrl":"https:\/\/www.expadd.org\/wp-content\/uploads\/2025\/09\/MAURITANIE-TOF-1.avif","datePublished":"2025-09-09T14:55:45+00:00","breadcrumb":{"@id":"https:\/\/www.expadd.org\/en\/mauritania-climate-challenges-and-internal-migration-exacerbated-by-drought\/#breadcrumb"},"inLanguage":"en-US","potentialAction":[{"@type":"ReadAction","target":["https:\/\/www.expadd.org\/en\/mauritania-climate-challenges-and-internal-migration-exacerbated-by-drought\/"]}]},{"@type":"ImageObject","inLanguage":"en-US","@id":"https:\/\/www.expadd.org\/en\/mauritania-climate-challenges-and-internal-migration-exacerbated-by-drought\/#primaryimage","url":"https:\/\/www.expadd.org\/wp-content\/uploads\/2025\/09\/MAURITANIE-TOF-1.avif","contentUrl":"https:\/\/www.expadd.org\/wp-content\/uploads\/2025\/09\/MAURITANIE-TOF-1.avif","width":687,"height":1031},{"@type":"BreadcrumbList","@id":"https:\/\/www.expadd.org\/en\/mauritania-climate-challenges-and-internal-migration-exacerbated-by-drought\/#breadcrumb","itemListElement":[{"@type":"ListItem","position":1,"name":"Accueil","item":"https:\/\/www.expadd.org\/en\/"},{"@type":"ListItem","position":2,"name":"Mauritania: climate challenges and internal migration exacerbated by drought"}]},{"@type":"WebSite","@id":"https:\/\/www.expadd.org\/en\/#website","url":"https:\/\/www.expadd.org\/en\/","name":"EXPADD","description":"Pour B\u00e2tir une soci\u00e9t\u00e9 Africaine durable","publisher":{"@id":"https:\/\/www.expadd.org\/en\/#organization"},"potentialAction":[{"@type":"SearchAction","target":{"@type":"EntryPoint","urlTemplate":"https:\/\/www.expadd.org\/en\/?s={search_term_string}"},"query-input":{"@type":"PropertyValueSpecification","valueRequired":true,"valueName":"search_term_string"}}],"inLanguage":"en-US"},{"@type":"Organization","@id":"https:\/\/www.expadd.org\/en\/#organization","name":"EXPERTS D'AFRIQUE POUR LE DEVELOPPEMENT DURABLE","url":"https:\/\/www.expadd.org\/en\/","logo":{"@type":"ImageObject","inLanguage":"en-US","@id":"https:\/\/www.expadd.org\/en\/#\/schema\/logo\/image\/","url":"https:\/\/www.expadd.org\/wp-content\/uploads\/2021\/05\/cropped-cropped-cropped-cropped-cropped-Capture-decran-2021-03-13-a-20.44.36-2.png","contentUrl":"https:\/\/www.expadd.org\/wp-content\/uploads\/2021\/05\/cropped-cropped-cropped-cropped-cropped-Capture-decran-2021-03-13-a-20.44.36-2.png","width":1919,"height":1374,"caption":"EXPERTS D'AFRIQUE POUR LE DEVELOPPEMENT DURABLE"},"image":{"@id":"https:\/\/www.expadd.org\/en\/#\/schema\/logo\/image\/"}},{"@type":"Person","@id":"https:\/\/www.expadd.org\/en\/#\/schema\/person\/9e3bf8e18172ddc6b0817fb431b09466","name":"EXPADD","image":{"@type":"ImageObject","inLanguage":"en-US","@id":"https:\/\/secure.gravatar.com\/avatar\/957ffa3fc16f59afe731c0b7b5e2dcb9a0efedb2044cc566d87841dbca098b71?s=96&d=mm&r=g","url":"https:\/\/secure.gravatar.com\/avatar\/957ffa3fc16f59afe731c0b7b5e2dcb9a0efedb2044cc566d87841dbca098b71?s=96&d=mm&r=g","contentUrl":"https:\/\/secure.gravatar.com\/avatar\/957ffa3fc16f59afe731c0b7b5e2dcb9a0efedb2044cc566d87841dbca098b71?s=96&d=mm&r=g","caption":"EXPADD"},"sameAs":["https:\/\/www.expadd.org"],"url":"https:\/\/www.expadd.org\/en\/author\/christo76\/"}]}},"_links":{"self":[{"href":"https:\/\/www.expadd.org\/en\/wp-json\/wp\/v2\/posts\/12823","targetHints":{"allow":["GET"]}}],"collection":[{"href":"https:\/\/www.expadd.org\/en\/wp-json\/wp\/v2\/posts"}],"about":[{"href":"https:\/\/www.expadd.org\/en\/wp-json\/wp\/v2\/types\/post"}],"author":[{"embeddable":true,"href":"https:\/\/www.expadd.org\/en\/wp-json\/wp\/v2\/users\/1"}],"replies":[{"embeddable":true,"href":"https:\/\/www.expadd.org\/en\/wp-json\/wp\/v2\/comments?post=12823"}],"version-history":[{"count":0,"href":"https:\/\/www.expadd.org\/en\/wp-json\/wp\/v2\/posts\/12823\/revisions"}],"wp:featuredmedia":[{"embeddable":true,"href":"https:\/\/www.expadd.org\/en\/wp-json\/wp\/v2\/media\/12805"}],"wp:attachment":[{"href":"https:\/\/www.expadd.org\/en\/wp-json\/wp\/v2\/media?parent=12823"}],"wp:term":[{"taxonomy":"category","embeddable":true,"href":"https:\/\/www.expadd.org\/en\/wp-json\/wp\/v2\/categories?post=12823"},{"taxonomy":"post_tag","embeddable":true,"href":"https:\/\/www.expadd.org\/en\/wp-json\/wp\/v2\/tags?post=12823"}],"curies":[{"name":"wp","href":"https:\/\/api.w.org\/{rel}","templated":true}]}}