{"id":12802,"date":"2025-09-05T22:19:54","date_gmt":"2025-09-05T22:19:54","guid":{"rendered":"https:\/\/www.expadd.org\/tunis-to-host-the-2%e1%b5%89-edition-of-the-green-economy-and-finance-fair\/"},"modified":"2025-09-05T22:19:54","modified_gmt":"2025-09-05T22:19:54","slug":"tunis-to-host-the-2%e1%b5%89-edition-of-the-green-economy-and-finance-fair","status":"publish","type":"post","link":"https:\/\/www.expadd.org\/en\/tunis-to-host-the-2%e1%b5%89-edition-of-the-green-economy-and-finance-fair\/","title":{"rendered":"Tunis to host the 2\u1d49 edition of the Green Economy and Finance Fair"},"content":{"rendered":"<p>Source: La presse Tn June 2025<\/p>\n<p>On October 16 and 17, the Tunisian capital is set to host the second edition of the Salon de l&#8217;\u00c9conomie Verte, de la Finance Responsable et du D\u00e9veloppement Durable. This year&#8217;s event will focus on a central theme: female entrepreneurship, economic inclusion and access to financing. <\/p>\n<p>Organized in partnership with financial institutions, incubators, associations and international partners, this national event aims to strengthen women&#8217;s participation in the green and sustainable economy, by addressing the structural barriers that limit their access to financing and development opportunities.<\/p>\n<p>In a context where women entrepreneurs remain under-represented in innovative and sustainable sectors, the Salon aims to provide a space for dialogue and co-construction between women entrepreneurs, economic players, public decision-makers and financial backers. The aim: to propose concrete solutions for inclusive, resilient and environmentally-friendly growth. <\/p>\n<p><a href=\"https:\/\/lapresse.tn\/2025\/06\/01\/tunis-accueillera-la-2%E1%B5%89-edition-du-salon-de-leconomie-verte-de-la-finance-responsable-et-du-developpement-durable\/\">Tunis to host the 2\u1d49 edition of the Salon de l&#8217;\u00c9conomie Verte, de la Finance : Responsable et du D\u00e9veloppement Durable &#8211; La Presse de Tunisie<\/a><\/p>\n","protected":false},"excerpt":{"rendered":"<p>Source: La presse Tn June 2025 On October 16 and 17, the Tunisian capital<\/p>\n","protected":false},"author":1,"featured_media":12796,"comment_status":"open","ping_status":"open","sticky":false,"template":"","format":"standard","meta":{"content-type":"","footnotes":""},"categories":[166],"tags":[],"class_list":["post-12802","post","type-post","status-publish","format-standard","has-post-thumbnail","hentry","category-agenda-en"],"yoast_head":"<!-- This site is optimized with the Yoast SEO plugin v27.5 - https:\/\/yoast.com\/product\/yoast-seo-wordpress\/ -->\n<title>Tunis to host the 2\u1d49 edition of the Green Economy and Finance Fair - EXPADD<\/title>\n<meta name=\"robots\" content=\"index, follow, max-snippet:-1, max-image-preview:large, max-video-preview:-1\" \/>\n<link rel=\"canonical\" href=\"https:\/\/www.expadd.org\/en\/tunis-to-host-the-2%e1%b5%89-edition-of-the-green-economy-and-finance-fair\/\" \/>\n<meta property=\"og:locale\" content=\"en_US\" \/>\n<meta property=\"og:type\" content=\"article\" \/>\n<meta property=\"og:title\" content=\"Tunis to host the 2\u1d49 edition of the Green Economy and Finance Fair - EXPADD\" \/>\n<meta property=\"og:description\" content=\"Source: La presse Tn June 2025 On October 16 and 17, the Tunisian capital\" \/>\n<meta property=\"og:url\" content=\"https:\/\/www.expadd.org\/en\/tunis-to-host-the-2%e1%b5%89-edition-of-the-green-economy-and-finance-fair\/\" \/>\n<meta property=\"og:site_name\" content=\"EXPADD\" \/>\n<meta property=\"article:published_time\" content=\"2025-09-05T22:19:54+00:00\" \/>\n<meta name=\"author\" content=\"EXPADD\" \/>\n<meta name=\"twitter:card\" content=\"summary_large_image\" \/>\n<meta name=\"twitter:label1\" content=\"Written by\" \/>\n\t<meta name=\"twitter:data1\" content=\"EXPADD\" \/>\n\t<meta name=\"twitter:label2\" content=\"Est. reading time\" \/>\n\t<meta name=\"twitter:data2\" content=\"1 minute\" \/>\n<script type=\"application\/ld+json\" class=\"yoast-schema-graph\">{\"@context\":\"https:\\\/\\\/schema.org\",\"@graph\":[{\"@type\":\"Article\",\"@id\":\"https:\\\/\\\/www.expadd.org\\\/en\\\/tunis-to-host-the-2%e1%b5%89-edition-of-the-green-economy-and-finance-fair\\\/#article\",\"isPartOf\":{\"@id\":\"https:\\\/\\\/www.expadd.org\\\/en\\\/tunis-to-host-the-2%e1%b5%89-edition-of-the-green-economy-and-finance-fair\\\/\"},\"author\":{\"name\":\"EXPADD\",\"@id\":\"https:\\\/\\\/www.expadd.org\\\/en\\\/#\\\/schema\\\/person\\\/9e3bf8e18172ddc6b0817fb431b09466\"},\"headline\":\"Tunis to host the 2\u1d49 edition of the Green Economy and Finance Fair\",\"datePublished\":\"2025-09-05T22:19:54+00:00\",\"mainEntityOfPage\":{\"@id\":\"https:\\\/\\\/www.expadd.org\\\/en\\\/tunis-to-host-the-2%e1%b5%89-edition-of-the-green-economy-and-finance-fair\\\/\"},\"wordCount\":176,\"commentCount\":0,\"publisher\":{\"@id\":\"https:\\\/\\\/www.expadd.org\\\/en\\\/#organization\"},\"image\":{\"@id\":\"https:\\\/\\\/www.expadd.org\\\/en\\\/tunis-to-host-the-2%e1%b5%89-edition-of-the-green-economy-and-finance-fair\\\/#primaryimage\"},\"thumbnailUrl\":\"https:\\\/\\\/www.expadd.org\\\/wp-content\\\/uploads\\\/2025\\\/09\\\/TUNISIE-TOF-1.avif\",\"articleSection\":[\"AGENDA\"],\"inLanguage\":\"en-US\",\"potentialAction\":[{\"@type\":\"CommentAction\",\"name\":\"Comment\",\"target\":[\"https:\\\/\\\/www.expadd.org\\\/en\\\/tunis-to-host-the-2%e1%b5%89-edition-of-the-green-economy-and-finance-fair\\\/#respond\"]}]},{\"@type\":\"WebPage\",\"@id\":\"https:\\\/\\\/www.expadd.org\\\/en\\\/tunis-to-host-the-2%e1%b5%89-edition-of-the-green-economy-and-finance-fair\\\/\",\"url\":\"https:\\\/\\\/www.expadd.org\\\/en\\\/tunis-to-host-the-2%e1%b5%89-edition-of-the-green-economy-and-finance-fair\\\/\",\"name\":\"Tunis to host the 2\u1d49 edition of the Green Economy and Finance Fair - EXPADD\",\"isPartOf\":{\"@id\":\"https:\\\/\\\/www.expadd.org\\\/en\\\/#website\"},\"primaryImageOfPage\":{\"@id\":\"https:\\\/\\\/www.expadd.org\\\/en\\\/tunis-to-host-the-2%e1%b5%89-edition-of-the-green-economy-and-finance-fair\\\/#primaryimage\"},\"image\":{\"@id\":\"https:\\\/\\\/www.expadd.org\\\/en\\\/tunis-to-host-the-2%e1%b5%89-edition-of-the-green-economy-and-finance-fair\\\/#primaryimage\"},\"thumbnailUrl\":\"https:\\\/\\\/www.expadd.org\\\/wp-content\\\/uploads\\\/2025\\\/09\\\/TUNISIE-TOF-1.avif\",\"datePublished\":\"2025-09-05T22:19:54+00:00\",\"breadcrumb\":{\"@id\":\"https:\\\/\\\/www.expadd.org\\\/en\\\/tunis-to-host-the-2%e1%b5%89-edition-of-the-green-economy-and-finance-fair\\\/#breadcrumb\"},\"inLanguage\":\"en-US\",\"potentialAction\":[{\"@type\":\"ReadAction\",\"target\":[\"https:\\\/\\\/www.expadd.org\\\/en\\\/tunis-to-host-the-2%e1%b5%89-edition-of-the-green-economy-and-finance-fair\\\/\"]}]},{\"@type\":\"ImageObject\",\"inLanguage\":\"en-US\",\"@id\":\"https:\\\/\\\/www.expadd.org\\\/en\\\/tunis-to-host-the-2%e1%b5%89-edition-of-the-green-economy-and-finance-fair\\\/#primaryimage\",\"url\":\"https:\\\/\\\/www.expadd.org\\\/wp-content\\\/uploads\\\/2025\\\/09\\\/TUNISIE-TOF-1.avif\",\"contentUrl\":\"https:\\\/\\\/www.expadd.org\\\/wp-content\\\/uploads\\\/2025\\\/09\\\/TUNISIE-TOF-1.avif\",\"width\":1170,\"height\":780},{\"@type\":\"BreadcrumbList\",\"@id\":\"https:\\\/\\\/www.expadd.org\\\/en\\\/tunis-to-host-the-2%e1%b5%89-edition-of-the-green-economy-and-finance-fair\\\/#breadcrumb\",\"itemListElement\":[{\"@type\":\"ListItem\",\"position\":1,\"name\":\"Accueil\",\"item\":\"https:\\\/\\\/www.expadd.org\\\/en\\\/\"},{\"@type\":\"ListItem\",\"position\":2,\"name\":\"Tunis to host the 2\u1d49 edition of the Green Economy and Finance Fair\"}]},{\"@type\":\"WebSite\",\"@id\":\"https:\\\/\\\/www.expadd.org\\\/en\\\/#website\",\"url\":\"https:\\\/\\\/www.expadd.org\\\/en\\\/\",\"name\":\"EXPADD\",\"description\":\"Pour B\u00e2tir une soci\u00e9t\u00e9 Africaine durable\",\"publisher\":{\"@id\":\"https:\\\/\\\/www.expadd.org\\\/en\\\/#organization\"},\"potentialAction\":[{\"@type\":\"SearchAction\",\"target\":{\"@type\":\"EntryPoint\",\"urlTemplate\":\"https:\\\/\\\/www.expadd.org\\\/en\\\/?s={search_term_string}\"},\"query-input\":{\"@type\":\"PropertyValueSpecification\",\"valueRequired\":true,\"valueName\":\"search_term_string\"}}],\"inLanguage\":\"en-US\"},{\"@type\":\"Organization\",\"@id\":\"https:\\\/\\\/www.expadd.org\\\/en\\\/#organization\",\"name\":\"EXPERTS D'AFRIQUE POUR LE DEVELOPPEMENT DURABLE\",\"url\":\"https:\\\/\\\/www.expadd.org\\\/en\\\/\",\"logo\":{\"@type\":\"ImageObject\",\"inLanguage\":\"en-US\",\"@id\":\"https:\\\/\\\/www.expadd.org\\\/en\\\/#\\\/schema\\\/logo\\\/image\\\/\",\"url\":\"https:\\\/\\\/www.expadd.org\\\/wp-content\\\/uploads\\\/2021\\\/05\\\/cropped-cropped-cropped-cropped-cropped-Capture-decran-2021-03-13-a-20.44.36-2.png\",\"contentUrl\":\"https:\\\/\\\/www.expadd.org\\\/wp-content\\\/uploads\\\/2021\\\/05\\\/cropped-cropped-cropped-cropped-cropped-Capture-decran-2021-03-13-a-20.44.36-2.png\",\"width\":1919,\"height\":1374,\"caption\":\"EXPERTS D'AFRIQUE POUR LE DEVELOPPEMENT DURABLE\"},\"image\":{\"@id\":\"https:\\\/\\\/www.expadd.org\\\/en\\\/#\\\/schema\\\/logo\\\/image\\\/\"}},{\"@type\":\"Person\",\"@id\":\"https:\\\/\\\/www.expadd.org\\\/en\\\/#\\\/schema\\\/person\\\/9e3bf8e18172ddc6b0817fb431b09466\",\"name\":\"EXPADD\",\"image\":{\"@type\":\"ImageObject\",\"inLanguage\":\"en-US\",\"@id\":\"https:\\\/\\\/secure.gravatar.com\\\/avatar\\\/957ffa3fc16f59afe731c0b7b5e2dcb9a0efedb2044cc566d87841dbca098b71?s=96&d=mm&r=g\",\"url\":\"https:\\\/\\\/secure.gravatar.com\\\/avatar\\\/957ffa3fc16f59afe731c0b7b5e2dcb9a0efedb2044cc566d87841dbca098b71?s=96&d=mm&r=g\",\"contentUrl\":\"https:\\\/\\\/secure.gravatar.com\\\/avatar\\\/957ffa3fc16f59afe731c0b7b5e2dcb9a0efedb2044cc566d87841dbca098b71?s=96&d=mm&r=g\",\"caption\":\"EXPADD\"},\"sameAs\":[\"https:\\\/\\\/www.expadd.org\"],\"url\":\"https:\\\/\\\/www.expadd.org\\\/en\\\/author\\\/christo76\\\/\"}]}<\/script>\n<!-- \/ Yoast SEO plugin. -->","yoast_head_json":{"title":"Tunis to host the 2\u1d49 edition of the Green Economy and Finance Fair - EXPADD","robots":{"index":"index","follow":"follow","max-snippet":"max-snippet:-1","max-image-preview":"max-image-preview:large","max-video-preview":"max-video-preview:-1"},"canonical":"https:\/\/www.expadd.org\/en\/tunis-to-host-the-2%e1%b5%89-edition-of-the-green-economy-and-finance-fair\/","og_locale":"en_US","og_type":"article","og_title":"Tunis to host the 2\u1d49 edition of the Green Economy and Finance Fair - EXPADD","og_description":"Source: La presse Tn June 2025 On October 16 and 17, the Tunisian capital","og_url":"https:\/\/www.expadd.org\/en\/tunis-to-host-the-2%e1%b5%89-edition-of-the-green-economy-and-finance-fair\/","og_site_name":"EXPADD","article_published_time":"2025-09-05T22:19:54+00:00","author":"EXPADD","twitter_card":"summary_large_image","twitter_misc":{"Written by":"EXPADD","Est. reading time":"1 minute"},"schema":{"@context":"https:\/\/schema.org","@graph":[{"@type":"Article","@id":"https:\/\/www.expadd.org\/en\/tunis-to-host-the-2%e1%b5%89-edition-of-the-green-economy-and-finance-fair\/#article","isPartOf":{"@id":"https:\/\/www.expadd.org\/en\/tunis-to-host-the-2%e1%b5%89-edition-of-the-green-economy-and-finance-fair\/"},"author":{"name":"EXPADD","@id":"https:\/\/www.expadd.org\/en\/#\/schema\/person\/9e3bf8e18172ddc6b0817fb431b09466"},"headline":"Tunis to host the 2\u1d49 edition of the Green Economy and Finance Fair","datePublished":"2025-09-05T22:19:54+00:00","mainEntityOfPage":{"@id":"https:\/\/www.expadd.org\/en\/tunis-to-host-the-2%e1%b5%89-edition-of-the-green-economy-and-finance-fair\/"},"wordCount":176,"commentCount":0,"publisher":{"@id":"https:\/\/www.expadd.org\/en\/#organization"},"image":{"@id":"https:\/\/www.expadd.org\/en\/tunis-to-host-the-2%e1%b5%89-edition-of-the-green-economy-and-finance-fair\/#primaryimage"},"thumbnailUrl":"https:\/\/www.expadd.org\/wp-content\/uploads\/2025\/09\/TUNISIE-TOF-1.avif","articleSection":["AGENDA"],"inLanguage":"en-US","potentialAction":[{"@type":"CommentAction","name":"Comment","target":["https:\/\/www.expadd.org\/en\/tunis-to-host-the-2%e1%b5%89-edition-of-the-green-economy-and-finance-fair\/#respond"]}]},{"@type":"WebPage","@id":"https:\/\/www.expadd.org\/en\/tunis-to-host-the-2%e1%b5%89-edition-of-the-green-economy-and-finance-fair\/","url":"https:\/\/www.expadd.org\/en\/tunis-to-host-the-2%e1%b5%89-edition-of-the-green-economy-and-finance-fair\/","name":"Tunis to host the 2\u1d49 edition of the Green Economy and Finance Fair - EXPADD","isPartOf":{"@id":"https:\/\/www.expadd.org\/en\/#website"},"primaryImageOfPage":{"@id":"https:\/\/www.expadd.org\/en\/tunis-to-host-the-2%e1%b5%89-edition-of-the-green-economy-and-finance-fair\/#primaryimage"},"image":{"@id":"https:\/\/www.expadd.org\/en\/tunis-to-host-the-2%e1%b5%89-edition-of-the-green-economy-and-finance-fair\/#primaryimage"},"thumbnailUrl":"https:\/\/www.expadd.org\/wp-content\/uploads\/2025\/09\/TUNISIE-TOF-1.avif","datePublished":"2025-09-05T22:19:54+00:00","breadcrumb":{"@id":"https:\/\/www.expadd.org\/en\/tunis-to-host-the-2%e1%b5%89-edition-of-the-green-economy-and-finance-fair\/#breadcrumb"},"inLanguage":"en-US","potentialAction":[{"@type":"ReadAction","target":["https:\/\/www.expadd.org\/en\/tunis-to-host-the-2%e1%b5%89-edition-of-the-green-economy-and-finance-fair\/"]}]},{"@type":"ImageObject","inLanguage":"en-US","@id":"https:\/\/www.expadd.org\/en\/tunis-to-host-the-2%e1%b5%89-edition-of-the-green-economy-and-finance-fair\/#primaryimage","url":"https:\/\/www.expadd.org\/wp-content\/uploads\/2025\/09\/TUNISIE-TOF-1.avif","contentUrl":"https:\/\/www.expadd.org\/wp-content\/uploads\/2025\/09\/TUNISIE-TOF-1.avif","width":1170,"height":780},{"@type":"BreadcrumbList","@id":"https:\/\/www.expadd.org\/en\/tunis-to-host-the-2%e1%b5%89-edition-of-the-green-economy-and-finance-fair\/#breadcrumb","itemListElement":[{"@type":"ListItem","position":1,"name":"Accueil","item":"https:\/\/www.expadd.org\/en\/"},{"@type":"ListItem","position":2,"name":"Tunis to host the 2\u1d49 edition of the Green Economy and Finance Fair"}]},{"@type":"WebSite","@id":"https:\/\/www.expadd.org\/en\/#website","url":"https:\/\/www.expadd.org\/en\/","name":"EXPADD","description":"Pour B\u00e2tir une soci\u00e9t\u00e9 Africaine durable","publisher":{"@id":"https:\/\/www.expadd.org\/en\/#organization"},"potentialAction":[{"@type":"SearchAction","target":{"@type":"EntryPoint","urlTemplate":"https:\/\/www.expadd.org\/en\/?s={search_term_string}"},"query-input":{"@type":"PropertyValueSpecification","valueRequired":true,"valueName":"search_term_string"}}],"inLanguage":"en-US"},{"@type":"Organization","@id":"https:\/\/www.expadd.org\/en\/#organization","name":"EXPERTS D'AFRIQUE POUR LE DEVELOPPEMENT DURABLE","url":"https:\/\/www.expadd.org\/en\/","logo":{"@type":"ImageObject","inLanguage":"en-US","@id":"https:\/\/www.expadd.org\/en\/#\/schema\/logo\/image\/","url":"https:\/\/www.expadd.org\/wp-content\/uploads\/2021\/05\/cropped-cropped-cropped-cropped-cropped-Capture-decran-2021-03-13-a-20.44.36-2.png","contentUrl":"https:\/\/www.expadd.org\/wp-content\/uploads\/2021\/05\/cropped-cropped-cropped-cropped-cropped-Capture-decran-2021-03-13-a-20.44.36-2.png","width":1919,"height":1374,"caption":"EXPERTS D'AFRIQUE POUR LE DEVELOPPEMENT DURABLE"},"image":{"@id":"https:\/\/www.expadd.org\/en\/#\/schema\/logo\/image\/"}},{"@type":"Person","@id":"https:\/\/www.expadd.org\/en\/#\/schema\/person\/9e3bf8e18172ddc6b0817fb431b09466","name":"EXPADD","image":{"@type":"ImageObject","inLanguage":"en-US","@id":"https:\/\/secure.gravatar.com\/avatar\/957ffa3fc16f59afe731c0b7b5e2dcb9a0efedb2044cc566d87841dbca098b71?s=96&d=mm&r=g","url":"https:\/\/secure.gravatar.com\/avatar\/957ffa3fc16f59afe731c0b7b5e2dcb9a0efedb2044cc566d87841dbca098b71?s=96&d=mm&r=g","contentUrl":"https:\/\/secure.gravatar.com\/avatar\/957ffa3fc16f59afe731c0b7b5e2dcb9a0efedb2044cc566d87841dbca098b71?s=96&d=mm&r=g","caption":"EXPADD"},"sameAs":["https:\/\/www.expadd.org"],"url":"https:\/\/www.expadd.org\/en\/author\/christo76\/"}]}},"_links":{"self":[{"href":"https:\/\/www.expadd.org\/en\/wp-json\/wp\/v2\/posts\/12802","targetHints":{"allow":["GET"]}}],"collection":[{"href":"https:\/\/www.expadd.org\/en\/wp-json\/wp\/v2\/posts"}],"about":[{"href":"https:\/\/www.expadd.org\/en\/wp-json\/wp\/v2\/types\/post"}],"author":[{"embeddable":true,"href":"https:\/\/www.expadd.org\/en\/wp-json\/wp\/v2\/users\/1"}],"replies":[{"embeddable":true,"href":"https:\/\/www.expadd.org\/en\/wp-json\/wp\/v2\/comments?post=12802"}],"version-history":[{"count":0,"href":"https:\/\/www.expadd.org\/en\/wp-json\/wp\/v2\/posts\/12802\/revisions"}],"wp:featuredmedia":[{"embeddable":true,"href":"https:\/\/www.expadd.org\/en\/wp-json\/wp\/v2\/media\/12796"}],"wp:attachment":[{"href":"https:\/\/www.expadd.org\/en\/wp-json\/wp\/v2\/media?parent=12802"}],"wp:term":[{"taxonomy":"category","embeddable":true,"href":"https:\/\/www.expadd.org\/en\/wp-json\/wp\/v2\/categories?post=12802"},{"taxonomy":"post_tag","embeddable":true,"href":"https:\/\/www.expadd.org\/en\/wp-json\/wp\/v2\/tags?post=12802"}],"curies":[{"name":"wp","href":"https:\/\/api.w.org\/{rel}","templated":true}]}}