{"id":12625,"date":"2025-08-09T18:05:12","date_gmt":"2025-08-09T18:05:12","guid":{"rendered":"https:\/\/www.expadd.org\/africa-must-move-to-a-fair-and-inclusive-circular-economy-model\/"},"modified":"2025-08-09T18:05:12","modified_gmt":"2025-08-09T18:05:12","slug":"africa-must-move-to-a-fair-and-inclusive-circular-economy-model","status":"publish","type":"post","link":"https:\/\/www.expadd.org\/en\/africa-must-move-to-a-fair-and-inclusive-circular-economy-model\/","title":{"rendered":"Africa must move to &#8220;a fair and inclusive circular economy model"},"content":{"rendered":"<p>Source: CEA, January 2025<\/p>\n<p>Port-Louis, Mauritius, January 27, 2025, (ECA) &#8211; The transition to a fair and inclusive circular economy in Africa offers a unique opportunity to create jobs, stimulate sustainable economic growth and reduce pressure on natural resources, say experts and representatives attending a two-day validation workshop on reviewing a circular economy action plan in Port Louis, Mauritius.<\/p>\n<p><a href=\"https:\/\/www.uneca.org\/fr\/stories\/l%E2%80%99afrique-doit-passer-%C3%A0-%C2%AB-un-mod%C3%A8le-d%E2%80%99%C3%A9conomie-circulaire-juste-et-inclusif-%C2%BB-pour-stimuler#:~:text=Port%2DLouis%2C%20Maurice%2C%20le,les%20experts%20et%20les%20repr%C3%A9sentants\">Africa must move to &#8220;a fair and inclusive circular economy model&#8221; to stimulate sustainable growth and reduce pressure on natural resources | United Nations Economic Commission for Africa<\/a><\/p>\n","protected":false},"excerpt":{"rendered":"<p>Source: CEA, January 2025 Port-Louis, Mauritius, January 27, 2025, (ECA) &#8211; The transition to<\/p>\n","protected":false},"author":1,"featured_media":12617,"comment_status":"open","ping_status":"open","sticky":false,"template":"","format":"standard","meta":{"content-type":"","footnotes":""},"categories":[100],"tags":[],"class_list":["post-12625","post","type-post","status-publish","format-standard","has-post-thumbnail","hentry","category-circular-economy"],"yoast_head":"<!-- This site is optimized with the Yoast SEO plugin v27.5 - https:\/\/yoast.com\/product\/yoast-seo-wordpress\/ -->\n<title>Africa must move to &quot;a fair and inclusive circular economy model - EXPADD<\/title>\n<meta name=\"robots\" content=\"index, follow, max-snippet:-1, max-image-preview:large, max-video-preview:-1\" \/>\n<link rel=\"canonical\" href=\"https:\/\/www.expadd.org\/en\/africa-must-move-to-a-fair-and-inclusive-circular-economy-model\/\" \/>\n<meta property=\"og:locale\" content=\"en_US\" \/>\n<meta property=\"og:type\" content=\"article\" \/>\n<meta property=\"og:title\" content=\"Africa must move to &quot;a fair and inclusive circular economy model - EXPADD\" \/>\n<meta property=\"og:description\" content=\"Source: CEA, January 2025 Port-Louis, Mauritius, January 27, 2025, (ECA) &#8211; The transition to\" \/>\n<meta property=\"og:url\" content=\"https:\/\/www.expadd.org\/en\/africa-must-move-to-a-fair-and-inclusive-circular-economy-model\/\" \/>\n<meta property=\"og:site_name\" content=\"EXPADD\" \/>\n<meta property=\"article:published_time\" content=\"2025-08-09T18:05:12+00:00\" \/>\n<meta name=\"author\" content=\"EXPADD\" \/>\n<meta name=\"twitter:card\" content=\"summary_large_image\" \/>\n<meta name=\"twitter:label1\" content=\"Written by\" \/>\n\t<meta name=\"twitter:data1\" content=\"EXPADD\" \/>\n<script type=\"application\/ld+json\" class=\"yoast-schema-graph\">{\"@context\":\"https:\\\/\\\/schema.org\",\"@graph\":[{\"@type\":\"Article\",\"@id\":\"https:\\\/\\\/www.expadd.org\\\/en\\\/africa-must-move-to-a-fair-and-inclusive-circular-economy-model\\\/#article\",\"isPartOf\":{\"@id\":\"https:\\\/\\\/www.expadd.org\\\/en\\\/africa-must-move-to-a-fair-and-inclusive-circular-economy-model\\\/\"},\"author\":{\"name\":\"EXPADD\",\"@id\":\"https:\\\/\\\/www.expadd.org\\\/en\\\/#\\\/schema\\\/person\\\/9e3bf8e18172ddc6b0817fb431b09466\"},\"headline\":\"Africa must move to &#8220;a fair and inclusive circular economy model\",\"datePublished\":\"2025-08-09T18:05:12+00:00\",\"mainEntityOfPage\":{\"@id\":\"https:\\\/\\\/www.expadd.org\\\/en\\\/africa-must-move-to-a-fair-and-inclusive-circular-economy-model\\\/\"},\"wordCount\":94,\"commentCount\":0,\"publisher\":{\"@id\":\"https:\\\/\\\/www.expadd.org\\\/en\\\/#organization\"},\"image\":{\"@id\":\"https:\\\/\\\/www.expadd.org\\\/en\\\/africa-must-move-to-a-fair-and-inclusive-circular-economy-model\\\/#primaryimage\"},\"thumbnailUrl\":\"https:\\\/\\\/www.expadd.org\\\/wp-content\\\/uploads\\\/2025\\\/08\\\/AFRIQUE-ECONOMIE-CIRCULAIRE.avif\",\"articleSection\":[\"CIRCULAR ECONOMY\"],\"inLanguage\":\"en-US\",\"potentialAction\":[{\"@type\":\"CommentAction\",\"name\":\"Comment\",\"target\":[\"https:\\\/\\\/www.expadd.org\\\/en\\\/africa-must-move-to-a-fair-and-inclusive-circular-economy-model\\\/#respond\"]}]},{\"@type\":\"WebPage\",\"@id\":\"https:\\\/\\\/www.expadd.org\\\/en\\\/africa-must-move-to-a-fair-and-inclusive-circular-economy-model\\\/\",\"url\":\"https:\\\/\\\/www.expadd.org\\\/en\\\/africa-must-move-to-a-fair-and-inclusive-circular-economy-model\\\/\",\"name\":\"Africa must move to \\\"a fair and inclusive circular economy model - EXPADD\",\"isPartOf\":{\"@id\":\"https:\\\/\\\/www.expadd.org\\\/en\\\/#website\"},\"primaryImageOfPage\":{\"@id\":\"https:\\\/\\\/www.expadd.org\\\/en\\\/africa-must-move-to-a-fair-and-inclusive-circular-economy-model\\\/#primaryimage\"},\"image\":{\"@id\":\"https:\\\/\\\/www.expadd.org\\\/en\\\/africa-must-move-to-a-fair-and-inclusive-circular-economy-model\\\/#primaryimage\"},\"thumbnailUrl\":\"https:\\\/\\\/www.expadd.org\\\/wp-content\\\/uploads\\\/2025\\\/08\\\/AFRIQUE-ECONOMIE-CIRCULAIRE.avif\",\"datePublished\":\"2025-08-09T18:05:12+00:00\",\"breadcrumb\":{\"@id\":\"https:\\\/\\\/www.expadd.org\\\/en\\\/africa-must-move-to-a-fair-and-inclusive-circular-economy-model\\\/#breadcrumb\"},\"inLanguage\":\"en-US\",\"potentialAction\":[{\"@type\":\"ReadAction\",\"target\":[\"https:\\\/\\\/www.expadd.org\\\/en\\\/africa-must-move-to-a-fair-and-inclusive-circular-economy-model\\\/\"]}]},{\"@type\":\"ImageObject\",\"inLanguage\":\"en-US\",\"@id\":\"https:\\\/\\\/www.expadd.org\\\/en\\\/africa-must-move-to-a-fair-and-inclusive-circular-economy-model\\\/#primaryimage\",\"url\":\"https:\\\/\\\/www.expadd.org\\\/wp-content\\\/uploads\\\/2025\\\/08\\\/AFRIQUE-ECONOMIE-CIRCULAIRE.avif\",\"contentUrl\":\"https:\\\/\\\/www.expadd.org\\\/wp-content\\\/uploads\\\/2025\\\/08\\\/AFRIQUE-ECONOMIE-CIRCULAIRE.avif\",\"width\":1170,\"height\":780},{\"@type\":\"BreadcrumbList\",\"@id\":\"https:\\\/\\\/www.expadd.org\\\/en\\\/africa-must-move-to-a-fair-and-inclusive-circular-economy-model\\\/#breadcrumb\",\"itemListElement\":[{\"@type\":\"ListItem\",\"position\":1,\"name\":\"Accueil\",\"item\":\"https:\\\/\\\/www.expadd.org\\\/en\\\/\"},{\"@type\":\"ListItem\",\"position\":2,\"name\":\"Africa must move to \u00ab\u00a0a fair and inclusive circular economy model\"}]},{\"@type\":\"WebSite\",\"@id\":\"https:\\\/\\\/www.expadd.org\\\/en\\\/#website\",\"url\":\"https:\\\/\\\/www.expadd.org\\\/en\\\/\",\"name\":\"EXPADD\",\"description\":\"Pour B\u00e2tir une soci\u00e9t\u00e9 Africaine durable\",\"publisher\":{\"@id\":\"https:\\\/\\\/www.expadd.org\\\/en\\\/#organization\"},\"potentialAction\":[{\"@type\":\"SearchAction\",\"target\":{\"@type\":\"EntryPoint\",\"urlTemplate\":\"https:\\\/\\\/www.expadd.org\\\/en\\\/?s={search_term_string}\"},\"query-input\":{\"@type\":\"PropertyValueSpecification\",\"valueRequired\":true,\"valueName\":\"search_term_string\"}}],\"inLanguage\":\"en-US\"},{\"@type\":\"Organization\",\"@id\":\"https:\\\/\\\/www.expadd.org\\\/en\\\/#organization\",\"name\":\"EXPERTS D'AFRIQUE POUR LE DEVELOPPEMENT DURABLE\",\"url\":\"https:\\\/\\\/www.expadd.org\\\/en\\\/\",\"logo\":{\"@type\":\"ImageObject\",\"inLanguage\":\"en-US\",\"@id\":\"https:\\\/\\\/www.expadd.org\\\/en\\\/#\\\/schema\\\/logo\\\/image\\\/\",\"url\":\"https:\\\/\\\/www.expadd.org\\\/wp-content\\\/uploads\\\/2021\\\/05\\\/cropped-cropped-cropped-cropped-cropped-Capture-decran-2021-03-13-a-20.44.36-2.png\",\"contentUrl\":\"https:\\\/\\\/www.expadd.org\\\/wp-content\\\/uploads\\\/2021\\\/05\\\/cropped-cropped-cropped-cropped-cropped-Capture-decran-2021-03-13-a-20.44.36-2.png\",\"width\":1919,\"height\":1374,\"caption\":\"EXPERTS D'AFRIQUE POUR LE DEVELOPPEMENT DURABLE\"},\"image\":{\"@id\":\"https:\\\/\\\/www.expadd.org\\\/en\\\/#\\\/schema\\\/logo\\\/image\\\/\"}},{\"@type\":\"Person\",\"@id\":\"https:\\\/\\\/www.expadd.org\\\/en\\\/#\\\/schema\\\/person\\\/9e3bf8e18172ddc6b0817fb431b09466\",\"name\":\"EXPADD\",\"image\":{\"@type\":\"ImageObject\",\"inLanguage\":\"en-US\",\"@id\":\"https:\\\/\\\/secure.gravatar.com\\\/avatar\\\/957ffa3fc16f59afe731c0b7b5e2dcb9a0efedb2044cc566d87841dbca098b71?s=96&d=mm&r=g\",\"url\":\"https:\\\/\\\/secure.gravatar.com\\\/avatar\\\/957ffa3fc16f59afe731c0b7b5e2dcb9a0efedb2044cc566d87841dbca098b71?s=96&d=mm&r=g\",\"contentUrl\":\"https:\\\/\\\/secure.gravatar.com\\\/avatar\\\/957ffa3fc16f59afe731c0b7b5e2dcb9a0efedb2044cc566d87841dbca098b71?s=96&d=mm&r=g\",\"caption\":\"EXPADD\"},\"sameAs\":[\"https:\\\/\\\/www.expadd.org\"],\"url\":\"https:\\\/\\\/www.expadd.org\\\/en\\\/author\\\/christo76\\\/\"}]}<\/script>\n<!-- \/ Yoast SEO plugin. -->","yoast_head_json":{"title":"Africa must move to \"a fair and inclusive circular economy model - EXPADD","robots":{"index":"index","follow":"follow","max-snippet":"max-snippet:-1","max-image-preview":"max-image-preview:large","max-video-preview":"max-video-preview:-1"},"canonical":"https:\/\/www.expadd.org\/en\/africa-must-move-to-a-fair-and-inclusive-circular-economy-model\/","og_locale":"en_US","og_type":"article","og_title":"Africa must move to \"a fair and inclusive circular economy model - EXPADD","og_description":"Source: CEA, January 2025 Port-Louis, Mauritius, January 27, 2025, (ECA) &#8211; The transition to","og_url":"https:\/\/www.expadd.org\/en\/africa-must-move-to-a-fair-and-inclusive-circular-economy-model\/","og_site_name":"EXPADD","article_published_time":"2025-08-09T18:05:12+00:00","author":"EXPADD","twitter_card":"summary_large_image","twitter_misc":{"Written by":"EXPADD"},"schema":{"@context":"https:\/\/schema.org","@graph":[{"@type":"Article","@id":"https:\/\/www.expadd.org\/en\/africa-must-move-to-a-fair-and-inclusive-circular-economy-model\/#article","isPartOf":{"@id":"https:\/\/www.expadd.org\/en\/africa-must-move-to-a-fair-and-inclusive-circular-economy-model\/"},"author":{"name":"EXPADD","@id":"https:\/\/www.expadd.org\/en\/#\/schema\/person\/9e3bf8e18172ddc6b0817fb431b09466"},"headline":"Africa must move to &#8220;a fair and inclusive circular economy model","datePublished":"2025-08-09T18:05:12+00:00","mainEntityOfPage":{"@id":"https:\/\/www.expadd.org\/en\/africa-must-move-to-a-fair-and-inclusive-circular-economy-model\/"},"wordCount":94,"commentCount":0,"publisher":{"@id":"https:\/\/www.expadd.org\/en\/#organization"},"image":{"@id":"https:\/\/www.expadd.org\/en\/africa-must-move-to-a-fair-and-inclusive-circular-economy-model\/#primaryimage"},"thumbnailUrl":"https:\/\/www.expadd.org\/wp-content\/uploads\/2025\/08\/AFRIQUE-ECONOMIE-CIRCULAIRE.avif","articleSection":["CIRCULAR ECONOMY"],"inLanguage":"en-US","potentialAction":[{"@type":"CommentAction","name":"Comment","target":["https:\/\/www.expadd.org\/en\/africa-must-move-to-a-fair-and-inclusive-circular-economy-model\/#respond"]}]},{"@type":"WebPage","@id":"https:\/\/www.expadd.org\/en\/africa-must-move-to-a-fair-and-inclusive-circular-economy-model\/","url":"https:\/\/www.expadd.org\/en\/africa-must-move-to-a-fair-and-inclusive-circular-economy-model\/","name":"Africa must move to \"a fair and inclusive circular economy model - EXPADD","isPartOf":{"@id":"https:\/\/www.expadd.org\/en\/#website"},"primaryImageOfPage":{"@id":"https:\/\/www.expadd.org\/en\/africa-must-move-to-a-fair-and-inclusive-circular-economy-model\/#primaryimage"},"image":{"@id":"https:\/\/www.expadd.org\/en\/africa-must-move-to-a-fair-and-inclusive-circular-economy-model\/#primaryimage"},"thumbnailUrl":"https:\/\/www.expadd.org\/wp-content\/uploads\/2025\/08\/AFRIQUE-ECONOMIE-CIRCULAIRE.avif","datePublished":"2025-08-09T18:05:12+00:00","breadcrumb":{"@id":"https:\/\/www.expadd.org\/en\/africa-must-move-to-a-fair-and-inclusive-circular-economy-model\/#breadcrumb"},"inLanguage":"en-US","potentialAction":[{"@type":"ReadAction","target":["https:\/\/www.expadd.org\/en\/africa-must-move-to-a-fair-and-inclusive-circular-economy-model\/"]}]},{"@type":"ImageObject","inLanguage":"en-US","@id":"https:\/\/www.expadd.org\/en\/africa-must-move-to-a-fair-and-inclusive-circular-economy-model\/#primaryimage","url":"https:\/\/www.expadd.org\/wp-content\/uploads\/2025\/08\/AFRIQUE-ECONOMIE-CIRCULAIRE.avif","contentUrl":"https:\/\/www.expadd.org\/wp-content\/uploads\/2025\/08\/AFRIQUE-ECONOMIE-CIRCULAIRE.avif","width":1170,"height":780},{"@type":"BreadcrumbList","@id":"https:\/\/www.expadd.org\/en\/africa-must-move-to-a-fair-and-inclusive-circular-economy-model\/#breadcrumb","itemListElement":[{"@type":"ListItem","position":1,"name":"Accueil","item":"https:\/\/www.expadd.org\/en\/"},{"@type":"ListItem","position":2,"name":"Africa must move to \u00ab\u00a0a fair and inclusive circular economy model"}]},{"@type":"WebSite","@id":"https:\/\/www.expadd.org\/en\/#website","url":"https:\/\/www.expadd.org\/en\/","name":"EXPADD","description":"Pour B\u00e2tir une soci\u00e9t\u00e9 Africaine durable","publisher":{"@id":"https:\/\/www.expadd.org\/en\/#organization"},"potentialAction":[{"@type":"SearchAction","target":{"@type":"EntryPoint","urlTemplate":"https:\/\/www.expadd.org\/en\/?s={search_term_string}"},"query-input":{"@type":"PropertyValueSpecification","valueRequired":true,"valueName":"search_term_string"}}],"inLanguage":"en-US"},{"@type":"Organization","@id":"https:\/\/www.expadd.org\/en\/#organization","name":"EXPERTS D'AFRIQUE POUR LE DEVELOPPEMENT DURABLE","url":"https:\/\/www.expadd.org\/en\/","logo":{"@type":"ImageObject","inLanguage":"en-US","@id":"https:\/\/www.expadd.org\/en\/#\/schema\/logo\/image\/","url":"https:\/\/www.expadd.org\/wp-content\/uploads\/2021\/05\/cropped-cropped-cropped-cropped-cropped-Capture-decran-2021-03-13-a-20.44.36-2.png","contentUrl":"https:\/\/www.expadd.org\/wp-content\/uploads\/2021\/05\/cropped-cropped-cropped-cropped-cropped-Capture-decran-2021-03-13-a-20.44.36-2.png","width":1919,"height":1374,"caption":"EXPERTS D'AFRIQUE POUR LE DEVELOPPEMENT DURABLE"},"image":{"@id":"https:\/\/www.expadd.org\/en\/#\/schema\/logo\/image\/"}},{"@type":"Person","@id":"https:\/\/www.expadd.org\/en\/#\/schema\/person\/9e3bf8e18172ddc6b0817fb431b09466","name":"EXPADD","image":{"@type":"ImageObject","inLanguage":"en-US","@id":"https:\/\/secure.gravatar.com\/avatar\/957ffa3fc16f59afe731c0b7b5e2dcb9a0efedb2044cc566d87841dbca098b71?s=96&d=mm&r=g","url":"https:\/\/secure.gravatar.com\/avatar\/957ffa3fc16f59afe731c0b7b5e2dcb9a0efedb2044cc566d87841dbca098b71?s=96&d=mm&r=g","contentUrl":"https:\/\/secure.gravatar.com\/avatar\/957ffa3fc16f59afe731c0b7b5e2dcb9a0efedb2044cc566d87841dbca098b71?s=96&d=mm&r=g","caption":"EXPADD"},"sameAs":["https:\/\/www.expadd.org"],"url":"https:\/\/www.expadd.org\/en\/author\/christo76\/"}]}},"_links":{"self":[{"href":"https:\/\/www.expadd.org\/en\/wp-json\/wp\/v2\/posts\/12625","targetHints":{"allow":["GET"]}}],"collection":[{"href":"https:\/\/www.expadd.org\/en\/wp-json\/wp\/v2\/posts"}],"about":[{"href":"https:\/\/www.expadd.org\/en\/wp-json\/wp\/v2\/types\/post"}],"author":[{"embeddable":true,"href":"https:\/\/www.expadd.org\/en\/wp-json\/wp\/v2\/users\/1"}],"replies":[{"embeddable":true,"href":"https:\/\/www.expadd.org\/en\/wp-json\/wp\/v2\/comments?post=12625"}],"version-history":[{"count":0,"href":"https:\/\/www.expadd.org\/en\/wp-json\/wp\/v2\/posts\/12625\/revisions"}],"wp:featuredmedia":[{"embeddable":true,"href":"https:\/\/www.expadd.org\/en\/wp-json\/wp\/v2\/media\/12617"}],"wp:attachment":[{"href":"https:\/\/www.expadd.org\/en\/wp-json\/wp\/v2\/media?parent=12625"}],"wp:term":[{"taxonomy":"category","embeddable":true,"href":"https:\/\/www.expadd.org\/en\/wp-json\/wp\/v2\/categories?post=12625"},{"taxonomy":"post_tag","embeddable":true,"href":"https:\/\/www.expadd.org\/en\/wp-json\/wp\/v2\/tags?post=12625"}],"curies":[{"name":"wp","href":"https:\/\/api.w.org\/{rel}","templated":true}]}}