{"id":12586,"date":"2025-07-27T09:57:44","date_gmt":"2025-07-27T09:57:44","guid":{"rendered":"https:\/\/www.expadd.org\/senegal-bets-on-the-blue-economy-with-a-new-mcc-regional-compact\/"},"modified":"2025-07-27T09:57:44","modified_gmt":"2025-07-27T09:57:44","slug":"senegal-bets-on-the-blue-economy-with-a-new-mcc-regional-compact","status":"publish","type":"post","link":"https:\/\/www.expadd.org\/en\/senegal-bets-on-the-blue-economy-with-a-new-mcc-regional-compact\/","title":{"rendered":"Senegal bets on the blue economy with a new MCC regional Compact"},"content":{"rendered":"<p>Source: MAritafrica.com, Nov. 2024<\/p>\n<p>Senegal&#8217;s Minister of the Economy, Planning and Cooperation, Dr Abdourahmane Sarr, took part in a joint press conference with the Millennium Challenge Corporation (MCC) and the Regional Compact Formulation Unit on Thursday, November 21, 2024. The meeting, co-chaired by Kim Kyeh, MCC Deputy Vice President, highlighted the strategic importance of this new program within the framework of Vision S\u00e9n\u00e9gal 2050.<\/p>\n<p><a href=\"https:\/\/maritimafrica.com\/le-senegal-mise-sur-leconomie-bleue-avec-un-nouveau-compact-regional-du-mcc\/#:~:text=Un%20troisi%C3%A8me%20Compact%20orient%C3%A9%20vers%20l%27%C3%A9conomie%20bleue&amp;text=Le%20ministre%20a%20soulign%C3%A9%20que,centr%C3%A9%20sur%20les%20p%C3%B4les%2Dterritoires.\">Senegal bets on the blue economy with a new MCC regional Compact &#8211; Maritimafrica<\/a><\/p>\n","protected":false},"excerpt":{"rendered":"<p>Source: MAritafrica.com, Nov. 2024 Senegal&#8217;s Minister of the Economy, Planning and Cooperation, Dr Abdourahmane<\/p>\n","protected":false},"author":1,"featured_media":12570,"comment_status":"open","ping_status":"open","sticky":false,"template":"","format":"standard","meta":{"content-type":"","footnotes":""},"categories":[172],"tags":[],"class_list":["post-12586","post","type-post","status-publish","format-standard","has-post-thumbnail","hentry","category-blue-economy"],"yoast_head":"<!-- This site is optimized with the Yoast SEO plugin v27.5 - https:\/\/yoast.com\/product\/yoast-seo-wordpress\/ -->\n<title>Senegal bets on the blue economy with a new MCC regional Compact - EXPADD<\/title>\n<meta name=\"robots\" content=\"index, follow, max-snippet:-1, max-image-preview:large, max-video-preview:-1\" \/>\n<link rel=\"canonical\" href=\"https:\/\/www.expadd.org\/en\/senegal-bets-on-the-blue-economy-with-a-new-mcc-regional-compact\/\" \/>\n<meta property=\"og:locale\" content=\"en_US\" \/>\n<meta property=\"og:type\" content=\"article\" \/>\n<meta property=\"og:title\" content=\"Senegal bets on the blue economy with a new MCC regional Compact - EXPADD\" \/>\n<meta property=\"og:description\" content=\"Source: MAritafrica.com, Nov. 2024 Senegal&#8217;s Minister of the Economy, Planning and Cooperation, Dr Abdourahmane\" \/>\n<meta property=\"og:url\" content=\"https:\/\/www.expadd.org\/en\/senegal-bets-on-the-blue-economy-with-a-new-mcc-regional-compact\/\" \/>\n<meta property=\"og:site_name\" content=\"EXPADD\" \/>\n<meta property=\"article:published_time\" content=\"2025-07-27T09:57:44+00:00\" \/>\n<meta name=\"author\" content=\"EXPADD\" \/>\n<meta name=\"twitter:card\" content=\"summary_large_image\" \/>\n<meta name=\"twitter:label1\" content=\"Written by\" \/>\n\t<meta name=\"twitter:data1\" content=\"EXPADD\" \/>\n<script type=\"application\/ld+json\" class=\"yoast-schema-graph\">{\"@context\":\"https:\\\/\\\/schema.org\",\"@graph\":[{\"@type\":\"Article\",\"@id\":\"https:\\\/\\\/www.expadd.org\\\/en\\\/senegal-bets-on-the-blue-economy-with-a-new-mcc-regional-compact\\\/#article\",\"isPartOf\":{\"@id\":\"https:\\\/\\\/www.expadd.org\\\/en\\\/senegal-bets-on-the-blue-economy-with-a-new-mcc-regional-compact\\\/\"},\"author\":{\"name\":\"EXPADD\",\"@id\":\"https:\\\/\\\/www.expadd.org\\\/en\\\/#\\\/schema\\\/person\\\/9e3bf8e18172ddc6b0817fb431b09466\"},\"headline\":\"Senegal bets on the blue economy with a new MCC regional Compact\",\"datePublished\":\"2025-07-27T09:57:44+00:00\",\"mainEntityOfPage\":{\"@id\":\"https:\\\/\\\/www.expadd.org\\\/en\\\/senegal-bets-on-the-blue-economy-with-a-new-mcc-regional-compact\\\/\"},\"wordCount\":90,\"commentCount\":0,\"publisher\":{\"@id\":\"https:\\\/\\\/www.expadd.org\\\/en\\\/#organization\"},\"image\":{\"@id\":\"https:\\\/\\\/www.expadd.org\\\/en\\\/senegal-bets-on-the-blue-economy-with-a-new-mcc-regional-compact\\\/#primaryimage\"},\"thumbnailUrl\":\"https:\\\/\\\/www.expadd.org\\\/wp-content\\\/uploads\\\/2025\\\/07\\\/SENEGAL-ECONOMIE-BLEUE.avif\",\"articleSection\":[\"BLUE ECONOMY\"],\"inLanguage\":\"en-US\",\"potentialAction\":[{\"@type\":\"CommentAction\",\"name\":\"Comment\",\"target\":[\"https:\\\/\\\/www.expadd.org\\\/en\\\/senegal-bets-on-the-blue-economy-with-a-new-mcc-regional-compact\\\/#respond\"]}]},{\"@type\":\"WebPage\",\"@id\":\"https:\\\/\\\/www.expadd.org\\\/en\\\/senegal-bets-on-the-blue-economy-with-a-new-mcc-regional-compact\\\/\",\"url\":\"https:\\\/\\\/www.expadd.org\\\/en\\\/senegal-bets-on-the-blue-economy-with-a-new-mcc-regional-compact\\\/\",\"name\":\"Senegal bets on the blue economy with a new MCC regional Compact - EXPADD\",\"isPartOf\":{\"@id\":\"https:\\\/\\\/www.expadd.org\\\/en\\\/#website\"},\"primaryImageOfPage\":{\"@id\":\"https:\\\/\\\/www.expadd.org\\\/en\\\/senegal-bets-on-the-blue-economy-with-a-new-mcc-regional-compact\\\/#primaryimage\"},\"image\":{\"@id\":\"https:\\\/\\\/www.expadd.org\\\/en\\\/senegal-bets-on-the-blue-economy-with-a-new-mcc-regional-compact\\\/#primaryimage\"},\"thumbnailUrl\":\"https:\\\/\\\/www.expadd.org\\\/wp-content\\\/uploads\\\/2025\\\/07\\\/SENEGAL-ECONOMIE-BLEUE.avif\",\"datePublished\":\"2025-07-27T09:57:44+00:00\",\"breadcrumb\":{\"@id\":\"https:\\\/\\\/www.expadd.org\\\/en\\\/senegal-bets-on-the-blue-economy-with-a-new-mcc-regional-compact\\\/#breadcrumb\"},\"inLanguage\":\"en-US\",\"potentialAction\":[{\"@type\":\"ReadAction\",\"target\":[\"https:\\\/\\\/www.expadd.org\\\/en\\\/senegal-bets-on-the-blue-economy-with-a-new-mcc-regional-compact\\\/\"]}]},{\"@type\":\"ImageObject\",\"inLanguage\":\"en-US\",\"@id\":\"https:\\\/\\\/www.expadd.org\\\/en\\\/senegal-bets-on-the-blue-economy-with-a-new-mcc-regional-compact\\\/#primaryimage\",\"url\":\"https:\\\/\\\/www.expadd.org\\\/wp-content\\\/uploads\\\/2025\\\/07\\\/SENEGAL-ECONOMIE-BLEUE.avif\",\"contentUrl\":\"https:\\\/\\\/www.expadd.org\\\/wp-content\\\/uploads\\\/2025\\\/07\\\/SENEGAL-ECONOMIE-BLEUE.avif\",\"width\":713,\"height\":1003},{\"@type\":\"BreadcrumbList\",\"@id\":\"https:\\\/\\\/www.expadd.org\\\/en\\\/senegal-bets-on-the-blue-economy-with-a-new-mcc-regional-compact\\\/#breadcrumb\",\"itemListElement\":[{\"@type\":\"ListItem\",\"position\":1,\"name\":\"Accueil\",\"item\":\"https:\\\/\\\/www.expadd.org\\\/en\\\/\"},{\"@type\":\"ListItem\",\"position\":2,\"name\":\"Senegal bets on the blue economy with a new MCC regional Compact\"}]},{\"@type\":\"WebSite\",\"@id\":\"https:\\\/\\\/www.expadd.org\\\/en\\\/#website\",\"url\":\"https:\\\/\\\/www.expadd.org\\\/en\\\/\",\"name\":\"EXPADD\",\"description\":\"Pour B\u00e2tir une soci\u00e9t\u00e9 Africaine durable\",\"publisher\":{\"@id\":\"https:\\\/\\\/www.expadd.org\\\/en\\\/#organization\"},\"potentialAction\":[{\"@type\":\"SearchAction\",\"target\":{\"@type\":\"EntryPoint\",\"urlTemplate\":\"https:\\\/\\\/www.expadd.org\\\/en\\\/?s={search_term_string}\"},\"query-input\":{\"@type\":\"PropertyValueSpecification\",\"valueRequired\":true,\"valueName\":\"search_term_string\"}}],\"inLanguage\":\"en-US\"},{\"@type\":\"Organization\",\"@id\":\"https:\\\/\\\/www.expadd.org\\\/en\\\/#organization\",\"name\":\"EXPERTS D'AFRIQUE POUR LE DEVELOPPEMENT DURABLE\",\"url\":\"https:\\\/\\\/www.expadd.org\\\/en\\\/\",\"logo\":{\"@type\":\"ImageObject\",\"inLanguage\":\"en-US\",\"@id\":\"https:\\\/\\\/www.expadd.org\\\/en\\\/#\\\/schema\\\/logo\\\/image\\\/\",\"url\":\"https:\\\/\\\/www.expadd.org\\\/wp-content\\\/uploads\\\/2021\\\/05\\\/cropped-cropped-cropped-cropped-cropped-Capture-decran-2021-03-13-a-20.44.36-2.png\",\"contentUrl\":\"https:\\\/\\\/www.expadd.org\\\/wp-content\\\/uploads\\\/2021\\\/05\\\/cropped-cropped-cropped-cropped-cropped-Capture-decran-2021-03-13-a-20.44.36-2.png\",\"width\":1919,\"height\":1374,\"caption\":\"EXPERTS D'AFRIQUE POUR LE DEVELOPPEMENT DURABLE\"},\"image\":{\"@id\":\"https:\\\/\\\/www.expadd.org\\\/en\\\/#\\\/schema\\\/logo\\\/image\\\/\"}},{\"@type\":\"Person\",\"@id\":\"https:\\\/\\\/www.expadd.org\\\/en\\\/#\\\/schema\\\/person\\\/9e3bf8e18172ddc6b0817fb431b09466\",\"name\":\"EXPADD\",\"image\":{\"@type\":\"ImageObject\",\"inLanguage\":\"en-US\",\"@id\":\"https:\\\/\\\/secure.gravatar.com\\\/avatar\\\/957ffa3fc16f59afe731c0b7b5e2dcb9a0efedb2044cc566d87841dbca098b71?s=96&d=mm&r=g\",\"url\":\"https:\\\/\\\/secure.gravatar.com\\\/avatar\\\/957ffa3fc16f59afe731c0b7b5e2dcb9a0efedb2044cc566d87841dbca098b71?s=96&d=mm&r=g\",\"contentUrl\":\"https:\\\/\\\/secure.gravatar.com\\\/avatar\\\/957ffa3fc16f59afe731c0b7b5e2dcb9a0efedb2044cc566d87841dbca098b71?s=96&d=mm&r=g\",\"caption\":\"EXPADD\"},\"sameAs\":[\"https:\\\/\\\/www.expadd.org\"],\"url\":\"https:\\\/\\\/www.expadd.org\\\/en\\\/author\\\/christo76\\\/\"}]}<\/script>\n<!-- \/ Yoast SEO plugin. -->","yoast_head_json":{"title":"Senegal bets on the blue economy with a new MCC regional Compact - EXPADD","robots":{"index":"index","follow":"follow","max-snippet":"max-snippet:-1","max-image-preview":"max-image-preview:large","max-video-preview":"max-video-preview:-1"},"canonical":"https:\/\/www.expadd.org\/en\/senegal-bets-on-the-blue-economy-with-a-new-mcc-regional-compact\/","og_locale":"en_US","og_type":"article","og_title":"Senegal bets on the blue economy with a new MCC regional Compact - EXPADD","og_description":"Source: MAritafrica.com, Nov. 2024 Senegal&#8217;s Minister of the Economy, Planning and Cooperation, Dr Abdourahmane","og_url":"https:\/\/www.expadd.org\/en\/senegal-bets-on-the-blue-economy-with-a-new-mcc-regional-compact\/","og_site_name":"EXPADD","article_published_time":"2025-07-27T09:57:44+00:00","author":"EXPADD","twitter_card":"summary_large_image","twitter_misc":{"Written by":"EXPADD"},"schema":{"@context":"https:\/\/schema.org","@graph":[{"@type":"Article","@id":"https:\/\/www.expadd.org\/en\/senegal-bets-on-the-blue-economy-with-a-new-mcc-regional-compact\/#article","isPartOf":{"@id":"https:\/\/www.expadd.org\/en\/senegal-bets-on-the-blue-economy-with-a-new-mcc-regional-compact\/"},"author":{"name":"EXPADD","@id":"https:\/\/www.expadd.org\/en\/#\/schema\/person\/9e3bf8e18172ddc6b0817fb431b09466"},"headline":"Senegal bets on the blue economy with a new MCC regional Compact","datePublished":"2025-07-27T09:57:44+00:00","mainEntityOfPage":{"@id":"https:\/\/www.expadd.org\/en\/senegal-bets-on-the-blue-economy-with-a-new-mcc-regional-compact\/"},"wordCount":90,"commentCount":0,"publisher":{"@id":"https:\/\/www.expadd.org\/en\/#organization"},"image":{"@id":"https:\/\/www.expadd.org\/en\/senegal-bets-on-the-blue-economy-with-a-new-mcc-regional-compact\/#primaryimage"},"thumbnailUrl":"https:\/\/www.expadd.org\/wp-content\/uploads\/2025\/07\/SENEGAL-ECONOMIE-BLEUE.avif","articleSection":["BLUE ECONOMY"],"inLanguage":"en-US","potentialAction":[{"@type":"CommentAction","name":"Comment","target":["https:\/\/www.expadd.org\/en\/senegal-bets-on-the-blue-economy-with-a-new-mcc-regional-compact\/#respond"]}]},{"@type":"WebPage","@id":"https:\/\/www.expadd.org\/en\/senegal-bets-on-the-blue-economy-with-a-new-mcc-regional-compact\/","url":"https:\/\/www.expadd.org\/en\/senegal-bets-on-the-blue-economy-with-a-new-mcc-regional-compact\/","name":"Senegal bets on the blue economy with a new MCC regional Compact - EXPADD","isPartOf":{"@id":"https:\/\/www.expadd.org\/en\/#website"},"primaryImageOfPage":{"@id":"https:\/\/www.expadd.org\/en\/senegal-bets-on-the-blue-economy-with-a-new-mcc-regional-compact\/#primaryimage"},"image":{"@id":"https:\/\/www.expadd.org\/en\/senegal-bets-on-the-blue-economy-with-a-new-mcc-regional-compact\/#primaryimage"},"thumbnailUrl":"https:\/\/www.expadd.org\/wp-content\/uploads\/2025\/07\/SENEGAL-ECONOMIE-BLEUE.avif","datePublished":"2025-07-27T09:57:44+00:00","breadcrumb":{"@id":"https:\/\/www.expadd.org\/en\/senegal-bets-on-the-blue-economy-with-a-new-mcc-regional-compact\/#breadcrumb"},"inLanguage":"en-US","potentialAction":[{"@type":"ReadAction","target":["https:\/\/www.expadd.org\/en\/senegal-bets-on-the-blue-economy-with-a-new-mcc-regional-compact\/"]}]},{"@type":"ImageObject","inLanguage":"en-US","@id":"https:\/\/www.expadd.org\/en\/senegal-bets-on-the-blue-economy-with-a-new-mcc-regional-compact\/#primaryimage","url":"https:\/\/www.expadd.org\/wp-content\/uploads\/2025\/07\/SENEGAL-ECONOMIE-BLEUE.avif","contentUrl":"https:\/\/www.expadd.org\/wp-content\/uploads\/2025\/07\/SENEGAL-ECONOMIE-BLEUE.avif","width":713,"height":1003},{"@type":"BreadcrumbList","@id":"https:\/\/www.expadd.org\/en\/senegal-bets-on-the-blue-economy-with-a-new-mcc-regional-compact\/#breadcrumb","itemListElement":[{"@type":"ListItem","position":1,"name":"Accueil","item":"https:\/\/www.expadd.org\/en\/"},{"@type":"ListItem","position":2,"name":"Senegal bets on the blue economy with a new MCC regional Compact"}]},{"@type":"WebSite","@id":"https:\/\/www.expadd.org\/en\/#website","url":"https:\/\/www.expadd.org\/en\/","name":"EXPADD","description":"Pour B\u00e2tir une soci\u00e9t\u00e9 Africaine durable","publisher":{"@id":"https:\/\/www.expadd.org\/en\/#organization"},"potentialAction":[{"@type":"SearchAction","target":{"@type":"EntryPoint","urlTemplate":"https:\/\/www.expadd.org\/en\/?s={search_term_string}"},"query-input":{"@type":"PropertyValueSpecification","valueRequired":true,"valueName":"search_term_string"}}],"inLanguage":"en-US"},{"@type":"Organization","@id":"https:\/\/www.expadd.org\/en\/#organization","name":"EXPERTS D'AFRIQUE POUR LE DEVELOPPEMENT DURABLE","url":"https:\/\/www.expadd.org\/en\/","logo":{"@type":"ImageObject","inLanguage":"en-US","@id":"https:\/\/www.expadd.org\/en\/#\/schema\/logo\/image\/","url":"https:\/\/www.expadd.org\/wp-content\/uploads\/2021\/05\/cropped-cropped-cropped-cropped-cropped-Capture-decran-2021-03-13-a-20.44.36-2.png","contentUrl":"https:\/\/www.expadd.org\/wp-content\/uploads\/2021\/05\/cropped-cropped-cropped-cropped-cropped-Capture-decran-2021-03-13-a-20.44.36-2.png","width":1919,"height":1374,"caption":"EXPERTS D'AFRIQUE POUR LE DEVELOPPEMENT DURABLE"},"image":{"@id":"https:\/\/www.expadd.org\/en\/#\/schema\/logo\/image\/"}},{"@type":"Person","@id":"https:\/\/www.expadd.org\/en\/#\/schema\/person\/9e3bf8e18172ddc6b0817fb431b09466","name":"EXPADD","image":{"@type":"ImageObject","inLanguage":"en-US","@id":"https:\/\/secure.gravatar.com\/avatar\/957ffa3fc16f59afe731c0b7b5e2dcb9a0efedb2044cc566d87841dbca098b71?s=96&d=mm&r=g","url":"https:\/\/secure.gravatar.com\/avatar\/957ffa3fc16f59afe731c0b7b5e2dcb9a0efedb2044cc566d87841dbca098b71?s=96&d=mm&r=g","contentUrl":"https:\/\/secure.gravatar.com\/avatar\/957ffa3fc16f59afe731c0b7b5e2dcb9a0efedb2044cc566d87841dbca098b71?s=96&d=mm&r=g","caption":"EXPADD"},"sameAs":["https:\/\/www.expadd.org"],"url":"https:\/\/www.expadd.org\/en\/author\/christo76\/"}]}},"_links":{"self":[{"href":"https:\/\/www.expadd.org\/en\/wp-json\/wp\/v2\/posts\/12586","targetHints":{"allow":["GET"]}}],"collection":[{"href":"https:\/\/www.expadd.org\/en\/wp-json\/wp\/v2\/posts"}],"about":[{"href":"https:\/\/www.expadd.org\/en\/wp-json\/wp\/v2\/types\/post"}],"author":[{"embeddable":true,"href":"https:\/\/www.expadd.org\/en\/wp-json\/wp\/v2\/users\/1"}],"replies":[{"embeddable":true,"href":"https:\/\/www.expadd.org\/en\/wp-json\/wp\/v2\/comments?post=12586"}],"version-history":[{"count":0,"href":"https:\/\/www.expadd.org\/en\/wp-json\/wp\/v2\/posts\/12586\/revisions"}],"wp:featuredmedia":[{"embeddable":true,"href":"https:\/\/www.expadd.org\/en\/wp-json\/wp\/v2\/media\/12570"}],"wp:attachment":[{"href":"https:\/\/www.expadd.org\/en\/wp-json\/wp\/v2\/media?parent=12586"}],"wp:term":[{"taxonomy":"category","embeddable":true,"href":"https:\/\/www.expadd.org\/en\/wp-json\/wp\/v2\/categories?post=12586"},{"taxonomy":"post_tag","embeddable":true,"href":"https:\/\/www.expadd.org\/en\/wp-json\/wp\/v2\/tags?post=12586"}],"curies":[{"name":"wp","href":"https:\/\/api.w.org\/{rel}","templated":true}]}}