{"id":12341,"date":"2025-05-18T21:01:25","date_gmt":"2025-05-18T21:01:25","guid":{"rendered":"https:\/\/www.expadd.org\/world-wetlands-day-2025-in-burkina-faso-to-protect-our-vital-ecosystems\/"},"modified":"2025-05-18T21:01:25","modified_gmt":"2025-05-18T21:01:25","slug":"world-wetlands-day-2025-in-burkina-faso-to-protect-our-vital-ecosystems","status":"publish","type":"post","link":"https:\/\/www.expadd.org\/en\/world-wetlands-day-2025-in-burkina-faso-to-protect-our-vital-ecosystems\/","title":{"rendered":"World Wetlands Day 2025 in Burkina Faso to protect our vital ecosystems"},"content":{"rendered":"<p>Source: Vivafrik, Feb. 2025<\/p>\n<p>Every February 2, the world celebrates World Wetlands Day to raise awareness of the crucial importance of these ecosystems for biodiversity and human well-being. On this occasion, Burkina Faso&#8217;s Minister of the Environment, Water and Sanitation delivered a strong message underlining the environmental issues at stake and the actions undertaken by the country to preserve these natural spaces.<\/p>\n<p><a href=\"https:\/\/www.vivafrik.com\/2025\/02\/03\/burkina-faso-journee-mondiale-des-zones-humides-2025-un-appel-a-laction-pour-la-protection-de-nos-ecosystemes-vitaux-a73812.html#:~:text=Un%20appel%20%C3%A0%20l%27action%20pour%20l%27%C3%A9dition%202025&amp;text=%C3%80%20cette%20occasion%2C%20le%20ministre%20de%20l%27Environnement%20exhorte%20toutes,gestion%20durable%20des%20zones%20humides.\">Burkina Faso &#8211; World Wetlands Day 2025: A call to action to protect our vital ecosystems &#8211; VivAfrik &#8211; News<\/a><\/p>\n","protected":false},"excerpt":{"rendered":"<p>Source: Vivafrik, Feb. 2025 Every February 2, the world celebrates World Wetlands Day to<\/p>\n","protected":false},"author":1,"featured_media":12336,"comment_status":"open","ping_status":"open","sticky":false,"template":"","format":"standard","meta":{"content-type":"","footnotes":""},"categories":[134],"tags":[],"class_list":["post-12341","post","type-post","status-publish","format-standard","has-post-thumbnail","hentry","category-preservation-of-the-environment"],"yoast_head":"<!-- This site is optimized with the Yoast SEO plugin v27.4 - https:\/\/yoast.com\/product\/yoast-seo-wordpress\/ -->\n<title>World Wetlands Day 2025 in Burkina Faso to protect our vital ecosystems - EXPADD<\/title>\n<meta name=\"robots\" content=\"index, follow, max-snippet:-1, max-image-preview:large, max-video-preview:-1\" \/>\n<link rel=\"canonical\" href=\"https:\/\/www.expadd.org\/en\/world-wetlands-day-2025-in-burkina-faso-to-protect-our-vital-ecosystems\/\" \/>\n<meta property=\"og:locale\" content=\"en_US\" \/>\n<meta property=\"og:type\" content=\"article\" \/>\n<meta property=\"og:title\" content=\"World Wetlands Day 2025 in Burkina Faso to protect our vital ecosystems - EXPADD\" \/>\n<meta property=\"og:description\" content=\"Source: Vivafrik, Feb. 2025 Every February 2, the world celebrates World Wetlands Day to\" \/>\n<meta property=\"og:url\" content=\"https:\/\/www.expadd.org\/en\/world-wetlands-day-2025-in-burkina-faso-to-protect-our-vital-ecosystems\/\" \/>\n<meta property=\"og:site_name\" content=\"EXPADD\" \/>\n<meta property=\"article:published_time\" content=\"2025-05-18T21:01:25+00:00\" \/>\n<meta property=\"og:image\" content=\"https:\/\/www.expadd.org\/wp-content\/uploads\/2025\/05\/BURKINA-ECOSYSTEMES.jpeg\" \/>\n\t<meta property=\"og:image:width\" content=\"297\" \/>\n\t<meta property=\"og:image:height\" content=\"170\" \/>\n\t<meta property=\"og:image:type\" content=\"image\/jpeg\" \/>\n<meta name=\"author\" content=\"EXPADD\" \/>\n<meta name=\"twitter:card\" content=\"summary_large_image\" \/>\n<meta name=\"twitter:label1\" content=\"Written by\" \/>\n\t<meta name=\"twitter:data1\" content=\"EXPADD\" \/>\n<script type=\"application\/ld+json\" class=\"yoast-schema-graph\">{\"@context\":\"https:\\\/\\\/schema.org\",\"@graph\":[{\"@type\":\"Article\",\"@id\":\"https:\\\/\\\/www.expadd.org\\\/en\\\/world-wetlands-day-2025-in-burkina-faso-to-protect-our-vital-ecosystems\\\/#article\",\"isPartOf\":{\"@id\":\"https:\\\/\\\/www.expadd.org\\\/en\\\/world-wetlands-day-2025-in-burkina-faso-to-protect-our-vital-ecosystems\\\/\"},\"author\":{\"name\":\"EXPADD\",\"@id\":\"https:\\\/\\\/www.expadd.org\\\/en\\\/#\\\/schema\\\/person\\\/9e3bf8e18172ddc6b0817fb431b09466\"},\"headline\":\"World Wetlands Day 2025 in Burkina Faso to protect our vital ecosystems\",\"datePublished\":\"2025-05-18T21:01:25+00:00\",\"mainEntityOfPage\":{\"@id\":\"https:\\\/\\\/www.expadd.org\\\/en\\\/world-wetlands-day-2025-in-burkina-faso-to-protect-our-vital-ecosystems\\\/\"},\"wordCount\":91,\"commentCount\":0,\"publisher\":{\"@id\":\"https:\\\/\\\/www.expadd.org\\\/en\\\/#organization\"},\"image\":{\"@id\":\"https:\\\/\\\/www.expadd.org\\\/en\\\/world-wetlands-day-2025-in-burkina-faso-to-protect-our-vital-ecosystems\\\/#primaryimage\"},\"thumbnailUrl\":\"https:\\\/\\\/www.expadd.org\\\/wp-content\\\/uploads\\\/2025\\\/05\\\/BURKINA-ECOSYSTEMES.jpeg\",\"articleSection\":[\"PRESERVATION OF THE ENVIRONMENT\"],\"inLanguage\":\"en-US\",\"potentialAction\":[{\"@type\":\"CommentAction\",\"name\":\"Comment\",\"target\":[\"https:\\\/\\\/www.expadd.org\\\/en\\\/world-wetlands-day-2025-in-burkina-faso-to-protect-our-vital-ecosystems\\\/#respond\"]}]},{\"@type\":\"WebPage\",\"@id\":\"https:\\\/\\\/www.expadd.org\\\/en\\\/world-wetlands-day-2025-in-burkina-faso-to-protect-our-vital-ecosystems\\\/\",\"url\":\"https:\\\/\\\/www.expadd.org\\\/en\\\/world-wetlands-day-2025-in-burkina-faso-to-protect-our-vital-ecosystems\\\/\",\"name\":\"World Wetlands Day 2025 in Burkina Faso to protect our vital ecosystems - EXPADD\",\"isPartOf\":{\"@id\":\"https:\\\/\\\/www.expadd.org\\\/en\\\/#website\"},\"primaryImageOfPage\":{\"@id\":\"https:\\\/\\\/www.expadd.org\\\/en\\\/world-wetlands-day-2025-in-burkina-faso-to-protect-our-vital-ecosystems\\\/#primaryimage\"},\"image\":{\"@id\":\"https:\\\/\\\/www.expadd.org\\\/en\\\/world-wetlands-day-2025-in-burkina-faso-to-protect-our-vital-ecosystems\\\/#primaryimage\"},\"thumbnailUrl\":\"https:\\\/\\\/www.expadd.org\\\/wp-content\\\/uploads\\\/2025\\\/05\\\/BURKINA-ECOSYSTEMES.jpeg\",\"datePublished\":\"2025-05-18T21:01:25+00:00\",\"breadcrumb\":{\"@id\":\"https:\\\/\\\/www.expadd.org\\\/en\\\/world-wetlands-day-2025-in-burkina-faso-to-protect-our-vital-ecosystems\\\/#breadcrumb\"},\"inLanguage\":\"en-US\",\"potentialAction\":[{\"@type\":\"ReadAction\",\"target\":[\"https:\\\/\\\/www.expadd.org\\\/en\\\/world-wetlands-day-2025-in-burkina-faso-to-protect-our-vital-ecosystems\\\/\"]}]},{\"@type\":\"ImageObject\",\"inLanguage\":\"en-US\",\"@id\":\"https:\\\/\\\/www.expadd.org\\\/en\\\/world-wetlands-day-2025-in-burkina-faso-to-protect-our-vital-ecosystems\\\/#primaryimage\",\"url\":\"https:\\\/\\\/www.expadd.org\\\/wp-content\\\/uploads\\\/2025\\\/05\\\/BURKINA-ECOSYSTEMES.jpeg\",\"contentUrl\":\"https:\\\/\\\/www.expadd.org\\\/wp-content\\\/uploads\\\/2025\\\/05\\\/BURKINA-ECOSYSTEMES.jpeg\",\"width\":297,\"height\":170},{\"@type\":\"BreadcrumbList\",\"@id\":\"https:\\\/\\\/www.expadd.org\\\/en\\\/world-wetlands-day-2025-in-burkina-faso-to-protect-our-vital-ecosystems\\\/#breadcrumb\",\"itemListElement\":[{\"@type\":\"ListItem\",\"position\":1,\"name\":\"Accueil\",\"item\":\"https:\\\/\\\/www.expadd.org\\\/en\\\/\"},{\"@type\":\"ListItem\",\"position\":2,\"name\":\"World Wetlands Day 2025 in Burkina Faso to protect our vital ecosystems\"}]},{\"@type\":\"WebSite\",\"@id\":\"https:\\\/\\\/www.expadd.org\\\/en\\\/#website\",\"url\":\"https:\\\/\\\/www.expadd.org\\\/en\\\/\",\"name\":\"EXPADD\",\"description\":\"Pour B\u00e2tir une soci\u00e9t\u00e9 Africaine durable\",\"publisher\":{\"@id\":\"https:\\\/\\\/www.expadd.org\\\/en\\\/#organization\"},\"potentialAction\":[{\"@type\":\"SearchAction\",\"target\":{\"@type\":\"EntryPoint\",\"urlTemplate\":\"https:\\\/\\\/www.expadd.org\\\/en\\\/?s={search_term_string}\"},\"query-input\":{\"@type\":\"PropertyValueSpecification\",\"valueRequired\":true,\"valueName\":\"search_term_string\"}}],\"inLanguage\":\"en-US\"},{\"@type\":\"Organization\",\"@id\":\"https:\\\/\\\/www.expadd.org\\\/en\\\/#organization\",\"name\":\"EXPERTS D'AFRIQUE POUR LE DEVELOPPEMENT DURABLE\",\"url\":\"https:\\\/\\\/www.expadd.org\\\/en\\\/\",\"logo\":{\"@type\":\"ImageObject\",\"inLanguage\":\"en-US\",\"@id\":\"https:\\\/\\\/www.expadd.org\\\/en\\\/#\\\/schema\\\/logo\\\/image\\\/\",\"url\":\"https:\\\/\\\/www.expadd.org\\\/wp-content\\\/uploads\\\/2021\\\/05\\\/cropped-cropped-cropped-cropped-cropped-Capture-decran-2021-03-13-a-20.44.36-2.png\",\"contentUrl\":\"https:\\\/\\\/www.expadd.org\\\/wp-content\\\/uploads\\\/2021\\\/05\\\/cropped-cropped-cropped-cropped-cropped-Capture-decran-2021-03-13-a-20.44.36-2.png\",\"width\":1919,\"height\":1374,\"caption\":\"EXPERTS D'AFRIQUE POUR LE DEVELOPPEMENT DURABLE\"},\"image\":{\"@id\":\"https:\\\/\\\/www.expadd.org\\\/en\\\/#\\\/schema\\\/logo\\\/image\\\/\"}},{\"@type\":\"Person\",\"@id\":\"https:\\\/\\\/www.expadd.org\\\/en\\\/#\\\/schema\\\/person\\\/9e3bf8e18172ddc6b0817fb431b09466\",\"name\":\"EXPADD\",\"image\":{\"@type\":\"ImageObject\",\"inLanguage\":\"en-US\",\"@id\":\"https:\\\/\\\/secure.gravatar.com\\\/avatar\\\/957ffa3fc16f59afe731c0b7b5e2dcb9a0efedb2044cc566d87841dbca098b71?s=96&d=mm&r=g\",\"url\":\"https:\\\/\\\/secure.gravatar.com\\\/avatar\\\/957ffa3fc16f59afe731c0b7b5e2dcb9a0efedb2044cc566d87841dbca098b71?s=96&d=mm&r=g\",\"contentUrl\":\"https:\\\/\\\/secure.gravatar.com\\\/avatar\\\/957ffa3fc16f59afe731c0b7b5e2dcb9a0efedb2044cc566d87841dbca098b71?s=96&d=mm&r=g\",\"caption\":\"EXPADD\"},\"sameAs\":[\"https:\\\/\\\/www.expadd.org\"],\"url\":\"https:\\\/\\\/www.expadd.org\\\/en\\\/author\\\/christo76\\\/\"}]}<\/script>\n<!-- \/ Yoast SEO plugin. -->","yoast_head_json":{"title":"World Wetlands Day 2025 in Burkina Faso to protect our vital ecosystems - EXPADD","robots":{"index":"index","follow":"follow","max-snippet":"max-snippet:-1","max-image-preview":"max-image-preview:large","max-video-preview":"max-video-preview:-1"},"canonical":"https:\/\/www.expadd.org\/en\/world-wetlands-day-2025-in-burkina-faso-to-protect-our-vital-ecosystems\/","og_locale":"en_US","og_type":"article","og_title":"World Wetlands Day 2025 in Burkina Faso to protect our vital ecosystems - EXPADD","og_description":"Source: Vivafrik, Feb. 2025 Every February 2, the world celebrates World Wetlands Day to","og_url":"https:\/\/www.expadd.org\/en\/world-wetlands-day-2025-in-burkina-faso-to-protect-our-vital-ecosystems\/","og_site_name":"EXPADD","article_published_time":"2025-05-18T21:01:25+00:00","og_image":[{"width":297,"height":170,"url":"https:\/\/www.expadd.org\/wp-content\/uploads\/2025\/05\/BURKINA-ECOSYSTEMES.jpeg","type":"image\/jpeg"}],"author":"EXPADD","twitter_card":"summary_large_image","twitter_misc":{"Written by":"EXPADD"},"schema":{"@context":"https:\/\/schema.org","@graph":[{"@type":"Article","@id":"https:\/\/www.expadd.org\/en\/world-wetlands-day-2025-in-burkina-faso-to-protect-our-vital-ecosystems\/#article","isPartOf":{"@id":"https:\/\/www.expadd.org\/en\/world-wetlands-day-2025-in-burkina-faso-to-protect-our-vital-ecosystems\/"},"author":{"name":"EXPADD","@id":"https:\/\/www.expadd.org\/en\/#\/schema\/person\/9e3bf8e18172ddc6b0817fb431b09466"},"headline":"World Wetlands Day 2025 in Burkina Faso to protect our vital ecosystems","datePublished":"2025-05-18T21:01:25+00:00","mainEntityOfPage":{"@id":"https:\/\/www.expadd.org\/en\/world-wetlands-day-2025-in-burkina-faso-to-protect-our-vital-ecosystems\/"},"wordCount":91,"commentCount":0,"publisher":{"@id":"https:\/\/www.expadd.org\/en\/#organization"},"image":{"@id":"https:\/\/www.expadd.org\/en\/world-wetlands-day-2025-in-burkina-faso-to-protect-our-vital-ecosystems\/#primaryimage"},"thumbnailUrl":"https:\/\/www.expadd.org\/wp-content\/uploads\/2025\/05\/BURKINA-ECOSYSTEMES.jpeg","articleSection":["PRESERVATION OF THE ENVIRONMENT"],"inLanguage":"en-US","potentialAction":[{"@type":"CommentAction","name":"Comment","target":["https:\/\/www.expadd.org\/en\/world-wetlands-day-2025-in-burkina-faso-to-protect-our-vital-ecosystems\/#respond"]}]},{"@type":"WebPage","@id":"https:\/\/www.expadd.org\/en\/world-wetlands-day-2025-in-burkina-faso-to-protect-our-vital-ecosystems\/","url":"https:\/\/www.expadd.org\/en\/world-wetlands-day-2025-in-burkina-faso-to-protect-our-vital-ecosystems\/","name":"World Wetlands Day 2025 in Burkina Faso to protect our vital ecosystems - EXPADD","isPartOf":{"@id":"https:\/\/www.expadd.org\/en\/#website"},"primaryImageOfPage":{"@id":"https:\/\/www.expadd.org\/en\/world-wetlands-day-2025-in-burkina-faso-to-protect-our-vital-ecosystems\/#primaryimage"},"image":{"@id":"https:\/\/www.expadd.org\/en\/world-wetlands-day-2025-in-burkina-faso-to-protect-our-vital-ecosystems\/#primaryimage"},"thumbnailUrl":"https:\/\/www.expadd.org\/wp-content\/uploads\/2025\/05\/BURKINA-ECOSYSTEMES.jpeg","datePublished":"2025-05-18T21:01:25+00:00","breadcrumb":{"@id":"https:\/\/www.expadd.org\/en\/world-wetlands-day-2025-in-burkina-faso-to-protect-our-vital-ecosystems\/#breadcrumb"},"inLanguage":"en-US","potentialAction":[{"@type":"ReadAction","target":["https:\/\/www.expadd.org\/en\/world-wetlands-day-2025-in-burkina-faso-to-protect-our-vital-ecosystems\/"]}]},{"@type":"ImageObject","inLanguage":"en-US","@id":"https:\/\/www.expadd.org\/en\/world-wetlands-day-2025-in-burkina-faso-to-protect-our-vital-ecosystems\/#primaryimage","url":"https:\/\/www.expadd.org\/wp-content\/uploads\/2025\/05\/BURKINA-ECOSYSTEMES.jpeg","contentUrl":"https:\/\/www.expadd.org\/wp-content\/uploads\/2025\/05\/BURKINA-ECOSYSTEMES.jpeg","width":297,"height":170},{"@type":"BreadcrumbList","@id":"https:\/\/www.expadd.org\/en\/world-wetlands-day-2025-in-burkina-faso-to-protect-our-vital-ecosystems\/#breadcrumb","itemListElement":[{"@type":"ListItem","position":1,"name":"Accueil","item":"https:\/\/www.expadd.org\/en\/"},{"@type":"ListItem","position":2,"name":"World Wetlands Day 2025 in Burkina Faso to protect our vital ecosystems"}]},{"@type":"WebSite","@id":"https:\/\/www.expadd.org\/en\/#website","url":"https:\/\/www.expadd.org\/en\/","name":"EXPADD","description":"Pour B\u00e2tir une soci\u00e9t\u00e9 Africaine durable","publisher":{"@id":"https:\/\/www.expadd.org\/en\/#organization"},"potentialAction":[{"@type":"SearchAction","target":{"@type":"EntryPoint","urlTemplate":"https:\/\/www.expadd.org\/en\/?s={search_term_string}"},"query-input":{"@type":"PropertyValueSpecification","valueRequired":true,"valueName":"search_term_string"}}],"inLanguage":"en-US"},{"@type":"Organization","@id":"https:\/\/www.expadd.org\/en\/#organization","name":"EXPERTS D'AFRIQUE POUR LE DEVELOPPEMENT DURABLE","url":"https:\/\/www.expadd.org\/en\/","logo":{"@type":"ImageObject","inLanguage":"en-US","@id":"https:\/\/www.expadd.org\/en\/#\/schema\/logo\/image\/","url":"https:\/\/www.expadd.org\/wp-content\/uploads\/2021\/05\/cropped-cropped-cropped-cropped-cropped-Capture-decran-2021-03-13-a-20.44.36-2.png","contentUrl":"https:\/\/www.expadd.org\/wp-content\/uploads\/2021\/05\/cropped-cropped-cropped-cropped-cropped-Capture-decran-2021-03-13-a-20.44.36-2.png","width":1919,"height":1374,"caption":"EXPERTS D'AFRIQUE POUR LE DEVELOPPEMENT DURABLE"},"image":{"@id":"https:\/\/www.expadd.org\/en\/#\/schema\/logo\/image\/"}},{"@type":"Person","@id":"https:\/\/www.expadd.org\/en\/#\/schema\/person\/9e3bf8e18172ddc6b0817fb431b09466","name":"EXPADD","image":{"@type":"ImageObject","inLanguage":"en-US","@id":"https:\/\/secure.gravatar.com\/avatar\/957ffa3fc16f59afe731c0b7b5e2dcb9a0efedb2044cc566d87841dbca098b71?s=96&d=mm&r=g","url":"https:\/\/secure.gravatar.com\/avatar\/957ffa3fc16f59afe731c0b7b5e2dcb9a0efedb2044cc566d87841dbca098b71?s=96&d=mm&r=g","contentUrl":"https:\/\/secure.gravatar.com\/avatar\/957ffa3fc16f59afe731c0b7b5e2dcb9a0efedb2044cc566d87841dbca098b71?s=96&d=mm&r=g","caption":"EXPADD"},"sameAs":["https:\/\/www.expadd.org"],"url":"https:\/\/www.expadd.org\/en\/author\/christo76\/"}]}},"_links":{"self":[{"href":"https:\/\/www.expadd.org\/en\/wp-json\/wp\/v2\/posts\/12341","targetHints":{"allow":["GET"]}}],"collection":[{"href":"https:\/\/www.expadd.org\/en\/wp-json\/wp\/v2\/posts"}],"about":[{"href":"https:\/\/www.expadd.org\/en\/wp-json\/wp\/v2\/types\/post"}],"author":[{"embeddable":true,"href":"https:\/\/www.expadd.org\/en\/wp-json\/wp\/v2\/users\/1"}],"replies":[{"embeddable":true,"href":"https:\/\/www.expadd.org\/en\/wp-json\/wp\/v2\/comments?post=12341"}],"version-history":[{"count":0,"href":"https:\/\/www.expadd.org\/en\/wp-json\/wp\/v2\/posts\/12341\/revisions"}],"wp:featuredmedia":[{"embeddable":true,"href":"https:\/\/www.expadd.org\/en\/wp-json\/wp\/v2\/media\/12336"}],"wp:attachment":[{"href":"https:\/\/www.expadd.org\/en\/wp-json\/wp\/v2\/media?parent=12341"}],"wp:term":[{"taxonomy":"category","embeddable":true,"href":"https:\/\/www.expadd.org\/en\/wp-json\/wp\/v2\/categories?post=12341"},{"taxonomy":"post_tag","embeddable":true,"href":"https:\/\/www.expadd.org\/en\/wp-json\/wp\/v2\/tags?post=12341"}],"curies":[{"name":"wp","href":"https:\/\/api.w.org\/{rel}","templated":true}]}}