{"id":12322,"date":"2025-05-14T12:18:51","date_gmt":"2025-05-14T12:18:51","guid":{"rendered":"https:\/\/www.expadd.org\/faced-with-the-harmful-effects-of-climate-change-a-first-climathon-in-niger-in-2025\/"},"modified":"2025-05-14T12:18:51","modified_gmt":"2025-05-14T12:18:51","slug":"faced-with-the-harmful-effects-of-climate-change-a-first-climathon-in-niger-in-2025","status":"publish","type":"post","link":"https:\/\/www.expadd.org\/en\/faced-with-the-harmful-effects-of-climate-change-a-first-climathon-in-niger-in-2025\/","title":{"rendered":"Faced with the harmful effects of climate change, a first Climathon in Niger in 2025"},"content":{"rendered":"<p>Source: Pole G, February 2025<\/p>\n<p>The Sahelian country of Niger faces numerous challenges linked to climate change: desertification, limited access to water resources, food insecurity and pressure on ecosystems. Organizing a Climathon in Niger means enabling young people, entrepreneurs and researchers to develop innovative solutions adapted to local realities, thus contributing to mitigating the effects of climate change and helping communities to adapt. <\/p>\n<p><a href=\"https:\/\/www.pole-g.org\/climathon-niamey-2025-2\/#:~:text=Cet%20%C3%A9v%C3%A9nement%20vise%20non%20seulement,et%20d%27Industries%20du%20Niger.\">CLIMATHON NIAMEY 2025 &#8211; POLE G<\/a><\/p>\n","protected":false},"excerpt":{"rendered":"<p>Source: Pole G, February 2025 The Sahelian country of Niger faces numerous challenges linked<\/p>\n","protected":false},"author":1,"featured_media":12314,"comment_status":"open","ping_status":"open","sticky":false,"template":"","format":"standard","meta":{"content-type":"","footnotes":""},"categories":[96],"tags":[],"class_list":["post-12322","post","type-post","status-publish","format-standard","has-post-thumbnail","hentry","category-climate-change"],"yoast_head":"<!-- This site is optimized with the Yoast SEO plugin v27.5 - https:\/\/yoast.com\/product\/yoast-seo-wordpress\/ -->\n<title>Faced with the harmful effects of climate change, a first Climathon in Niger in 2025 - EXPADD<\/title>\n<meta name=\"robots\" content=\"index, follow, max-snippet:-1, max-image-preview:large, max-video-preview:-1\" \/>\n<link rel=\"canonical\" href=\"https:\/\/www.expadd.org\/en\/faced-with-the-harmful-effects-of-climate-change-a-first-climathon-in-niger-in-2025\/\" \/>\n<meta property=\"og:locale\" content=\"en_US\" \/>\n<meta property=\"og:type\" content=\"article\" \/>\n<meta property=\"og:title\" content=\"Faced with the harmful effects of climate change, a first Climathon in Niger in 2025 - EXPADD\" \/>\n<meta property=\"og:description\" content=\"Source: Pole G, February 2025 The Sahelian country of Niger faces numerous challenges linked\" \/>\n<meta property=\"og:url\" content=\"https:\/\/www.expadd.org\/en\/faced-with-the-harmful-effects-of-climate-change-a-first-climathon-in-niger-in-2025\/\" \/>\n<meta property=\"og:site_name\" content=\"EXPADD\" \/>\n<meta property=\"article:published_time\" content=\"2025-05-14T12:18:51+00:00\" \/>\n<meta property=\"og:image\" content=\"https:\/\/www.expadd.org\/wp-content\/uploads\/2025\/05\/NIGER-AGRICULTURE.jpeg\" \/>\n\t<meta property=\"og:image:width\" content=\"259\" \/>\n\t<meta property=\"og:image:height\" content=\"194\" \/>\n\t<meta property=\"og:image:type\" content=\"image\/jpeg\" \/>\n<meta name=\"author\" content=\"EXPADD\" \/>\n<meta name=\"twitter:card\" content=\"summary_large_image\" \/>\n<meta name=\"twitter:label1\" content=\"Written by\" \/>\n\t<meta name=\"twitter:data1\" content=\"EXPADD\" \/>\n<script type=\"application\/ld+json\" class=\"yoast-schema-graph\">{\"@context\":\"https:\\\/\\\/schema.org\",\"@graph\":[{\"@type\":\"Article\",\"@id\":\"https:\\\/\\\/www.expadd.org\\\/en\\\/faced-with-the-harmful-effects-of-climate-change-a-first-climathon-in-niger-in-2025\\\/#article\",\"isPartOf\":{\"@id\":\"https:\\\/\\\/www.expadd.org\\\/en\\\/faced-with-the-harmful-effects-of-climate-change-a-first-climathon-in-niger-in-2025\\\/\"},\"author\":{\"name\":\"EXPADD\",\"@id\":\"https:\\\/\\\/www.expadd.org\\\/en\\\/#\\\/schema\\\/person\\\/9e3bf8e18172ddc6b0817fb431b09466\"},\"headline\":\"Faced with the harmful effects of climate change, a first Climathon in Niger in 2025\",\"datePublished\":\"2025-05-14T12:18:51+00:00\",\"mainEntityOfPage\":{\"@id\":\"https:\\\/\\\/www.expadd.org\\\/en\\\/faced-with-the-harmful-effects-of-climate-change-a-first-climathon-in-niger-in-2025\\\/\"},\"wordCount\":81,\"commentCount\":0,\"publisher\":{\"@id\":\"https:\\\/\\\/www.expadd.org\\\/en\\\/#organization\"},\"image\":{\"@id\":\"https:\\\/\\\/www.expadd.org\\\/en\\\/faced-with-the-harmful-effects-of-climate-change-a-first-climathon-in-niger-in-2025\\\/#primaryimage\"},\"thumbnailUrl\":\"https:\\\/\\\/www.expadd.org\\\/wp-content\\\/uploads\\\/2025\\\/05\\\/NIGER-AGRICULTURE.jpeg\",\"articleSection\":[\"CLIMATE CHANGE\"],\"inLanguage\":\"en-US\",\"potentialAction\":[{\"@type\":\"CommentAction\",\"name\":\"Comment\",\"target\":[\"https:\\\/\\\/www.expadd.org\\\/en\\\/faced-with-the-harmful-effects-of-climate-change-a-first-climathon-in-niger-in-2025\\\/#respond\"]}]},{\"@type\":\"WebPage\",\"@id\":\"https:\\\/\\\/www.expadd.org\\\/en\\\/faced-with-the-harmful-effects-of-climate-change-a-first-climathon-in-niger-in-2025\\\/\",\"url\":\"https:\\\/\\\/www.expadd.org\\\/en\\\/faced-with-the-harmful-effects-of-climate-change-a-first-climathon-in-niger-in-2025\\\/\",\"name\":\"Faced with the harmful effects of climate change, a first Climathon in Niger in 2025 - EXPADD\",\"isPartOf\":{\"@id\":\"https:\\\/\\\/www.expadd.org\\\/en\\\/#website\"},\"primaryImageOfPage\":{\"@id\":\"https:\\\/\\\/www.expadd.org\\\/en\\\/faced-with-the-harmful-effects-of-climate-change-a-first-climathon-in-niger-in-2025\\\/#primaryimage\"},\"image\":{\"@id\":\"https:\\\/\\\/www.expadd.org\\\/en\\\/faced-with-the-harmful-effects-of-climate-change-a-first-climathon-in-niger-in-2025\\\/#primaryimage\"},\"thumbnailUrl\":\"https:\\\/\\\/www.expadd.org\\\/wp-content\\\/uploads\\\/2025\\\/05\\\/NIGER-AGRICULTURE.jpeg\",\"datePublished\":\"2025-05-14T12:18:51+00:00\",\"breadcrumb\":{\"@id\":\"https:\\\/\\\/www.expadd.org\\\/en\\\/faced-with-the-harmful-effects-of-climate-change-a-first-climathon-in-niger-in-2025\\\/#breadcrumb\"},\"inLanguage\":\"en-US\",\"potentialAction\":[{\"@type\":\"ReadAction\",\"target\":[\"https:\\\/\\\/www.expadd.org\\\/en\\\/faced-with-the-harmful-effects-of-climate-change-a-first-climathon-in-niger-in-2025\\\/\"]}]},{\"@type\":\"ImageObject\",\"inLanguage\":\"en-US\",\"@id\":\"https:\\\/\\\/www.expadd.org\\\/en\\\/faced-with-the-harmful-effects-of-climate-change-a-first-climathon-in-niger-in-2025\\\/#primaryimage\",\"url\":\"https:\\\/\\\/www.expadd.org\\\/wp-content\\\/uploads\\\/2025\\\/05\\\/NIGER-AGRICULTURE.jpeg\",\"contentUrl\":\"https:\\\/\\\/www.expadd.org\\\/wp-content\\\/uploads\\\/2025\\\/05\\\/NIGER-AGRICULTURE.jpeg\",\"width\":259,\"height\":194},{\"@type\":\"BreadcrumbList\",\"@id\":\"https:\\\/\\\/www.expadd.org\\\/en\\\/faced-with-the-harmful-effects-of-climate-change-a-first-climathon-in-niger-in-2025\\\/#breadcrumb\",\"itemListElement\":[{\"@type\":\"ListItem\",\"position\":1,\"name\":\"Accueil\",\"item\":\"https:\\\/\\\/www.expadd.org\\\/en\\\/\"},{\"@type\":\"ListItem\",\"position\":2,\"name\":\"Faced with the harmful effects of climate change, a first Climathon in Niger in 2025\"}]},{\"@type\":\"WebSite\",\"@id\":\"https:\\\/\\\/www.expadd.org\\\/en\\\/#website\",\"url\":\"https:\\\/\\\/www.expadd.org\\\/en\\\/\",\"name\":\"EXPADD\",\"description\":\"Pour B\u00e2tir une soci\u00e9t\u00e9 Africaine durable\",\"publisher\":{\"@id\":\"https:\\\/\\\/www.expadd.org\\\/en\\\/#organization\"},\"potentialAction\":[{\"@type\":\"SearchAction\",\"target\":{\"@type\":\"EntryPoint\",\"urlTemplate\":\"https:\\\/\\\/www.expadd.org\\\/en\\\/?s={search_term_string}\"},\"query-input\":{\"@type\":\"PropertyValueSpecification\",\"valueRequired\":true,\"valueName\":\"search_term_string\"}}],\"inLanguage\":\"en-US\"},{\"@type\":\"Organization\",\"@id\":\"https:\\\/\\\/www.expadd.org\\\/en\\\/#organization\",\"name\":\"EXPERTS D'AFRIQUE POUR LE DEVELOPPEMENT DURABLE\",\"url\":\"https:\\\/\\\/www.expadd.org\\\/en\\\/\",\"logo\":{\"@type\":\"ImageObject\",\"inLanguage\":\"en-US\",\"@id\":\"https:\\\/\\\/www.expadd.org\\\/en\\\/#\\\/schema\\\/logo\\\/image\\\/\",\"url\":\"https:\\\/\\\/www.expadd.org\\\/wp-content\\\/uploads\\\/2021\\\/05\\\/cropped-cropped-cropped-cropped-cropped-Capture-decran-2021-03-13-a-20.44.36-2.png\",\"contentUrl\":\"https:\\\/\\\/www.expadd.org\\\/wp-content\\\/uploads\\\/2021\\\/05\\\/cropped-cropped-cropped-cropped-cropped-Capture-decran-2021-03-13-a-20.44.36-2.png\",\"width\":1919,\"height\":1374,\"caption\":\"EXPERTS D'AFRIQUE POUR LE DEVELOPPEMENT DURABLE\"},\"image\":{\"@id\":\"https:\\\/\\\/www.expadd.org\\\/en\\\/#\\\/schema\\\/logo\\\/image\\\/\"}},{\"@type\":\"Person\",\"@id\":\"https:\\\/\\\/www.expadd.org\\\/en\\\/#\\\/schema\\\/person\\\/9e3bf8e18172ddc6b0817fb431b09466\",\"name\":\"EXPADD\",\"image\":{\"@type\":\"ImageObject\",\"inLanguage\":\"en-US\",\"@id\":\"https:\\\/\\\/secure.gravatar.com\\\/avatar\\\/957ffa3fc16f59afe731c0b7b5e2dcb9a0efedb2044cc566d87841dbca098b71?s=96&d=mm&r=g\",\"url\":\"https:\\\/\\\/secure.gravatar.com\\\/avatar\\\/957ffa3fc16f59afe731c0b7b5e2dcb9a0efedb2044cc566d87841dbca098b71?s=96&d=mm&r=g\",\"contentUrl\":\"https:\\\/\\\/secure.gravatar.com\\\/avatar\\\/957ffa3fc16f59afe731c0b7b5e2dcb9a0efedb2044cc566d87841dbca098b71?s=96&d=mm&r=g\",\"caption\":\"EXPADD\"},\"sameAs\":[\"https:\\\/\\\/www.expadd.org\"],\"url\":\"https:\\\/\\\/www.expadd.org\\\/en\\\/author\\\/christo76\\\/\"}]}<\/script>\n<!-- \/ Yoast SEO plugin. -->","yoast_head_json":{"title":"Faced with the harmful effects of climate change, a first Climathon in Niger in 2025 - EXPADD","robots":{"index":"index","follow":"follow","max-snippet":"max-snippet:-1","max-image-preview":"max-image-preview:large","max-video-preview":"max-video-preview:-1"},"canonical":"https:\/\/www.expadd.org\/en\/faced-with-the-harmful-effects-of-climate-change-a-first-climathon-in-niger-in-2025\/","og_locale":"en_US","og_type":"article","og_title":"Faced with the harmful effects of climate change, a first Climathon in Niger in 2025 - EXPADD","og_description":"Source: Pole G, February 2025 The Sahelian country of Niger faces numerous challenges linked","og_url":"https:\/\/www.expadd.org\/en\/faced-with-the-harmful-effects-of-climate-change-a-first-climathon-in-niger-in-2025\/","og_site_name":"EXPADD","article_published_time":"2025-05-14T12:18:51+00:00","og_image":[{"width":259,"height":194,"url":"https:\/\/www.expadd.org\/wp-content\/uploads\/2025\/05\/NIGER-AGRICULTURE.jpeg","type":"image\/jpeg"}],"author":"EXPADD","twitter_card":"summary_large_image","twitter_misc":{"Written by":"EXPADD"},"schema":{"@context":"https:\/\/schema.org","@graph":[{"@type":"Article","@id":"https:\/\/www.expadd.org\/en\/faced-with-the-harmful-effects-of-climate-change-a-first-climathon-in-niger-in-2025\/#article","isPartOf":{"@id":"https:\/\/www.expadd.org\/en\/faced-with-the-harmful-effects-of-climate-change-a-first-climathon-in-niger-in-2025\/"},"author":{"name":"EXPADD","@id":"https:\/\/www.expadd.org\/en\/#\/schema\/person\/9e3bf8e18172ddc6b0817fb431b09466"},"headline":"Faced with the harmful effects of climate change, a first Climathon in Niger in 2025","datePublished":"2025-05-14T12:18:51+00:00","mainEntityOfPage":{"@id":"https:\/\/www.expadd.org\/en\/faced-with-the-harmful-effects-of-climate-change-a-first-climathon-in-niger-in-2025\/"},"wordCount":81,"commentCount":0,"publisher":{"@id":"https:\/\/www.expadd.org\/en\/#organization"},"image":{"@id":"https:\/\/www.expadd.org\/en\/faced-with-the-harmful-effects-of-climate-change-a-first-climathon-in-niger-in-2025\/#primaryimage"},"thumbnailUrl":"https:\/\/www.expadd.org\/wp-content\/uploads\/2025\/05\/NIGER-AGRICULTURE.jpeg","articleSection":["CLIMATE CHANGE"],"inLanguage":"en-US","potentialAction":[{"@type":"CommentAction","name":"Comment","target":["https:\/\/www.expadd.org\/en\/faced-with-the-harmful-effects-of-climate-change-a-first-climathon-in-niger-in-2025\/#respond"]}]},{"@type":"WebPage","@id":"https:\/\/www.expadd.org\/en\/faced-with-the-harmful-effects-of-climate-change-a-first-climathon-in-niger-in-2025\/","url":"https:\/\/www.expadd.org\/en\/faced-with-the-harmful-effects-of-climate-change-a-first-climathon-in-niger-in-2025\/","name":"Faced with the harmful effects of climate change, a first Climathon in Niger in 2025 - EXPADD","isPartOf":{"@id":"https:\/\/www.expadd.org\/en\/#website"},"primaryImageOfPage":{"@id":"https:\/\/www.expadd.org\/en\/faced-with-the-harmful-effects-of-climate-change-a-first-climathon-in-niger-in-2025\/#primaryimage"},"image":{"@id":"https:\/\/www.expadd.org\/en\/faced-with-the-harmful-effects-of-climate-change-a-first-climathon-in-niger-in-2025\/#primaryimage"},"thumbnailUrl":"https:\/\/www.expadd.org\/wp-content\/uploads\/2025\/05\/NIGER-AGRICULTURE.jpeg","datePublished":"2025-05-14T12:18:51+00:00","breadcrumb":{"@id":"https:\/\/www.expadd.org\/en\/faced-with-the-harmful-effects-of-climate-change-a-first-climathon-in-niger-in-2025\/#breadcrumb"},"inLanguage":"en-US","potentialAction":[{"@type":"ReadAction","target":["https:\/\/www.expadd.org\/en\/faced-with-the-harmful-effects-of-climate-change-a-first-climathon-in-niger-in-2025\/"]}]},{"@type":"ImageObject","inLanguage":"en-US","@id":"https:\/\/www.expadd.org\/en\/faced-with-the-harmful-effects-of-climate-change-a-first-climathon-in-niger-in-2025\/#primaryimage","url":"https:\/\/www.expadd.org\/wp-content\/uploads\/2025\/05\/NIGER-AGRICULTURE.jpeg","contentUrl":"https:\/\/www.expadd.org\/wp-content\/uploads\/2025\/05\/NIGER-AGRICULTURE.jpeg","width":259,"height":194},{"@type":"BreadcrumbList","@id":"https:\/\/www.expadd.org\/en\/faced-with-the-harmful-effects-of-climate-change-a-first-climathon-in-niger-in-2025\/#breadcrumb","itemListElement":[{"@type":"ListItem","position":1,"name":"Accueil","item":"https:\/\/www.expadd.org\/en\/"},{"@type":"ListItem","position":2,"name":"Faced with the harmful effects of climate change, a first Climathon in Niger in 2025"}]},{"@type":"WebSite","@id":"https:\/\/www.expadd.org\/en\/#website","url":"https:\/\/www.expadd.org\/en\/","name":"EXPADD","description":"Pour B\u00e2tir une soci\u00e9t\u00e9 Africaine durable","publisher":{"@id":"https:\/\/www.expadd.org\/en\/#organization"},"potentialAction":[{"@type":"SearchAction","target":{"@type":"EntryPoint","urlTemplate":"https:\/\/www.expadd.org\/en\/?s={search_term_string}"},"query-input":{"@type":"PropertyValueSpecification","valueRequired":true,"valueName":"search_term_string"}}],"inLanguage":"en-US"},{"@type":"Organization","@id":"https:\/\/www.expadd.org\/en\/#organization","name":"EXPERTS D'AFRIQUE POUR LE DEVELOPPEMENT DURABLE","url":"https:\/\/www.expadd.org\/en\/","logo":{"@type":"ImageObject","inLanguage":"en-US","@id":"https:\/\/www.expadd.org\/en\/#\/schema\/logo\/image\/","url":"https:\/\/www.expadd.org\/wp-content\/uploads\/2021\/05\/cropped-cropped-cropped-cropped-cropped-Capture-decran-2021-03-13-a-20.44.36-2.png","contentUrl":"https:\/\/www.expadd.org\/wp-content\/uploads\/2021\/05\/cropped-cropped-cropped-cropped-cropped-Capture-decran-2021-03-13-a-20.44.36-2.png","width":1919,"height":1374,"caption":"EXPERTS D'AFRIQUE POUR LE DEVELOPPEMENT DURABLE"},"image":{"@id":"https:\/\/www.expadd.org\/en\/#\/schema\/logo\/image\/"}},{"@type":"Person","@id":"https:\/\/www.expadd.org\/en\/#\/schema\/person\/9e3bf8e18172ddc6b0817fb431b09466","name":"EXPADD","image":{"@type":"ImageObject","inLanguage":"en-US","@id":"https:\/\/secure.gravatar.com\/avatar\/957ffa3fc16f59afe731c0b7b5e2dcb9a0efedb2044cc566d87841dbca098b71?s=96&d=mm&r=g","url":"https:\/\/secure.gravatar.com\/avatar\/957ffa3fc16f59afe731c0b7b5e2dcb9a0efedb2044cc566d87841dbca098b71?s=96&d=mm&r=g","contentUrl":"https:\/\/secure.gravatar.com\/avatar\/957ffa3fc16f59afe731c0b7b5e2dcb9a0efedb2044cc566d87841dbca098b71?s=96&d=mm&r=g","caption":"EXPADD"},"sameAs":["https:\/\/www.expadd.org"],"url":"https:\/\/www.expadd.org\/en\/author\/christo76\/"}]}},"_links":{"self":[{"href":"https:\/\/www.expadd.org\/en\/wp-json\/wp\/v2\/posts\/12322","targetHints":{"allow":["GET"]}}],"collection":[{"href":"https:\/\/www.expadd.org\/en\/wp-json\/wp\/v2\/posts"}],"about":[{"href":"https:\/\/www.expadd.org\/en\/wp-json\/wp\/v2\/types\/post"}],"author":[{"embeddable":true,"href":"https:\/\/www.expadd.org\/en\/wp-json\/wp\/v2\/users\/1"}],"replies":[{"embeddable":true,"href":"https:\/\/www.expadd.org\/en\/wp-json\/wp\/v2\/comments?post=12322"}],"version-history":[{"count":0,"href":"https:\/\/www.expadd.org\/en\/wp-json\/wp\/v2\/posts\/12322\/revisions"}],"wp:featuredmedia":[{"embeddable":true,"href":"https:\/\/www.expadd.org\/en\/wp-json\/wp\/v2\/media\/12314"}],"wp:attachment":[{"href":"https:\/\/www.expadd.org\/en\/wp-json\/wp\/v2\/media?parent=12322"}],"wp:term":[{"taxonomy":"category","embeddable":true,"href":"https:\/\/www.expadd.org\/en\/wp-json\/wp\/v2\/categories?post=12322"},{"taxonomy":"post_tag","embeddable":true,"href":"https:\/\/www.expadd.org\/en\/wp-json\/wp\/v2\/tags?post=12322"}],"curies":[{"name":"wp","href":"https:\/\/api.w.org\/{rel}","templated":true}]}}