{"id":11804,"date":"2024-01-27T13:15:46","date_gmt":"2024-01-27T13:15:46","guid":{"rendered":"https:\/\/www.expadd.org\/solar-power-driven-by-south-africa-the-continent-to-deploy-3-7-gw-by-2023\/"},"modified":"2024-01-27T13:15:46","modified_gmt":"2024-01-27T13:15:46","slug":"solar-power-driven-by-south-africa-the-continent-to-deploy-3-7-gw-by-2023","status":"publish","type":"post","link":"https:\/\/www.expadd.org\/en\/solar-power-driven-by-south-africa-the-continent-to-deploy-3-7-gw-by-2023\/","title":{"rendered":"Solar power: driven by South Africa, the continent to deploy 3.7 GW by 2023"},"content":{"rendered":"<p>Source: Afrik 21, Jan. 2024<\/p>\n<p>The solar energy market grew in Africa in 2023. The continent thus recorded new installed capacity of 3.7 GW. So says the annual report from the African Solar Industry Association (Afsia).<\/p>\n<p><a href=\"https:\/\/www.afrik21.africa\/energie-solaire-tire-par-lafrique-du-sud-le-continent-a-deploye-37-gw-en-2023\/\">Solar energy: driven by South Africa, the continent to deploy 3.7 GW by 2023 | Afrik 21<\/a><\/p>\n","protected":false},"excerpt":{"rendered":"<p>Source: Afrik 21, Jan. 2024 The solar energy market grew in Africa in 2023.<\/p>\n","protected":false},"author":1,"featured_media":11802,"comment_status":"open","ping_status":"open","sticky":false,"template":"","format":"standard","meta":{"content-type":"","footnotes":""},"categories":[86],"tags":[],"class_list":["post-11804","post","type-post","status-publish","format-standard","has-post-thumbnail","hentry","category-renewable-energies"],"yoast_head":"<!-- This site is optimized with the Yoast SEO plugin v27.5 - https:\/\/yoast.com\/product\/yoast-seo-wordpress\/ -->\n<title>Solar power: driven by South Africa, the continent to deploy 3.7 GW by 2023 - EXPADD<\/title>\n<meta name=\"robots\" content=\"index, follow, max-snippet:-1, max-image-preview:large, max-video-preview:-1\" \/>\n<link rel=\"canonical\" href=\"https:\/\/www.expadd.org\/en\/solar-power-driven-by-south-africa-the-continent-to-deploy-3-7-gw-by-2023\/\" \/>\n<meta property=\"og:locale\" content=\"en_US\" \/>\n<meta property=\"og:type\" content=\"article\" \/>\n<meta property=\"og:title\" content=\"Solar power: driven by South Africa, the continent to deploy 3.7 GW by 2023 - EXPADD\" \/>\n<meta property=\"og:description\" content=\"Source: Afrik 21, Jan. 2024 The solar energy market grew in Africa in 2023.\" \/>\n<meta property=\"og:url\" content=\"https:\/\/www.expadd.org\/en\/solar-power-driven-by-south-africa-the-continent-to-deploy-3-7-gw-by-2023\/\" \/>\n<meta property=\"og:site_name\" content=\"EXPADD\" \/>\n<meta property=\"article:published_time\" content=\"2024-01-27T13:15:46+00:00\" \/>\n<meta property=\"og:image\" content=\"https:\/\/www.expadd.org\/wp-content\/uploads\/2024\/01\/TOF-264.png\" \/>\n\t<meta property=\"og:image:width\" content=\"800\" \/>\n\t<meta property=\"og:image:height\" content=\"400\" \/>\n\t<meta property=\"og:image:type\" content=\"image\/png\" \/>\n<meta name=\"author\" content=\"EXPADD\" \/>\n<meta name=\"twitter:card\" content=\"summary_large_image\" \/>\n<meta name=\"twitter:label1\" content=\"Written by\" \/>\n\t<meta name=\"twitter:data1\" content=\"EXPADD\" \/>\n<script type=\"application\/ld+json\" class=\"yoast-schema-graph\">{\"@context\":\"https:\\\/\\\/schema.org\",\"@graph\":[{\"@type\":\"Article\",\"@id\":\"https:\\\/\\\/www.expadd.org\\\/en\\\/solar-power-driven-by-south-africa-the-continent-to-deploy-3-7-gw-by-2023\\\/#article\",\"isPartOf\":{\"@id\":\"https:\\\/\\\/www.expadd.org\\\/en\\\/solar-power-driven-by-south-africa-the-continent-to-deploy-3-7-gw-by-2023\\\/\"},\"author\":{\"name\":\"EXPADD\",\"@id\":\"https:\\\/\\\/www.expadd.org\\\/en\\\/#\\\/schema\\\/person\\\/9e3bf8e18172ddc6b0817fb431b09466\"},\"headline\":\"Solar power: driven by South Africa, the continent to deploy 3.7 GW by 2023\",\"datePublished\":\"2024-01-27T13:15:46+00:00\",\"mainEntityOfPage\":{\"@id\":\"https:\\\/\\\/www.expadd.org\\\/en\\\/solar-power-driven-by-south-africa-the-continent-to-deploy-3-7-gw-by-2023\\\/\"},\"wordCount\":57,\"commentCount\":0,\"publisher\":{\"@id\":\"https:\\\/\\\/www.expadd.org\\\/en\\\/#organization\"},\"image\":{\"@id\":\"https:\\\/\\\/www.expadd.org\\\/en\\\/solar-power-driven-by-south-africa-the-continent-to-deploy-3-7-gw-by-2023\\\/#primaryimage\"},\"thumbnailUrl\":\"https:\\\/\\\/www.expadd.org\\\/wp-content\\\/uploads\\\/2024\\\/01\\\/TOF-264.png\",\"articleSection\":[\"RENEWABLE ENERGIES\"],\"inLanguage\":\"en-US\",\"potentialAction\":[{\"@type\":\"CommentAction\",\"name\":\"Comment\",\"target\":[\"https:\\\/\\\/www.expadd.org\\\/en\\\/solar-power-driven-by-south-africa-the-continent-to-deploy-3-7-gw-by-2023\\\/#respond\"]}]},{\"@type\":\"WebPage\",\"@id\":\"https:\\\/\\\/www.expadd.org\\\/en\\\/solar-power-driven-by-south-africa-the-continent-to-deploy-3-7-gw-by-2023\\\/\",\"url\":\"https:\\\/\\\/www.expadd.org\\\/en\\\/solar-power-driven-by-south-africa-the-continent-to-deploy-3-7-gw-by-2023\\\/\",\"name\":\"Solar power: driven by South Africa, the continent to deploy 3.7 GW by 2023 - EXPADD\",\"isPartOf\":{\"@id\":\"https:\\\/\\\/www.expadd.org\\\/en\\\/#website\"},\"primaryImageOfPage\":{\"@id\":\"https:\\\/\\\/www.expadd.org\\\/en\\\/solar-power-driven-by-south-africa-the-continent-to-deploy-3-7-gw-by-2023\\\/#primaryimage\"},\"image\":{\"@id\":\"https:\\\/\\\/www.expadd.org\\\/en\\\/solar-power-driven-by-south-africa-the-continent-to-deploy-3-7-gw-by-2023\\\/#primaryimage\"},\"thumbnailUrl\":\"https:\\\/\\\/www.expadd.org\\\/wp-content\\\/uploads\\\/2024\\\/01\\\/TOF-264.png\",\"datePublished\":\"2024-01-27T13:15:46+00:00\",\"breadcrumb\":{\"@id\":\"https:\\\/\\\/www.expadd.org\\\/en\\\/solar-power-driven-by-south-africa-the-continent-to-deploy-3-7-gw-by-2023\\\/#breadcrumb\"},\"inLanguage\":\"en-US\",\"potentialAction\":[{\"@type\":\"ReadAction\",\"target\":[\"https:\\\/\\\/www.expadd.org\\\/en\\\/solar-power-driven-by-south-africa-the-continent-to-deploy-3-7-gw-by-2023\\\/\"]}]},{\"@type\":\"ImageObject\",\"inLanguage\":\"en-US\",\"@id\":\"https:\\\/\\\/www.expadd.org\\\/en\\\/solar-power-driven-by-south-africa-the-continent-to-deploy-3-7-gw-by-2023\\\/#primaryimage\",\"url\":\"https:\\\/\\\/www.expadd.org\\\/wp-content\\\/uploads\\\/2024\\\/01\\\/TOF-264.png\",\"contentUrl\":\"https:\\\/\\\/www.expadd.org\\\/wp-content\\\/uploads\\\/2024\\\/01\\\/TOF-264.png\",\"width\":800,\"height\":400},{\"@type\":\"BreadcrumbList\",\"@id\":\"https:\\\/\\\/www.expadd.org\\\/en\\\/solar-power-driven-by-south-africa-the-continent-to-deploy-3-7-gw-by-2023\\\/#breadcrumb\",\"itemListElement\":[{\"@type\":\"ListItem\",\"position\":1,\"name\":\"Accueil\",\"item\":\"https:\\\/\\\/www.expadd.org\\\/en\\\/\"},{\"@type\":\"ListItem\",\"position\":2,\"name\":\"Solar power: driven by South Africa, the continent to deploy 3.7 GW by 2023\"}]},{\"@type\":\"WebSite\",\"@id\":\"https:\\\/\\\/www.expadd.org\\\/en\\\/#website\",\"url\":\"https:\\\/\\\/www.expadd.org\\\/en\\\/\",\"name\":\"EXPADD\",\"description\":\"Pour B\u00e2tir une soci\u00e9t\u00e9 Africaine durable\",\"publisher\":{\"@id\":\"https:\\\/\\\/www.expadd.org\\\/en\\\/#organization\"},\"potentialAction\":[{\"@type\":\"SearchAction\",\"target\":{\"@type\":\"EntryPoint\",\"urlTemplate\":\"https:\\\/\\\/www.expadd.org\\\/en\\\/?s={search_term_string}\"},\"query-input\":{\"@type\":\"PropertyValueSpecification\",\"valueRequired\":true,\"valueName\":\"search_term_string\"}}],\"inLanguage\":\"en-US\"},{\"@type\":\"Organization\",\"@id\":\"https:\\\/\\\/www.expadd.org\\\/en\\\/#organization\",\"name\":\"EXPERTS D'AFRIQUE POUR LE DEVELOPPEMENT DURABLE\",\"url\":\"https:\\\/\\\/www.expadd.org\\\/en\\\/\",\"logo\":{\"@type\":\"ImageObject\",\"inLanguage\":\"en-US\",\"@id\":\"https:\\\/\\\/www.expadd.org\\\/en\\\/#\\\/schema\\\/logo\\\/image\\\/\",\"url\":\"https:\\\/\\\/www.expadd.org\\\/wp-content\\\/uploads\\\/2021\\\/05\\\/cropped-cropped-cropped-cropped-cropped-Capture-decran-2021-03-13-a-20.44.36-2.png\",\"contentUrl\":\"https:\\\/\\\/www.expadd.org\\\/wp-content\\\/uploads\\\/2021\\\/05\\\/cropped-cropped-cropped-cropped-cropped-Capture-decran-2021-03-13-a-20.44.36-2.png\",\"width\":1919,\"height\":1374,\"caption\":\"EXPERTS D'AFRIQUE POUR LE DEVELOPPEMENT DURABLE\"},\"image\":{\"@id\":\"https:\\\/\\\/www.expadd.org\\\/en\\\/#\\\/schema\\\/logo\\\/image\\\/\"}},{\"@type\":\"Person\",\"@id\":\"https:\\\/\\\/www.expadd.org\\\/en\\\/#\\\/schema\\\/person\\\/9e3bf8e18172ddc6b0817fb431b09466\",\"name\":\"EXPADD\",\"image\":{\"@type\":\"ImageObject\",\"inLanguage\":\"en-US\",\"@id\":\"https:\\\/\\\/secure.gravatar.com\\\/avatar\\\/957ffa3fc16f59afe731c0b7b5e2dcb9a0efedb2044cc566d87841dbca098b71?s=96&d=mm&r=g\",\"url\":\"https:\\\/\\\/secure.gravatar.com\\\/avatar\\\/957ffa3fc16f59afe731c0b7b5e2dcb9a0efedb2044cc566d87841dbca098b71?s=96&d=mm&r=g\",\"contentUrl\":\"https:\\\/\\\/secure.gravatar.com\\\/avatar\\\/957ffa3fc16f59afe731c0b7b5e2dcb9a0efedb2044cc566d87841dbca098b71?s=96&d=mm&r=g\",\"caption\":\"EXPADD\"},\"sameAs\":[\"https:\\\/\\\/www.expadd.org\"],\"url\":\"https:\\\/\\\/www.expadd.org\\\/en\\\/author\\\/christo76\\\/\"}]}<\/script>\n<!-- \/ Yoast SEO plugin. -->","yoast_head_json":{"title":"Solar power: driven by South Africa, the continent to deploy 3.7 GW by 2023 - EXPADD","robots":{"index":"index","follow":"follow","max-snippet":"max-snippet:-1","max-image-preview":"max-image-preview:large","max-video-preview":"max-video-preview:-1"},"canonical":"https:\/\/www.expadd.org\/en\/solar-power-driven-by-south-africa-the-continent-to-deploy-3-7-gw-by-2023\/","og_locale":"en_US","og_type":"article","og_title":"Solar power: driven by South Africa, the continent to deploy 3.7 GW by 2023 - EXPADD","og_description":"Source: Afrik 21, Jan. 2024 The solar energy market grew in Africa in 2023.","og_url":"https:\/\/www.expadd.org\/en\/solar-power-driven-by-south-africa-the-continent-to-deploy-3-7-gw-by-2023\/","og_site_name":"EXPADD","article_published_time":"2024-01-27T13:15:46+00:00","og_image":[{"width":800,"height":400,"url":"https:\/\/www.expadd.org\/wp-content\/uploads\/2024\/01\/TOF-264.png","type":"image\/png"}],"author":"EXPADD","twitter_card":"summary_large_image","twitter_misc":{"Written by":"EXPADD"},"schema":{"@context":"https:\/\/schema.org","@graph":[{"@type":"Article","@id":"https:\/\/www.expadd.org\/en\/solar-power-driven-by-south-africa-the-continent-to-deploy-3-7-gw-by-2023\/#article","isPartOf":{"@id":"https:\/\/www.expadd.org\/en\/solar-power-driven-by-south-africa-the-continent-to-deploy-3-7-gw-by-2023\/"},"author":{"name":"EXPADD","@id":"https:\/\/www.expadd.org\/en\/#\/schema\/person\/9e3bf8e18172ddc6b0817fb431b09466"},"headline":"Solar power: driven by South Africa, the continent to deploy 3.7 GW by 2023","datePublished":"2024-01-27T13:15:46+00:00","mainEntityOfPage":{"@id":"https:\/\/www.expadd.org\/en\/solar-power-driven-by-south-africa-the-continent-to-deploy-3-7-gw-by-2023\/"},"wordCount":57,"commentCount":0,"publisher":{"@id":"https:\/\/www.expadd.org\/en\/#organization"},"image":{"@id":"https:\/\/www.expadd.org\/en\/solar-power-driven-by-south-africa-the-continent-to-deploy-3-7-gw-by-2023\/#primaryimage"},"thumbnailUrl":"https:\/\/www.expadd.org\/wp-content\/uploads\/2024\/01\/TOF-264.png","articleSection":["RENEWABLE ENERGIES"],"inLanguage":"en-US","potentialAction":[{"@type":"CommentAction","name":"Comment","target":["https:\/\/www.expadd.org\/en\/solar-power-driven-by-south-africa-the-continent-to-deploy-3-7-gw-by-2023\/#respond"]}]},{"@type":"WebPage","@id":"https:\/\/www.expadd.org\/en\/solar-power-driven-by-south-africa-the-continent-to-deploy-3-7-gw-by-2023\/","url":"https:\/\/www.expadd.org\/en\/solar-power-driven-by-south-africa-the-continent-to-deploy-3-7-gw-by-2023\/","name":"Solar power: driven by South Africa, the continent to deploy 3.7 GW by 2023 - EXPADD","isPartOf":{"@id":"https:\/\/www.expadd.org\/en\/#website"},"primaryImageOfPage":{"@id":"https:\/\/www.expadd.org\/en\/solar-power-driven-by-south-africa-the-continent-to-deploy-3-7-gw-by-2023\/#primaryimage"},"image":{"@id":"https:\/\/www.expadd.org\/en\/solar-power-driven-by-south-africa-the-continent-to-deploy-3-7-gw-by-2023\/#primaryimage"},"thumbnailUrl":"https:\/\/www.expadd.org\/wp-content\/uploads\/2024\/01\/TOF-264.png","datePublished":"2024-01-27T13:15:46+00:00","breadcrumb":{"@id":"https:\/\/www.expadd.org\/en\/solar-power-driven-by-south-africa-the-continent-to-deploy-3-7-gw-by-2023\/#breadcrumb"},"inLanguage":"en-US","potentialAction":[{"@type":"ReadAction","target":["https:\/\/www.expadd.org\/en\/solar-power-driven-by-south-africa-the-continent-to-deploy-3-7-gw-by-2023\/"]}]},{"@type":"ImageObject","inLanguage":"en-US","@id":"https:\/\/www.expadd.org\/en\/solar-power-driven-by-south-africa-the-continent-to-deploy-3-7-gw-by-2023\/#primaryimage","url":"https:\/\/www.expadd.org\/wp-content\/uploads\/2024\/01\/TOF-264.png","contentUrl":"https:\/\/www.expadd.org\/wp-content\/uploads\/2024\/01\/TOF-264.png","width":800,"height":400},{"@type":"BreadcrumbList","@id":"https:\/\/www.expadd.org\/en\/solar-power-driven-by-south-africa-the-continent-to-deploy-3-7-gw-by-2023\/#breadcrumb","itemListElement":[{"@type":"ListItem","position":1,"name":"Accueil","item":"https:\/\/www.expadd.org\/en\/"},{"@type":"ListItem","position":2,"name":"Solar power: driven by South Africa, the continent to deploy 3.7 GW by 2023"}]},{"@type":"WebSite","@id":"https:\/\/www.expadd.org\/en\/#website","url":"https:\/\/www.expadd.org\/en\/","name":"EXPADD","description":"Pour B\u00e2tir une soci\u00e9t\u00e9 Africaine durable","publisher":{"@id":"https:\/\/www.expadd.org\/en\/#organization"},"potentialAction":[{"@type":"SearchAction","target":{"@type":"EntryPoint","urlTemplate":"https:\/\/www.expadd.org\/en\/?s={search_term_string}"},"query-input":{"@type":"PropertyValueSpecification","valueRequired":true,"valueName":"search_term_string"}}],"inLanguage":"en-US"},{"@type":"Organization","@id":"https:\/\/www.expadd.org\/en\/#organization","name":"EXPERTS D'AFRIQUE POUR LE DEVELOPPEMENT DURABLE","url":"https:\/\/www.expadd.org\/en\/","logo":{"@type":"ImageObject","inLanguage":"en-US","@id":"https:\/\/www.expadd.org\/en\/#\/schema\/logo\/image\/","url":"https:\/\/www.expadd.org\/wp-content\/uploads\/2021\/05\/cropped-cropped-cropped-cropped-cropped-Capture-decran-2021-03-13-a-20.44.36-2.png","contentUrl":"https:\/\/www.expadd.org\/wp-content\/uploads\/2021\/05\/cropped-cropped-cropped-cropped-cropped-Capture-decran-2021-03-13-a-20.44.36-2.png","width":1919,"height":1374,"caption":"EXPERTS D'AFRIQUE POUR LE DEVELOPPEMENT DURABLE"},"image":{"@id":"https:\/\/www.expadd.org\/en\/#\/schema\/logo\/image\/"}},{"@type":"Person","@id":"https:\/\/www.expadd.org\/en\/#\/schema\/person\/9e3bf8e18172ddc6b0817fb431b09466","name":"EXPADD","image":{"@type":"ImageObject","inLanguage":"en-US","@id":"https:\/\/secure.gravatar.com\/avatar\/957ffa3fc16f59afe731c0b7b5e2dcb9a0efedb2044cc566d87841dbca098b71?s=96&d=mm&r=g","url":"https:\/\/secure.gravatar.com\/avatar\/957ffa3fc16f59afe731c0b7b5e2dcb9a0efedb2044cc566d87841dbca098b71?s=96&d=mm&r=g","contentUrl":"https:\/\/secure.gravatar.com\/avatar\/957ffa3fc16f59afe731c0b7b5e2dcb9a0efedb2044cc566d87841dbca098b71?s=96&d=mm&r=g","caption":"EXPADD"},"sameAs":["https:\/\/www.expadd.org"],"url":"https:\/\/www.expadd.org\/en\/author\/christo76\/"}]}},"_links":{"self":[{"href":"https:\/\/www.expadd.org\/en\/wp-json\/wp\/v2\/posts\/11804","targetHints":{"allow":["GET"]}}],"collection":[{"href":"https:\/\/www.expadd.org\/en\/wp-json\/wp\/v2\/posts"}],"about":[{"href":"https:\/\/www.expadd.org\/en\/wp-json\/wp\/v2\/types\/post"}],"author":[{"embeddable":true,"href":"https:\/\/www.expadd.org\/en\/wp-json\/wp\/v2\/users\/1"}],"replies":[{"embeddable":true,"href":"https:\/\/www.expadd.org\/en\/wp-json\/wp\/v2\/comments?post=11804"}],"version-history":[{"count":0,"href":"https:\/\/www.expadd.org\/en\/wp-json\/wp\/v2\/posts\/11804\/revisions"}],"wp:featuredmedia":[{"embeddable":true,"href":"https:\/\/www.expadd.org\/en\/wp-json\/wp\/v2\/media\/11802"}],"wp:attachment":[{"href":"https:\/\/www.expadd.org\/en\/wp-json\/wp\/v2\/media?parent=11804"}],"wp:term":[{"taxonomy":"category","embeddable":true,"href":"https:\/\/www.expadd.org\/en\/wp-json\/wp\/v2\/categories?post=11804"},{"taxonomy":"post_tag","embeddable":true,"href":"https:\/\/www.expadd.org\/en\/wp-json\/wp\/v2\/tags?post=11804"}],"curies":[{"name":"wp","href":"https:\/\/api.w.org\/{rel}","templated":true}]}}