{"id":11280,"date":"2023-12-09T20:05:46","date_gmt":"2023-12-09T20:05:46","guid":{"rendered":"https:\/\/www.expadd.org\/cop28-250-c40-mayors-mobilize-467m-for-climate-resilience-in-cities\/"},"modified":"2023-12-09T20:05:48","modified_gmt":"2023-12-09T20:05:48","slug":"cop28-250-c40-mayors-mobilize-467m-for-climate-resilience-in-cities","status":"publish","type":"post","link":"https:\/\/www.expadd.org\/en\/cop28-250-c40-mayors-mobilize-467m-for-climate-resilience-in-cities\/","title":{"rendered":"COP28: 250 C40 mayors mobilize $467m for climate resilience in cities"},"content":{"rendered":"<p>Source: Afrik 21, Dec 2023<\/p>\n<p>From London (England) to Freetown (Sierra Leone) to Buenos Aires (Argentina), 250 local councillors made the trip to take part in COP28. Their collective determination to strengthen the economic and climate resilience of cities is beginning to bear fruit, with $467 million raised on December 1, 2023 alone.<\/p>\n<p><a href=\"https:\/\/www.afrik21.africa\/cop28-250-maires-du-c40-mobilisent-467-m-pour-la-resilience-climatique-des-villes\/\">COP28: 250 C40 mayors mobilize $467m for climate resilience in cities | Afrik 21<\/a><\/p>\n","protected":false},"excerpt":{"rendered":"<p>Source: Afrik 21, Dec 2023 From London (England) to Freetown (Sierra Leone) to Buenos<\/p>\n","protected":false},"author":1,"featured_media":11265,"comment_status":"open","ping_status":"open","sticky":false,"template":"","format":"standard","meta":{"content-type":"","footnotes":""},"categories":[128],"tags":[],"class_list":["post-11280","post","type-post","status-publish","format-standard","has-post-thumbnail","hentry","category-sustainable-cities"],"yoast_head":"<!-- This site is optimized with the Yoast SEO plugin v27.5 - https:\/\/yoast.com\/product\/yoast-seo-wordpress\/ -->\n<title>COP28: 250 C40 mayors mobilize $467m for climate resilience in cities - EXPADD<\/title>\n<meta name=\"robots\" content=\"index, follow, max-snippet:-1, max-image-preview:large, max-video-preview:-1\" \/>\n<link rel=\"canonical\" href=\"https:\/\/www.expadd.org\/en\/cop28-250-c40-mayors-mobilize-467m-for-climate-resilience-in-cities\/\" \/>\n<meta property=\"og:locale\" content=\"en_US\" \/>\n<meta property=\"og:type\" content=\"article\" \/>\n<meta property=\"og:title\" content=\"COP28: 250 C40 mayors mobilize $467m for climate resilience in cities - EXPADD\" \/>\n<meta property=\"og:description\" content=\"Source: Afrik 21, Dec 2023 From London (England) to Freetown (Sierra Leone) to Buenos\" \/>\n<meta property=\"og:url\" content=\"https:\/\/www.expadd.org\/en\/cop28-250-c40-mayors-mobilize-467m-for-climate-resilience-in-cities\/\" \/>\n<meta property=\"og:site_name\" content=\"EXPADD\" \/>\n<meta property=\"article:published_time\" content=\"2023-12-09T20:05:46+00:00\" \/>\n<meta property=\"article:modified_time\" content=\"2023-12-09T20:05:48+00:00\" \/>\n<meta property=\"og:image\" content=\"https:\/\/www.expadd.org\/wp-content\/uploads\/2023\/12\/TOF-255.jpeg\" \/>\n\t<meta property=\"og:image:width\" content=\"800\" \/>\n\t<meta property=\"og:image:height\" content=\"400\" \/>\n\t<meta property=\"og:image:type\" content=\"image\/jpeg\" \/>\n<meta name=\"author\" content=\"EXPADD\" \/>\n<meta name=\"twitter:card\" content=\"summary_large_image\" \/>\n<meta name=\"twitter:label1\" content=\"Written by\" \/>\n\t<meta name=\"twitter:data1\" content=\"EXPADD\" \/>\n<script type=\"application\/ld+json\" class=\"yoast-schema-graph\">{\"@context\":\"https:\\\/\\\/schema.org\",\"@graph\":[{\"@type\":\"Article\",\"@id\":\"https:\\\/\\\/www.expadd.org\\\/en\\\/cop28-250-c40-mayors-mobilize-467m-for-climate-resilience-in-cities\\\/#article\",\"isPartOf\":{\"@id\":\"https:\\\/\\\/www.expadd.org\\\/en\\\/cop28-250-c40-mayors-mobilize-467m-for-climate-resilience-in-cities\\\/\"},\"author\":{\"name\":\"EXPADD\",\"@id\":\"https:\\\/\\\/www.expadd.org\\\/en\\\/#\\\/schema\\\/person\\\/9e3bf8e18172ddc6b0817fb431b09466\"},\"headline\":\"COP28: 250 C40 mayors mobilize $467m for climate resilience in cities\",\"datePublished\":\"2023-12-09T20:05:46+00:00\",\"dateModified\":\"2023-12-09T20:05:48+00:00\",\"mainEntityOfPage\":{\"@id\":\"https:\\\/\\\/www.expadd.org\\\/en\\\/cop28-250-c40-mayors-mobilize-467m-for-climate-resilience-in-cities\\\/\"},\"wordCount\":68,\"commentCount\":0,\"publisher\":{\"@id\":\"https:\\\/\\\/www.expadd.org\\\/en\\\/#organization\"},\"image\":{\"@id\":\"https:\\\/\\\/www.expadd.org\\\/en\\\/cop28-250-c40-mayors-mobilize-467m-for-climate-resilience-in-cities\\\/#primaryimage\"},\"thumbnailUrl\":\"https:\\\/\\\/www.expadd.org\\\/wp-content\\\/uploads\\\/2023\\\/12\\\/TOF-255.jpeg\",\"articleSection\":[\"SUSTAINABLE CITIES\"],\"inLanguage\":\"en-US\",\"potentialAction\":[{\"@type\":\"CommentAction\",\"name\":\"Comment\",\"target\":[\"https:\\\/\\\/www.expadd.org\\\/en\\\/cop28-250-c40-mayors-mobilize-467m-for-climate-resilience-in-cities\\\/#respond\"]}]},{\"@type\":\"WebPage\",\"@id\":\"https:\\\/\\\/www.expadd.org\\\/en\\\/cop28-250-c40-mayors-mobilize-467m-for-climate-resilience-in-cities\\\/\",\"url\":\"https:\\\/\\\/www.expadd.org\\\/en\\\/cop28-250-c40-mayors-mobilize-467m-for-climate-resilience-in-cities\\\/\",\"name\":\"COP28: 250 C40 mayors mobilize $467m for climate resilience in cities - EXPADD\",\"isPartOf\":{\"@id\":\"https:\\\/\\\/www.expadd.org\\\/en\\\/#website\"},\"primaryImageOfPage\":{\"@id\":\"https:\\\/\\\/www.expadd.org\\\/en\\\/cop28-250-c40-mayors-mobilize-467m-for-climate-resilience-in-cities\\\/#primaryimage\"},\"image\":{\"@id\":\"https:\\\/\\\/www.expadd.org\\\/en\\\/cop28-250-c40-mayors-mobilize-467m-for-climate-resilience-in-cities\\\/#primaryimage\"},\"thumbnailUrl\":\"https:\\\/\\\/www.expadd.org\\\/wp-content\\\/uploads\\\/2023\\\/12\\\/TOF-255.jpeg\",\"datePublished\":\"2023-12-09T20:05:46+00:00\",\"dateModified\":\"2023-12-09T20:05:48+00:00\",\"breadcrumb\":{\"@id\":\"https:\\\/\\\/www.expadd.org\\\/en\\\/cop28-250-c40-mayors-mobilize-467m-for-climate-resilience-in-cities\\\/#breadcrumb\"},\"inLanguage\":\"en-US\",\"potentialAction\":[{\"@type\":\"ReadAction\",\"target\":[\"https:\\\/\\\/www.expadd.org\\\/en\\\/cop28-250-c40-mayors-mobilize-467m-for-climate-resilience-in-cities\\\/\"]}]},{\"@type\":\"ImageObject\",\"inLanguage\":\"en-US\",\"@id\":\"https:\\\/\\\/www.expadd.org\\\/en\\\/cop28-250-c40-mayors-mobilize-467m-for-climate-resilience-in-cities\\\/#primaryimage\",\"url\":\"https:\\\/\\\/www.expadd.org\\\/wp-content\\\/uploads\\\/2023\\\/12\\\/TOF-255.jpeg\",\"contentUrl\":\"https:\\\/\\\/www.expadd.org\\\/wp-content\\\/uploads\\\/2023\\\/12\\\/TOF-255.jpeg\",\"width\":800,\"height\":400},{\"@type\":\"BreadcrumbList\",\"@id\":\"https:\\\/\\\/www.expadd.org\\\/en\\\/cop28-250-c40-mayors-mobilize-467m-for-climate-resilience-in-cities\\\/#breadcrumb\",\"itemListElement\":[{\"@type\":\"ListItem\",\"position\":1,\"name\":\"Accueil\",\"item\":\"https:\\\/\\\/www.expadd.org\\\/en\\\/\"},{\"@type\":\"ListItem\",\"position\":2,\"name\":\"COP28: 250 C40 mayors mobilize $467m for climate resilience in cities\"}]},{\"@type\":\"WebSite\",\"@id\":\"https:\\\/\\\/www.expadd.org\\\/en\\\/#website\",\"url\":\"https:\\\/\\\/www.expadd.org\\\/en\\\/\",\"name\":\"EXPADD\",\"description\":\"Pour B\u00e2tir une soci\u00e9t\u00e9 Africaine durable\",\"publisher\":{\"@id\":\"https:\\\/\\\/www.expadd.org\\\/en\\\/#organization\"},\"potentialAction\":[{\"@type\":\"SearchAction\",\"target\":{\"@type\":\"EntryPoint\",\"urlTemplate\":\"https:\\\/\\\/www.expadd.org\\\/en\\\/?s={search_term_string}\"},\"query-input\":{\"@type\":\"PropertyValueSpecification\",\"valueRequired\":true,\"valueName\":\"search_term_string\"}}],\"inLanguage\":\"en-US\"},{\"@type\":\"Organization\",\"@id\":\"https:\\\/\\\/www.expadd.org\\\/en\\\/#organization\",\"name\":\"EXPERTS D'AFRIQUE POUR LE DEVELOPPEMENT DURABLE\",\"url\":\"https:\\\/\\\/www.expadd.org\\\/en\\\/\",\"logo\":{\"@type\":\"ImageObject\",\"inLanguage\":\"en-US\",\"@id\":\"https:\\\/\\\/www.expadd.org\\\/en\\\/#\\\/schema\\\/logo\\\/image\\\/\",\"url\":\"https:\\\/\\\/www.expadd.org\\\/wp-content\\\/uploads\\\/2021\\\/05\\\/cropped-cropped-cropped-cropped-cropped-Capture-decran-2021-03-13-a-20.44.36-2.png\",\"contentUrl\":\"https:\\\/\\\/www.expadd.org\\\/wp-content\\\/uploads\\\/2021\\\/05\\\/cropped-cropped-cropped-cropped-cropped-Capture-decran-2021-03-13-a-20.44.36-2.png\",\"width\":1919,\"height\":1374,\"caption\":\"EXPERTS D'AFRIQUE POUR LE DEVELOPPEMENT DURABLE\"},\"image\":{\"@id\":\"https:\\\/\\\/www.expadd.org\\\/en\\\/#\\\/schema\\\/logo\\\/image\\\/\"}},{\"@type\":\"Person\",\"@id\":\"https:\\\/\\\/www.expadd.org\\\/en\\\/#\\\/schema\\\/person\\\/9e3bf8e18172ddc6b0817fb431b09466\",\"name\":\"EXPADD\",\"image\":{\"@type\":\"ImageObject\",\"inLanguage\":\"en-US\",\"@id\":\"https:\\\/\\\/secure.gravatar.com\\\/avatar\\\/957ffa3fc16f59afe731c0b7b5e2dcb9a0efedb2044cc566d87841dbca098b71?s=96&d=mm&r=g\",\"url\":\"https:\\\/\\\/secure.gravatar.com\\\/avatar\\\/957ffa3fc16f59afe731c0b7b5e2dcb9a0efedb2044cc566d87841dbca098b71?s=96&d=mm&r=g\",\"contentUrl\":\"https:\\\/\\\/secure.gravatar.com\\\/avatar\\\/957ffa3fc16f59afe731c0b7b5e2dcb9a0efedb2044cc566d87841dbca098b71?s=96&d=mm&r=g\",\"caption\":\"EXPADD\"},\"sameAs\":[\"https:\\\/\\\/www.expadd.org\"],\"url\":\"https:\\\/\\\/www.expadd.org\\\/en\\\/author\\\/christo76\\\/\"}]}<\/script>\n<!-- \/ Yoast SEO plugin. -->","yoast_head_json":{"title":"COP28: 250 C40 mayors mobilize $467m for climate resilience in cities - EXPADD","robots":{"index":"index","follow":"follow","max-snippet":"max-snippet:-1","max-image-preview":"max-image-preview:large","max-video-preview":"max-video-preview:-1"},"canonical":"https:\/\/www.expadd.org\/en\/cop28-250-c40-mayors-mobilize-467m-for-climate-resilience-in-cities\/","og_locale":"en_US","og_type":"article","og_title":"COP28: 250 C40 mayors mobilize $467m for climate resilience in cities - EXPADD","og_description":"Source: Afrik 21, Dec 2023 From London (England) to Freetown (Sierra Leone) to Buenos","og_url":"https:\/\/www.expadd.org\/en\/cop28-250-c40-mayors-mobilize-467m-for-climate-resilience-in-cities\/","og_site_name":"EXPADD","article_published_time":"2023-12-09T20:05:46+00:00","article_modified_time":"2023-12-09T20:05:48+00:00","og_image":[{"width":800,"height":400,"url":"https:\/\/www.expadd.org\/wp-content\/uploads\/2023\/12\/TOF-255.jpeg","type":"image\/jpeg"}],"author":"EXPADD","twitter_card":"summary_large_image","twitter_misc":{"Written by":"EXPADD"},"schema":{"@context":"https:\/\/schema.org","@graph":[{"@type":"Article","@id":"https:\/\/www.expadd.org\/en\/cop28-250-c40-mayors-mobilize-467m-for-climate-resilience-in-cities\/#article","isPartOf":{"@id":"https:\/\/www.expadd.org\/en\/cop28-250-c40-mayors-mobilize-467m-for-climate-resilience-in-cities\/"},"author":{"name":"EXPADD","@id":"https:\/\/www.expadd.org\/en\/#\/schema\/person\/9e3bf8e18172ddc6b0817fb431b09466"},"headline":"COP28: 250 C40 mayors mobilize $467m for climate resilience in cities","datePublished":"2023-12-09T20:05:46+00:00","dateModified":"2023-12-09T20:05:48+00:00","mainEntityOfPage":{"@id":"https:\/\/www.expadd.org\/en\/cop28-250-c40-mayors-mobilize-467m-for-climate-resilience-in-cities\/"},"wordCount":68,"commentCount":0,"publisher":{"@id":"https:\/\/www.expadd.org\/en\/#organization"},"image":{"@id":"https:\/\/www.expadd.org\/en\/cop28-250-c40-mayors-mobilize-467m-for-climate-resilience-in-cities\/#primaryimage"},"thumbnailUrl":"https:\/\/www.expadd.org\/wp-content\/uploads\/2023\/12\/TOF-255.jpeg","articleSection":["SUSTAINABLE CITIES"],"inLanguage":"en-US","potentialAction":[{"@type":"CommentAction","name":"Comment","target":["https:\/\/www.expadd.org\/en\/cop28-250-c40-mayors-mobilize-467m-for-climate-resilience-in-cities\/#respond"]}]},{"@type":"WebPage","@id":"https:\/\/www.expadd.org\/en\/cop28-250-c40-mayors-mobilize-467m-for-climate-resilience-in-cities\/","url":"https:\/\/www.expadd.org\/en\/cop28-250-c40-mayors-mobilize-467m-for-climate-resilience-in-cities\/","name":"COP28: 250 C40 mayors mobilize $467m for climate resilience in cities - EXPADD","isPartOf":{"@id":"https:\/\/www.expadd.org\/en\/#website"},"primaryImageOfPage":{"@id":"https:\/\/www.expadd.org\/en\/cop28-250-c40-mayors-mobilize-467m-for-climate-resilience-in-cities\/#primaryimage"},"image":{"@id":"https:\/\/www.expadd.org\/en\/cop28-250-c40-mayors-mobilize-467m-for-climate-resilience-in-cities\/#primaryimage"},"thumbnailUrl":"https:\/\/www.expadd.org\/wp-content\/uploads\/2023\/12\/TOF-255.jpeg","datePublished":"2023-12-09T20:05:46+00:00","dateModified":"2023-12-09T20:05:48+00:00","breadcrumb":{"@id":"https:\/\/www.expadd.org\/en\/cop28-250-c40-mayors-mobilize-467m-for-climate-resilience-in-cities\/#breadcrumb"},"inLanguage":"en-US","potentialAction":[{"@type":"ReadAction","target":["https:\/\/www.expadd.org\/en\/cop28-250-c40-mayors-mobilize-467m-for-climate-resilience-in-cities\/"]}]},{"@type":"ImageObject","inLanguage":"en-US","@id":"https:\/\/www.expadd.org\/en\/cop28-250-c40-mayors-mobilize-467m-for-climate-resilience-in-cities\/#primaryimage","url":"https:\/\/www.expadd.org\/wp-content\/uploads\/2023\/12\/TOF-255.jpeg","contentUrl":"https:\/\/www.expadd.org\/wp-content\/uploads\/2023\/12\/TOF-255.jpeg","width":800,"height":400},{"@type":"BreadcrumbList","@id":"https:\/\/www.expadd.org\/en\/cop28-250-c40-mayors-mobilize-467m-for-climate-resilience-in-cities\/#breadcrumb","itemListElement":[{"@type":"ListItem","position":1,"name":"Accueil","item":"https:\/\/www.expadd.org\/en\/"},{"@type":"ListItem","position":2,"name":"COP28: 250 C40 mayors mobilize $467m for climate resilience in cities"}]},{"@type":"WebSite","@id":"https:\/\/www.expadd.org\/en\/#website","url":"https:\/\/www.expadd.org\/en\/","name":"EXPADD","description":"Pour B\u00e2tir une soci\u00e9t\u00e9 Africaine durable","publisher":{"@id":"https:\/\/www.expadd.org\/en\/#organization"},"potentialAction":[{"@type":"SearchAction","target":{"@type":"EntryPoint","urlTemplate":"https:\/\/www.expadd.org\/en\/?s={search_term_string}"},"query-input":{"@type":"PropertyValueSpecification","valueRequired":true,"valueName":"search_term_string"}}],"inLanguage":"en-US"},{"@type":"Organization","@id":"https:\/\/www.expadd.org\/en\/#organization","name":"EXPERTS D'AFRIQUE POUR LE DEVELOPPEMENT DURABLE","url":"https:\/\/www.expadd.org\/en\/","logo":{"@type":"ImageObject","inLanguage":"en-US","@id":"https:\/\/www.expadd.org\/en\/#\/schema\/logo\/image\/","url":"https:\/\/www.expadd.org\/wp-content\/uploads\/2021\/05\/cropped-cropped-cropped-cropped-cropped-Capture-decran-2021-03-13-a-20.44.36-2.png","contentUrl":"https:\/\/www.expadd.org\/wp-content\/uploads\/2021\/05\/cropped-cropped-cropped-cropped-cropped-Capture-decran-2021-03-13-a-20.44.36-2.png","width":1919,"height":1374,"caption":"EXPERTS D'AFRIQUE POUR LE DEVELOPPEMENT DURABLE"},"image":{"@id":"https:\/\/www.expadd.org\/en\/#\/schema\/logo\/image\/"}},{"@type":"Person","@id":"https:\/\/www.expadd.org\/en\/#\/schema\/person\/9e3bf8e18172ddc6b0817fb431b09466","name":"EXPADD","image":{"@type":"ImageObject","inLanguage":"en-US","@id":"https:\/\/secure.gravatar.com\/avatar\/957ffa3fc16f59afe731c0b7b5e2dcb9a0efedb2044cc566d87841dbca098b71?s=96&d=mm&r=g","url":"https:\/\/secure.gravatar.com\/avatar\/957ffa3fc16f59afe731c0b7b5e2dcb9a0efedb2044cc566d87841dbca098b71?s=96&d=mm&r=g","contentUrl":"https:\/\/secure.gravatar.com\/avatar\/957ffa3fc16f59afe731c0b7b5e2dcb9a0efedb2044cc566d87841dbca098b71?s=96&d=mm&r=g","caption":"EXPADD"},"sameAs":["https:\/\/www.expadd.org"],"url":"https:\/\/www.expadd.org\/en\/author\/christo76\/"}]}},"_links":{"self":[{"href":"https:\/\/www.expadd.org\/en\/wp-json\/wp\/v2\/posts\/11280","targetHints":{"allow":["GET"]}}],"collection":[{"href":"https:\/\/www.expadd.org\/en\/wp-json\/wp\/v2\/posts"}],"about":[{"href":"https:\/\/www.expadd.org\/en\/wp-json\/wp\/v2\/types\/post"}],"author":[{"embeddable":true,"href":"https:\/\/www.expadd.org\/en\/wp-json\/wp\/v2\/users\/1"}],"replies":[{"embeddable":true,"href":"https:\/\/www.expadd.org\/en\/wp-json\/wp\/v2\/comments?post=11280"}],"version-history":[{"count":1,"href":"https:\/\/www.expadd.org\/en\/wp-json\/wp\/v2\/posts\/11280\/revisions"}],"predecessor-version":[{"id":11281,"href":"https:\/\/www.expadd.org\/en\/wp-json\/wp\/v2\/posts\/11280\/revisions\/11281"}],"wp:featuredmedia":[{"embeddable":true,"href":"https:\/\/www.expadd.org\/en\/wp-json\/wp\/v2\/media\/11265"}],"wp:attachment":[{"href":"https:\/\/www.expadd.org\/en\/wp-json\/wp\/v2\/media?parent=11280"}],"wp:term":[{"taxonomy":"category","embeddable":true,"href":"https:\/\/www.expadd.org\/en\/wp-json\/wp\/v2\/categories?post=11280"},{"taxonomy":"post_tag","embeddable":true,"href":"https:\/\/www.expadd.org\/en\/wp-json\/wp\/v2\/tags?post=11280"}],"curies":[{"name":"wp","href":"https:\/\/api.w.org\/{rel}","templated":true}]}}