{"id":10747,"date":"2023-06-05T19:21:17","date_gmt":"2023-06-05T19:21:17","guid":{"rendered":"https:\/\/www.expadd.org\/jeicom23-in-yaounde-the-2nd-rdv-preaches-for-greener-more-resilient-cities\/"},"modified":"2023-06-05T19:21:17","modified_gmt":"2023-06-05T19:21:17","slug":"jeicom23-in-yaounde-the-2nd-rdv-preaches-for-greener-more-resilient-cities","status":"publish","type":"post","link":"https:\/\/www.expadd.org\/en\/jeicom23-in-yaounde-the-2nd-rdv-preaches-for-greener-more-resilient-cities\/","title":{"rendered":"JEICOM23: in Yaound\u00e9, the 2nd RDV preaches for greener, more resilient cities"},"content":{"rendered":"<p>Source: Afrik 21, June 2023<\/p>\n<p>At the closing ceremony of the Journ\u00e9es \u00e9conomiques internationales des communes (Jeicom23) on June 3, 2023 at the Palais des Congr\u00e8s in Yaound\u00e9, investors and local elected representatives unanimously agreed on the need for sustainable development in the regions, and committed to the implementation of 400 green projects in Cameroon.<\/p>\n<p><a href=\"https:\/\/www.afrik21.africa\/jeicom23-a-yaounde-le-2e-rdv-preche-pour-des-villes-plus-vertes-et-resilientes\/\">JEICOM23: in Yaound\u00e9, the 2nd RDV preaches for greener and more resilient cities | Afrik 21<\/a><\/p>\n","protected":false},"excerpt":{"rendered":"<p>Source: Afrik 21, June 2023 At the closing ceremony of the Journ\u00e9es \u00e9conomiques internationales<\/p>\n","protected":false},"author":1,"featured_media":10745,"comment_status":"open","ping_status":"open","sticky":false,"template":"","format":"standard","meta":{"content-type":"","footnotes":""},"categories":[128],"tags":[],"class_list":["post-10747","post","type-post","status-publish","format-standard","has-post-thumbnail","hentry","category-sustainable-cities"],"yoast_head":"<!-- This site is optimized with the Yoast SEO plugin v27.5 - https:\/\/yoast.com\/product\/yoast-seo-wordpress\/ -->\n<title>JEICOM23: in Yaound\u00e9, the 2nd RDV preaches for greener, more resilient cities - EXPADD<\/title>\n<meta name=\"robots\" content=\"index, follow, max-snippet:-1, max-image-preview:large, max-video-preview:-1\" \/>\n<link rel=\"canonical\" href=\"https:\/\/www.expadd.org\/en\/jeicom23-in-yaounde-the-2nd-rdv-preaches-for-greener-more-resilient-cities\/\" \/>\n<meta property=\"og:locale\" content=\"en_US\" \/>\n<meta property=\"og:type\" content=\"article\" \/>\n<meta property=\"og:title\" content=\"JEICOM23: in Yaound\u00e9, the 2nd RDV preaches for greener, more resilient cities - EXPADD\" \/>\n<meta property=\"og:description\" content=\"Source: Afrik 21, June 2023 At the closing ceremony of the Journ\u00e9es \u00e9conomiques internationales\" \/>\n<meta property=\"og:url\" content=\"https:\/\/www.expadd.org\/en\/jeicom23-in-yaounde-the-2nd-rdv-preaches-for-greener-more-resilient-cities\/\" \/>\n<meta property=\"og:site_name\" content=\"EXPADD\" \/>\n<meta property=\"article:published_time\" content=\"2023-06-05T19:21:17+00:00\" \/>\n<meta property=\"og:image\" content=\"https:\/\/www.expadd.org\/wp-content\/uploads\/2023\/06\/TOF-178.jpg\" \/>\n\t<meta property=\"og:image:width\" content=\"800\" \/>\n\t<meta property=\"og:image:height\" content=\"400\" \/>\n\t<meta property=\"og:image:type\" content=\"image\/jpeg\" \/>\n<meta name=\"author\" content=\"EXPADD\" \/>\n<meta name=\"twitter:card\" content=\"summary_large_image\" \/>\n<meta name=\"twitter:label1\" content=\"Written by\" \/>\n\t<meta name=\"twitter:data1\" content=\"EXPADD\" \/>\n<script type=\"application\/ld+json\" class=\"yoast-schema-graph\">{\"@context\":\"https:\\\/\\\/schema.org\",\"@graph\":[{\"@type\":\"Article\",\"@id\":\"https:\\\/\\\/www.expadd.org\\\/en\\\/jeicom23-in-yaounde-the-2nd-rdv-preaches-for-greener-more-resilient-cities\\\/#article\",\"isPartOf\":{\"@id\":\"https:\\\/\\\/www.expadd.org\\\/en\\\/jeicom23-in-yaounde-the-2nd-rdv-preaches-for-greener-more-resilient-cities\\\/\"},\"author\":{\"name\":\"EXPADD\",\"@id\":\"https:\\\/\\\/www.expadd.org\\\/en\\\/#\\\/schema\\\/person\\\/9e3bf8e18172ddc6b0817fb431b09466\"},\"headline\":\"JEICOM23: in Yaound\u00e9, the 2nd RDV preaches for greener, more resilient cities\",\"datePublished\":\"2023-06-05T19:21:17+00:00\",\"mainEntityOfPage\":{\"@id\":\"https:\\\/\\\/www.expadd.org\\\/en\\\/jeicom23-in-yaounde-the-2nd-rdv-preaches-for-greener-more-resilient-cities\\\/\"},\"wordCount\":78,\"commentCount\":0,\"publisher\":{\"@id\":\"https:\\\/\\\/www.expadd.org\\\/en\\\/#organization\"},\"image\":{\"@id\":\"https:\\\/\\\/www.expadd.org\\\/en\\\/jeicom23-in-yaounde-the-2nd-rdv-preaches-for-greener-more-resilient-cities\\\/#primaryimage\"},\"thumbnailUrl\":\"https:\\\/\\\/www.expadd.org\\\/wp-content\\\/uploads\\\/2023\\\/06\\\/TOF-178.jpg\",\"articleSection\":[\"SUSTAINABLE CITIES\"],\"inLanguage\":\"en-US\",\"potentialAction\":[{\"@type\":\"CommentAction\",\"name\":\"Comment\",\"target\":[\"https:\\\/\\\/www.expadd.org\\\/en\\\/jeicom23-in-yaounde-the-2nd-rdv-preaches-for-greener-more-resilient-cities\\\/#respond\"]}]},{\"@type\":\"WebPage\",\"@id\":\"https:\\\/\\\/www.expadd.org\\\/en\\\/jeicom23-in-yaounde-the-2nd-rdv-preaches-for-greener-more-resilient-cities\\\/\",\"url\":\"https:\\\/\\\/www.expadd.org\\\/en\\\/jeicom23-in-yaounde-the-2nd-rdv-preaches-for-greener-more-resilient-cities\\\/\",\"name\":\"JEICOM23: in Yaound\u00e9, the 2nd RDV preaches for greener, more resilient cities - EXPADD\",\"isPartOf\":{\"@id\":\"https:\\\/\\\/www.expadd.org\\\/en\\\/#website\"},\"primaryImageOfPage\":{\"@id\":\"https:\\\/\\\/www.expadd.org\\\/en\\\/jeicom23-in-yaounde-the-2nd-rdv-preaches-for-greener-more-resilient-cities\\\/#primaryimage\"},\"image\":{\"@id\":\"https:\\\/\\\/www.expadd.org\\\/en\\\/jeicom23-in-yaounde-the-2nd-rdv-preaches-for-greener-more-resilient-cities\\\/#primaryimage\"},\"thumbnailUrl\":\"https:\\\/\\\/www.expadd.org\\\/wp-content\\\/uploads\\\/2023\\\/06\\\/TOF-178.jpg\",\"datePublished\":\"2023-06-05T19:21:17+00:00\",\"breadcrumb\":{\"@id\":\"https:\\\/\\\/www.expadd.org\\\/en\\\/jeicom23-in-yaounde-the-2nd-rdv-preaches-for-greener-more-resilient-cities\\\/#breadcrumb\"},\"inLanguage\":\"en-US\",\"potentialAction\":[{\"@type\":\"ReadAction\",\"target\":[\"https:\\\/\\\/www.expadd.org\\\/en\\\/jeicom23-in-yaounde-the-2nd-rdv-preaches-for-greener-more-resilient-cities\\\/\"]}]},{\"@type\":\"ImageObject\",\"inLanguage\":\"en-US\",\"@id\":\"https:\\\/\\\/www.expadd.org\\\/en\\\/jeicom23-in-yaounde-the-2nd-rdv-preaches-for-greener-more-resilient-cities\\\/#primaryimage\",\"url\":\"https:\\\/\\\/www.expadd.org\\\/wp-content\\\/uploads\\\/2023\\\/06\\\/TOF-178.jpg\",\"contentUrl\":\"https:\\\/\\\/www.expadd.org\\\/wp-content\\\/uploads\\\/2023\\\/06\\\/TOF-178.jpg\",\"width\":800,\"height\":400},{\"@type\":\"BreadcrumbList\",\"@id\":\"https:\\\/\\\/www.expadd.org\\\/en\\\/jeicom23-in-yaounde-the-2nd-rdv-preaches-for-greener-more-resilient-cities\\\/#breadcrumb\",\"itemListElement\":[{\"@type\":\"ListItem\",\"position\":1,\"name\":\"Accueil\",\"item\":\"https:\\\/\\\/www.expadd.org\\\/en\\\/\"},{\"@type\":\"ListItem\",\"position\":2,\"name\":\"JEICOM23: in Yaound\u00e9, the 2nd RDV preaches for greener, more resilient cities\"}]},{\"@type\":\"WebSite\",\"@id\":\"https:\\\/\\\/www.expadd.org\\\/en\\\/#website\",\"url\":\"https:\\\/\\\/www.expadd.org\\\/en\\\/\",\"name\":\"EXPADD\",\"description\":\"Pour B\u00e2tir une soci\u00e9t\u00e9 Africaine durable\",\"publisher\":{\"@id\":\"https:\\\/\\\/www.expadd.org\\\/en\\\/#organization\"},\"potentialAction\":[{\"@type\":\"SearchAction\",\"target\":{\"@type\":\"EntryPoint\",\"urlTemplate\":\"https:\\\/\\\/www.expadd.org\\\/en\\\/?s={search_term_string}\"},\"query-input\":{\"@type\":\"PropertyValueSpecification\",\"valueRequired\":true,\"valueName\":\"search_term_string\"}}],\"inLanguage\":\"en-US\"},{\"@type\":\"Organization\",\"@id\":\"https:\\\/\\\/www.expadd.org\\\/en\\\/#organization\",\"name\":\"EXPERTS D'AFRIQUE POUR LE DEVELOPPEMENT DURABLE\",\"url\":\"https:\\\/\\\/www.expadd.org\\\/en\\\/\",\"logo\":{\"@type\":\"ImageObject\",\"inLanguage\":\"en-US\",\"@id\":\"https:\\\/\\\/www.expadd.org\\\/en\\\/#\\\/schema\\\/logo\\\/image\\\/\",\"url\":\"https:\\\/\\\/www.expadd.org\\\/wp-content\\\/uploads\\\/2021\\\/05\\\/cropped-cropped-cropped-cropped-cropped-Capture-decran-2021-03-13-a-20.44.36-2.png\",\"contentUrl\":\"https:\\\/\\\/www.expadd.org\\\/wp-content\\\/uploads\\\/2021\\\/05\\\/cropped-cropped-cropped-cropped-cropped-Capture-decran-2021-03-13-a-20.44.36-2.png\",\"width\":1919,\"height\":1374,\"caption\":\"EXPERTS D'AFRIQUE POUR LE DEVELOPPEMENT DURABLE\"},\"image\":{\"@id\":\"https:\\\/\\\/www.expadd.org\\\/en\\\/#\\\/schema\\\/logo\\\/image\\\/\"}},{\"@type\":\"Person\",\"@id\":\"https:\\\/\\\/www.expadd.org\\\/en\\\/#\\\/schema\\\/person\\\/9e3bf8e18172ddc6b0817fb431b09466\",\"name\":\"EXPADD\",\"image\":{\"@type\":\"ImageObject\",\"inLanguage\":\"en-US\",\"@id\":\"https:\\\/\\\/secure.gravatar.com\\\/avatar\\\/957ffa3fc16f59afe731c0b7b5e2dcb9a0efedb2044cc566d87841dbca098b71?s=96&d=mm&r=g\",\"url\":\"https:\\\/\\\/secure.gravatar.com\\\/avatar\\\/957ffa3fc16f59afe731c0b7b5e2dcb9a0efedb2044cc566d87841dbca098b71?s=96&d=mm&r=g\",\"contentUrl\":\"https:\\\/\\\/secure.gravatar.com\\\/avatar\\\/957ffa3fc16f59afe731c0b7b5e2dcb9a0efedb2044cc566d87841dbca098b71?s=96&d=mm&r=g\",\"caption\":\"EXPADD\"},\"sameAs\":[\"https:\\\/\\\/www.expadd.org\"],\"url\":\"https:\\\/\\\/www.expadd.org\\\/en\\\/author\\\/christo76\\\/\"}]}<\/script>\n<!-- \/ Yoast SEO plugin. -->","yoast_head_json":{"title":"JEICOM23: in Yaound\u00e9, the 2nd RDV preaches for greener, more resilient cities - EXPADD","robots":{"index":"index","follow":"follow","max-snippet":"max-snippet:-1","max-image-preview":"max-image-preview:large","max-video-preview":"max-video-preview:-1"},"canonical":"https:\/\/www.expadd.org\/en\/jeicom23-in-yaounde-the-2nd-rdv-preaches-for-greener-more-resilient-cities\/","og_locale":"en_US","og_type":"article","og_title":"JEICOM23: in Yaound\u00e9, the 2nd RDV preaches for greener, more resilient cities - EXPADD","og_description":"Source: Afrik 21, June 2023 At the closing ceremony of the Journ\u00e9es \u00e9conomiques internationales","og_url":"https:\/\/www.expadd.org\/en\/jeicom23-in-yaounde-the-2nd-rdv-preaches-for-greener-more-resilient-cities\/","og_site_name":"EXPADD","article_published_time":"2023-06-05T19:21:17+00:00","og_image":[{"width":800,"height":400,"url":"https:\/\/www.expadd.org\/wp-content\/uploads\/2023\/06\/TOF-178.jpg","type":"image\/jpeg"}],"author":"EXPADD","twitter_card":"summary_large_image","twitter_misc":{"Written by":"EXPADD"},"schema":{"@context":"https:\/\/schema.org","@graph":[{"@type":"Article","@id":"https:\/\/www.expadd.org\/en\/jeicom23-in-yaounde-the-2nd-rdv-preaches-for-greener-more-resilient-cities\/#article","isPartOf":{"@id":"https:\/\/www.expadd.org\/en\/jeicom23-in-yaounde-the-2nd-rdv-preaches-for-greener-more-resilient-cities\/"},"author":{"name":"EXPADD","@id":"https:\/\/www.expadd.org\/en\/#\/schema\/person\/9e3bf8e18172ddc6b0817fb431b09466"},"headline":"JEICOM23: in Yaound\u00e9, the 2nd RDV preaches for greener, more resilient cities","datePublished":"2023-06-05T19:21:17+00:00","mainEntityOfPage":{"@id":"https:\/\/www.expadd.org\/en\/jeicom23-in-yaounde-the-2nd-rdv-preaches-for-greener-more-resilient-cities\/"},"wordCount":78,"commentCount":0,"publisher":{"@id":"https:\/\/www.expadd.org\/en\/#organization"},"image":{"@id":"https:\/\/www.expadd.org\/en\/jeicom23-in-yaounde-the-2nd-rdv-preaches-for-greener-more-resilient-cities\/#primaryimage"},"thumbnailUrl":"https:\/\/www.expadd.org\/wp-content\/uploads\/2023\/06\/TOF-178.jpg","articleSection":["SUSTAINABLE CITIES"],"inLanguage":"en-US","potentialAction":[{"@type":"CommentAction","name":"Comment","target":["https:\/\/www.expadd.org\/en\/jeicom23-in-yaounde-the-2nd-rdv-preaches-for-greener-more-resilient-cities\/#respond"]}]},{"@type":"WebPage","@id":"https:\/\/www.expadd.org\/en\/jeicom23-in-yaounde-the-2nd-rdv-preaches-for-greener-more-resilient-cities\/","url":"https:\/\/www.expadd.org\/en\/jeicom23-in-yaounde-the-2nd-rdv-preaches-for-greener-more-resilient-cities\/","name":"JEICOM23: in Yaound\u00e9, the 2nd RDV preaches for greener, more resilient cities - EXPADD","isPartOf":{"@id":"https:\/\/www.expadd.org\/en\/#website"},"primaryImageOfPage":{"@id":"https:\/\/www.expadd.org\/en\/jeicom23-in-yaounde-the-2nd-rdv-preaches-for-greener-more-resilient-cities\/#primaryimage"},"image":{"@id":"https:\/\/www.expadd.org\/en\/jeicom23-in-yaounde-the-2nd-rdv-preaches-for-greener-more-resilient-cities\/#primaryimage"},"thumbnailUrl":"https:\/\/www.expadd.org\/wp-content\/uploads\/2023\/06\/TOF-178.jpg","datePublished":"2023-06-05T19:21:17+00:00","breadcrumb":{"@id":"https:\/\/www.expadd.org\/en\/jeicom23-in-yaounde-the-2nd-rdv-preaches-for-greener-more-resilient-cities\/#breadcrumb"},"inLanguage":"en-US","potentialAction":[{"@type":"ReadAction","target":["https:\/\/www.expadd.org\/en\/jeicom23-in-yaounde-the-2nd-rdv-preaches-for-greener-more-resilient-cities\/"]}]},{"@type":"ImageObject","inLanguage":"en-US","@id":"https:\/\/www.expadd.org\/en\/jeicom23-in-yaounde-the-2nd-rdv-preaches-for-greener-more-resilient-cities\/#primaryimage","url":"https:\/\/www.expadd.org\/wp-content\/uploads\/2023\/06\/TOF-178.jpg","contentUrl":"https:\/\/www.expadd.org\/wp-content\/uploads\/2023\/06\/TOF-178.jpg","width":800,"height":400},{"@type":"BreadcrumbList","@id":"https:\/\/www.expadd.org\/en\/jeicom23-in-yaounde-the-2nd-rdv-preaches-for-greener-more-resilient-cities\/#breadcrumb","itemListElement":[{"@type":"ListItem","position":1,"name":"Accueil","item":"https:\/\/www.expadd.org\/en\/"},{"@type":"ListItem","position":2,"name":"JEICOM23: in Yaound\u00e9, the 2nd RDV preaches for greener, more resilient cities"}]},{"@type":"WebSite","@id":"https:\/\/www.expadd.org\/en\/#website","url":"https:\/\/www.expadd.org\/en\/","name":"EXPADD","description":"Pour B\u00e2tir une soci\u00e9t\u00e9 Africaine durable","publisher":{"@id":"https:\/\/www.expadd.org\/en\/#organization"},"potentialAction":[{"@type":"SearchAction","target":{"@type":"EntryPoint","urlTemplate":"https:\/\/www.expadd.org\/en\/?s={search_term_string}"},"query-input":{"@type":"PropertyValueSpecification","valueRequired":true,"valueName":"search_term_string"}}],"inLanguage":"en-US"},{"@type":"Organization","@id":"https:\/\/www.expadd.org\/en\/#organization","name":"EXPERTS D'AFRIQUE POUR LE DEVELOPPEMENT DURABLE","url":"https:\/\/www.expadd.org\/en\/","logo":{"@type":"ImageObject","inLanguage":"en-US","@id":"https:\/\/www.expadd.org\/en\/#\/schema\/logo\/image\/","url":"https:\/\/www.expadd.org\/wp-content\/uploads\/2021\/05\/cropped-cropped-cropped-cropped-cropped-Capture-decran-2021-03-13-a-20.44.36-2.png","contentUrl":"https:\/\/www.expadd.org\/wp-content\/uploads\/2021\/05\/cropped-cropped-cropped-cropped-cropped-Capture-decran-2021-03-13-a-20.44.36-2.png","width":1919,"height":1374,"caption":"EXPERTS D'AFRIQUE POUR LE DEVELOPPEMENT DURABLE"},"image":{"@id":"https:\/\/www.expadd.org\/en\/#\/schema\/logo\/image\/"}},{"@type":"Person","@id":"https:\/\/www.expadd.org\/en\/#\/schema\/person\/9e3bf8e18172ddc6b0817fb431b09466","name":"EXPADD","image":{"@type":"ImageObject","inLanguage":"en-US","@id":"https:\/\/secure.gravatar.com\/avatar\/957ffa3fc16f59afe731c0b7b5e2dcb9a0efedb2044cc566d87841dbca098b71?s=96&d=mm&r=g","url":"https:\/\/secure.gravatar.com\/avatar\/957ffa3fc16f59afe731c0b7b5e2dcb9a0efedb2044cc566d87841dbca098b71?s=96&d=mm&r=g","contentUrl":"https:\/\/secure.gravatar.com\/avatar\/957ffa3fc16f59afe731c0b7b5e2dcb9a0efedb2044cc566d87841dbca098b71?s=96&d=mm&r=g","caption":"EXPADD"},"sameAs":["https:\/\/www.expadd.org"],"url":"https:\/\/www.expadd.org\/en\/author\/christo76\/"}]}},"_links":{"self":[{"href":"https:\/\/www.expadd.org\/en\/wp-json\/wp\/v2\/posts\/10747","targetHints":{"allow":["GET"]}}],"collection":[{"href":"https:\/\/www.expadd.org\/en\/wp-json\/wp\/v2\/posts"}],"about":[{"href":"https:\/\/www.expadd.org\/en\/wp-json\/wp\/v2\/types\/post"}],"author":[{"embeddable":true,"href":"https:\/\/www.expadd.org\/en\/wp-json\/wp\/v2\/users\/1"}],"replies":[{"embeddable":true,"href":"https:\/\/www.expadd.org\/en\/wp-json\/wp\/v2\/comments?post=10747"}],"version-history":[{"count":0,"href":"https:\/\/www.expadd.org\/en\/wp-json\/wp\/v2\/posts\/10747\/revisions"}],"wp:featuredmedia":[{"embeddable":true,"href":"https:\/\/www.expadd.org\/en\/wp-json\/wp\/v2\/media\/10745"}],"wp:attachment":[{"href":"https:\/\/www.expadd.org\/en\/wp-json\/wp\/v2\/media?parent=10747"}],"wp:term":[{"taxonomy":"category","embeddable":true,"href":"https:\/\/www.expadd.org\/en\/wp-json\/wp\/v2\/categories?post=10747"},{"taxonomy":"post_tag","embeddable":true,"href":"https:\/\/www.expadd.org\/en\/wp-json\/wp\/v2\/tags?post=10747"}],"curies":[{"name":"wp","href":"https:\/\/api.w.org\/{rel}","templated":true}]}}