{"id":10593,"date":"2023-04-16T20:58:36","date_gmt":"2023-04-16T20:58:36","guid":{"rendered":"https:\/\/www.expadd.org\/africa-the-smart-city-at-the-center-of-the-african-cities-lab-on-may-23-in-cotonou\/"},"modified":"2023-04-16T20:58:36","modified_gmt":"2023-04-16T20:58:36","slug":"africa-the-smart-city-at-the-center-of-the-african-cities-lab-on-may-23-in-cotonou","status":"publish","type":"post","link":"https:\/\/www.expadd.org\/en\/africa-the-smart-city-at-the-center-of-the-african-cities-lab-on-may-23-in-cotonou\/","title":{"rendered":"AFRICA: the smart city at the center of the African Cities Lab on May 23 in Cotonou"},"content":{"rendered":"<p>Source: Afrik 21, April 2023<\/p>\n<p>Technological innovation and sustainable development will be discussed from May 23 to 24, 2023 at the African Cities Lab forum, which will take place in the future connected city of Cotonou in Benin.<\/p>\n<p><a href=\"https:\/\/www.afrik21.africa\/afrique-la-ville-intelligente-au-centre-de-lafrican-cities-lab-le-23-mai-a-cotonou\/\">AFRICA: The smart city at the center of the African Cities Lab on May 23 in Cotonou | Afrik 21<\/a><\/p>\n","protected":false},"excerpt":{"rendered":"<p>Source: Afrik 21, April 2023 Technological innovation and sustainable development will be discussed from<\/p>\n","protected":false},"author":1,"featured_media":10591,"comment_status":"open","ping_status":"open","sticky":false,"template":"","format":"standard","meta":{"content-type":"","footnotes":""},"categories":[128],"tags":[],"class_list":["post-10593","post","type-post","status-publish","format-standard","has-post-thumbnail","hentry","category-sustainable-cities"],"yoast_head":"<!-- This site is optimized with the Yoast SEO plugin v27.5 - https:\/\/yoast.com\/product\/yoast-seo-wordpress\/ -->\n<title>AFRICA: the smart city at the center of the African Cities Lab on May 23 in Cotonou - EXPADD<\/title>\n<meta name=\"robots\" content=\"index, follow, max-snippet:-1, max-image-preview:large, max-video-preview:-1\" \/>\n<link rel=\"canonical\" href=\"https:\/\/www.expadd.org\/en\/africa-the-smart-city-at-the-center-of-the-african-cities-lab-on-may-23-in-cotonou\/\" \/>\n<meta property=\"og:locale\" content=\"en_US\" \/>\n<meta property=\"og:type\" content=\"article\" \/>\n<meta property=\"og:title\" content=\"AFRICA: the smart city at the center of the African Cities Lab on May 23 in Cotonou - EXPADD\" \/>\n<meta property=\"og:description\" content=\"Source: Afrik 21, April 2023 Technological innovation and sustainable development will be discussed from\" \/>\n<meta property=\"og:url\" content=\"https:\/\/www.expadd.org\/en\/africa-the-smart-city-at-the-center-of-the-african-cities-lab-on-may-23-in-cotonou\/\" \/>\n<meta property=\"og:site_name\" content=\"EXPADD\" \/>\n<meta property=\"article:published_time\" content=\"2023-04-16T20:58:36+00:00\" \/>\n<meta property=\"og:image\" content=\"https:\/\/www.expadd.org\/wp-content\/uploads\/2023\/04\/TOF-151.jpg\" \/>\n\t<meta property=\"og:image:width\" content=\"800\" \/>\n\t<meta property=\"og:image:height\" content=\"400\" \/>\n\t<meta property=\"og:image:type\" content=\"image\/jpeg\" \/>\n<meta name=\"author\" content=\"EXPADD\" \/>\n<meta name=\"twitter:card\" content=\"summary_large_image\" \/>\n<meta name=\"twitter:label1\" content=\"Written by\" \/>\n\t<meta name=\"twitter:data1\" content=\"EXPADD\" \/>\n<script type=\"application\/ld+json\" class=\"yoast-schema-graph\">{\"@context\":\"https:\\\/\\\/schema.org\",\"@graph\":[{\"@type\":\"Article\",\"@id\":\"https:\\\/\\\/www.expadd.org\\\/en\\\/africa-the-smart-city-at-the-center-of-the-african-cities-lab-on-may-23-in-cotonou\\\/#article\",\"isPartOf\":{\"@id\":\"https:\\\/\\\/www.expadd.org\\\/en\\\/africa-the-smart-city-at-the-center-of-the-african-cities-lab-on-may-23-in-cotonou\\\/\"},\"author\":{\"name\":\"EXPADD\",\"@id\":\"https:\\\/\\\/www.expadd.org\\\/en\\\/#\\\/schema\\\/person\\\/9e3bf8e18172ddc6b0817fb431b09466\"},\"headline\":\"AFRICA: the smart city at the center of the African Cities Lab on May 23 in Cotonou\",\"datePublished\":\"2023-04-16T20:58:36+00:00\",\"mainEntityOfPage\":{\"@id\":\"https:\\\/\\\/www.expadd.org\\\/en\\\/africa-the-smart-city-at-the-center-of-the-african-cities-lab-on-may-23-in-cotonou\\\/\"},\"wordCount\":66,\"commentCount\":0,\"publisher\":{\"@id\":\"https:\\\/\\\/www.expadd.org\\\/en\\\/#organization\"},\"image\":{\"@id\":\"https:\\\/\\\/www.expadd.org\\\/en\\\/africa-the-smart-city-at-the-center-of-the-african-cities-lab-on-may-23-in-cotonou\\\/#primaryimage\"},\"thumbnailUrl\":\"https:\\\/\\\/www.expadd.org\\\/wp-content\\\/uploads\\\/2023\\\/04\\\/TOF-151.jpg\",\"articleSection\":[\"SUSTAINABLE CITIES\"],\"inLanguage\":\"en-US\",\"potentialAction\":[{\"@type\":\"CommentAction\",\"name\":\"Comment\",\"target\":[\"https:\\\/\\\/www.expadd.org\\\/en\\\/africa-the-smart-city-at-the-center-of-the-african-cities-lab-on-may-23-in-cotonou\\\/#respond\"]}]},{\"@type\":\"WebPage\",\"@id\":\"https:\\\/\\\/www.expadd.org\\\/en\\\/africa-the-smart-city-at-the-center-of-the-african-cities-lab-on-may-23-in-cotonou\\\/\",\"url\":\"https:\\\/\\\/www.expadd.org\\\/en\\\/africa-the-smart-city-at-the-center-of-the-african-cities-lab-on-may-23-in-cotonou\\\/\",\"name\":\"AFRICA: the smart city at the center of the African Cities Lab on May 23 in Cotonou - EXPADD\",\"isPartOf\":{\"@id\":\"https:\\\/\\\/www.expadd.org\\\/en\\\/#website\"},\"primaryImageOfPage\":{\"@id\":\"https:\\\/\\\/www.expadd.org\\\/en\\\/africa-the-smart-city-at-the-center-of-the-african-cities-lab-on-may-23-in-cotonou\\\/#primaryimage\"},\"image\":{\"@id\":\"https:\\\/\\\/www.expadd.org\\\/en\\\/africa-the-smart-city-at-the-center-of-the-african-cities-lab-on-may-23-in-cotonou\\\/#primaryimage\"},\"thumbnailUrl\":\"https:\\\/\\\/www.expadd.org\\\/wp-content\\\/uploads\\\/2023\\\/04\\\/TOF-151.jpg\",\"datePublished\":\"2023-04-16T20:58:36+00:00\",\"breadcrumb\":{\"@id\":\"https:\\\/\\\/www.expadd.org\\\/en\\\/africa-the-smart-city-at-the-center-of-the-african-cities-lab-on-may-23-in-cotonou\\\/#breadcrumb\"},\"inLanguage\":\"en-US\",\"potentialAction\":[{\"@type\":\"ReadAction\",\"target\":[\"https:\\\/\\\/www.expadd.org\\\/en\\\/africa-the-smart-city-at-the-center-of-the-african-cities-lab-on-may-23-in-cotonou\\\/\"]}]},{\"@type\":\"ImageObject\",\"inLanguage\":\"en-US\",\"@id\":\"https:\\\/\\\/www.expadd.org\\\/en\\\/africa-the-smart-city-at-the-center-of-the-african-cities-lab-on-may-23-in-cotonou\\\/#primaryimage\",\"url\":\"https:\\\/\\\/www.expadd.org\\\/wp-content\\\/uploads\\\/2023\\\/04\\\/TOF-151.jpg\",\"contentUrl\":\"https:\\\/\\\/www.expadd.org\\\/wp-content\\\/uploads\\\/2023\\\/04\\\/TOF-151.jpg\",\"width\":800,\"height\":400},{\"@type\":\"BreadcrumbList\",\"@id\":\"https:\\\/\\\/www.expadd.org\\\/en\\\/africa-the-smart-city-at-the-center-of-the-african-cities-lab-on-may-23-in-cotonou\\\/#breadcrumb\",\"itemListElement\":[{\"@type\":\"ListItem\",\"position\":1,\"name\":\"Accueil\",\"item\":\"https:\\\/\\\/www.expadd.org\\\/en\\\/\"},{\"@type\":\"ListItem\",\"position\":2,\"name\":\"AFRICA: the smart city at the center of the African Cities Lab on May 23 in Cotonou\"}]},{\"@type\":\"WebSite\",\"@id\":\"https:\\\/\\\/www.expadd.org\\\/en\\\/#website\",\"url\":\"https:\\\/\\\/www.expadd.org\\\/en\\\/\",\"name\":\"EXPADD\",\"description\":\"Pour B\u00e2tir une soci\u00e9t\u00e9 Africaine durable\",\"publisher\":{\"@id\":\"https:\\\/\\\/www.expadd.org\\\/en\\\/#organization\"},\"potentialAction\":[{\"@type\":\"SearchAction\",\"target\":{\"@type\":\"EntryPoint\",\"urlTemplate\":\"https:\\\/\\\/www.expadd.org\\\/en\\\/?s={search_term_string}\"},\"query-input\":{\"@type\":\"PropertyValueSpecification\",\"valueRequired\":true,\"valueName\":\"search_term_string\"}}],\"inLanguage\":\"en-US\"},{\"@type\":\"Organization\",\"@id\":\"https:\\\/\\\/www.expadd.org\\\/en\\\/#organization\",\"name\":\"EXPERTS D'AFRIQUE POUR LE DEVELOPPEMENT DURABLE\",\"url\":\"https:\\\/\\\/www.expadd.org\\\/en\\\/\",\"logo\":{\"@type\":\"ImageObject\",\"inLanguage\":\"en-US\",\"@id\":\"https:\\\/\\\/www.expadd.org\\\/en\\\/#\\\/schema\\\/logo\\\/image\\\/\",\"url\":\"https:\\\/\\\/www.expadd.org\\\/wp-content\\\/uploads\\\/2021\\\/05\\\/cropped-cropped-cropped-cropped-cropped-Capture-decran-2021-03-13-a-20.44.36-2.png\",\"contentUrl\":\"https:\\\/\\\/www.expadd.org\\\/wp-content\\\/uploads\\\/2021\\\/05\\\/cropped-cropped-cropped-cropped-cropped-Capture-decran-2021-03-13-a-20.44.36-2.png\",\"width\":1919,\"height\":1374,\"caption\":\"EXPERTS D'AFRIQUE POUR LE DEVELOPPEMENT DURABLE\"},\"image\":{\"@id\":\"https:\\\/\\\/www.expadd.org\\\/en\\\/#\\\/schema\\\/logo\\\/image\\\/\"}},{\"@type\":\"Person\",\"@id\":\"https:\\\/\\\/www.expadd.org\\\/en\\\/#\\\/schema\\\/person\\\/9e3bf8e18172ddc6b0817fb431b09466\",\"name\":\"EXPADD\",\"image\":{\"@type\":\"ImageObject\",\"inLanguage\":\"en-US\",\"@id\":\"https:\\\/\\\/secure.gravatar.com\\\/avatar\\\/957ffa3fc16f59afe731c0b7b5e2dcb9a0efedb2044cc566d87841dbca098b71?s=96&d=mm&r=g\",\"url\":\"https:\\\/\\\/secure.gravatar.com\\\/avatar\\\/957ffa3fc16f59afe731c0b7b5e2dcb9a0efedb2044cc566d87841dbca098b71?s=96&d=mm&r=g\",\"contentUrl\":\"https:\\\/\\\/secure.gravatar.com\\\/avatar\\\/957ffa3fc16f59afe731c0b7b5e2dcb9a0efedb2044cc566d87841dbca098b71?s=96&d=mm&r=g\",\"caption\":\"EXPADD\"},\"sameAs\":[\"https:\\\/\\\/www.expadd.org\"],\"url\":\"https:\\\/\\\/www.expadd.org\\\/en\\\/author\\\/christo76\\\/\"}]}<\/script>\n<!-- \/ Yoast SEO plugin. -->","yoast_head_json":{"title":"AFRICA: the smart city at the center of the African Cities Lab on May 23 in Cotonou - EXPADD","robots":{"index":"index","follow":"follow","max-snippet":"max-snippet:-1","max-image-preview":"max-image-preview:large","max-video-preview":"max-video-preview:-1"},"canonical":"https:\/\/www.expadd.org\/en\/africa-the-smart-city-at-the-center-of-the-african-cities-lab-on-may-23-in-cotonou\/","og_locale":"en_US","og_type":"article","og_title":"AFRICA: the smart city at the center of the African Cities Lab on May 23 in Cotonou - EXPADD","og_description":"Source: Afrik 21, April 2023 Technological innovation and sustainable development will be discussed from","og_url":"https:\/\/www.expadd.org\/en\/africa-the-smart-city-at-the-center-of-the-african-cities-lab-on-may-23-in-cotonou\/","og_site_name":"EXPADD","article_published_time":"2023-04-16T20:58:36+00:00","og_image":[{"width":800,"height":400,"url":"https:\/\/www.expadd.org\/wp-content\/uploads\/2023\/04\/TOF-151.jpg","type":"image\/jpeg"}],"author":"EXPADD","twitter_card":"summary_large_image","twitter_misc":{"Written by":"EXPADD"},"schema":{"@context":"https:\/\/schema.org","@graph":[{"@type":"Article","@id":"https:\/\/www.expadd.org\/en\/africa-the-smart-city-at-the-center-of-the-african-cities-lab-on-may-23-in-cotonou\/#article","isPartOf":{"@id":"https:\/\/www.expadd.org\/en\/africa-the-smart-city-at-the-center-of-the-african-cities-lab-on-may-23-in-cotonou\/"},"author":{"name":"EXPADD","@id":"https:\/\/www.expadd.org\/en\/#\/schema\/person\/9e3bf8e18172ddc6b0817fb431b09466"},"headline":"AFRICA: the smart city at the center of the African Cities Lab on May 23 in Cotonou","datePublished":"2023-04-16T20:58:36+00:00","mainEntityOfPage":{"@id":"https:\/\/www.expadd.org\/en\/africa-the-smart-city-at-the-center-of-the-african-cities-lab-on-may-23-in-cotonou\/"},"wordCount":66,"commentCount":0,"publisher":{"@id":"https:\/\/www.expadd.org\/en\/#organization"},"image":{"@id":"https:\/\/www.expadd.org\/en\/africa-the-smart-city-at-the-center-of-the-african-cities-lab-on-may-23-in-cotonou\/#primaryimage"},"thumbnailUrl":"https:\/\/www.expadd.org\/wp-content\/uploads\/2023\/04\/TOF-151.jpg","articleSection":["SUSTAINABLE CITIES"],"inLanguage":"en-US","potentialAction":[{"@type":"CommentAction","name":"Comment","target":["https:\/\/www.expadd.org\/en\/africa-the-smart-city-at-the-center-of-the-african-cities-lab-on-may-23-in-cotonou\/#respond"]}]},{"@type":"WebPage","@id":"https:\/\/www.expadd.org\/en\/africa-the-smart-city-at-the-center-of-the-african-cities-lab-on-may-23-in-cotonou\/","url":"https:\/\/www.expadd.org\/en\/africa-the-smart-city-at-the-center-of-the-african-cities-lab-on-may-23-in-cotonou\/","name":"AFRICA: the smart city at the center of the African Cities Lab on May 23 in Cotonou - EXPADD","isPartOf":{"@id":"https:\/\/www.expadd.org\/en\/#website"},"primaryImageOfPage":{"@id":"https:\/\/www.expadd.org\/en\/africa-the-smart-city-at-the-center-of-the-african-cities-lab-on-may-23-in-cotonou\/#primaryimage"},"image":{"@id":"https:\/\/www.expadd.org\/en\/africa-the-smart-city-at-the-center-of-the-african-cities-lab-on-may-23-in-cotonou\/#primaryimage"},"thumbnailUrl":"https:\/\/www.expadd.org\/wp-content\/uploads\/2023\/04\/TOF-151.jpg","datePublished":"2023-04-16T20:58:36+00:00","breadcrumb":{"@id":"https:\/\/www.expadd.org\/en\/africa-the-smart-city-at-the-center-of-the-african-cities-lab-on-may-23-in-cotonou\/#breadcrumb"},"inLanguage":"en-US","potentialAction":[{"@type":"ReadAction","target":["https:\/\/www.expadd.org\/en\/africa-the-smart-city-at-the-center-of-the-african-cities-lab-on-may-23-in-cotonou\/"]}]},{"@type":"ImageObject","inLanguage":"en-US","@id":"https:\/\/www.expadd.org\/en\/africa-the-smart-city-at-the-center-of-the-african-cities-lab-on-may-23-in-cotonou\/#primaryimage","url":"https:\/\/www.expadd.org\/wp-content\/uploads\/2023\/04\/TOF-151.jpg","contentUrl":"https:\/\/www.expadd.org\/wp-content\/uploads\/2023\/04\/TOF-151.jpg","width":800,"height":400},{"@type":"BreadcrumbList","@id":"https:\/\/www.expadd.org\/en\/africa-the-smart-city-at-the-center-of-the-african-cities-lab-on-may-23-in-cotonou\/#breadcrumb","itemListElement":[{"@type":"ListItem","position":1,"name":"Accueil","item":"https:\/\/www.expadd.org\/en\/"},{"@type":"ListItem","position":2,"name":"AFRICA: the smart city at the center of the African Cities Lab on May 23 in Cotonou"}]},{"@type":"WebSite","@id":"https:\/\/www.expadd.org\/en\/#website","url":"https:\/\/www.expadd.org\/en\/","name":"EXPADD","description":"Pour B\u00e2tir une soci\u00e9t\u00e9 Africaine durable","publisher":{"@id":"https:\/\/www.expadd.org\/en\/#organization"},"potentialAction":[{"@type":"SearchAction","target":{"@type":"EntryPoint","urlTemplate":"https:\/\/www.expadd.org\/en\/?s={search_term_string}"},"query-input":{"@type":"PropertyValueSpecification","valueRequired":true,"valueName":"search_term_string"}}],"inLanguage":"en-US"},{"@type":"Organization","@id":"https:\/\/www.expadd.org\/en\/#organization","name":"EXPERTS D'AFRIQUE POUR LE DEVELOPPEMENT DURABLE","url":"https:\/\/www.expadd.org\/en\/","logo":{"@type":"ImageObject","inLanguage":"en-US","@id":"https:\/\/www.expadd.org\/en\/#\/schema\/logo\/image\/","url":"https:\/\/www.expadd.org\/wp-content\/uploads\/2021\/05\/cropped-cropped-cropped-cropped-cropped-Capture-decran-2021-03-13-a-20.44.36-2.png","contentUrl":"https:\/\/www.expadd.org\/wp-content\/uploads\/2021\/05\/cropped-cropped-cropped-cropped-cropped-Capture-decran-2021-03-13-a-20.44.36-2.png","width":1919,"height":1374,"caption":"EXPERTS D'AFRIQUE POUR LE DEVELOPPEMENT DURABLE"},"image":{"@id":"https:\/\/www.expadd.org\/en\/#\/schema\/logo\/image\/"}},{"@type":"Person","@id":"https:\/\/www.expadd.org\/en\/#\/schema\/person\/9e3bf8e18172ddc6b0817fb431b09466","name":"EXPADD","image":{"@type":"ImageObject","inLanguage":"en-US","@id":"https:\/\/secure.gravatar.com\/avatar\/957ffa3fc16f59afe731c0b7b5e2dcb9a0efedb2044cc566d87841dbca098b71?s=96&d=mm&r=g","url":"https:\/\/secure.gravatar.com\/avatar\/957ffa3fc16f59afe731c0b7b5e2dcb9a0efedb2044cc566d87841dbca098b71?s=96&d=mm&r=g","contentUrl":"https:\/\/secure.gravatar.com\/avatar\/957ffa3fc16f59afe731c0b7b5e2dcb9a0efedb2044cc566d87841dbca098b71?s=96&d=mm&r=g","caption":"EXPADD"},"sameAs":["https:\/\/www.expadd.org"],"url":"https:\/\/www.expadd.org\/en\/author\/christo76\/"}]}},"_links":{"self":[{"href":"https:\/\/www.expadd.org\/en\/wp-json\/wp\/v2\/posts\/10593","targetHints":{"allow":["GET"]}}],"collection":[{"href":"https:\/\/www.expadd.org\/en\/wp-json\/wp\/v2\/posts"}],"about":[{"href":"https:\/\/www.expadd.org\/en\/wp-json\/wp\/v2\/types\/post"}],"author":[{"embeddable":true,"href":"https:\/\/www.expadd.org\/en\/wp-json\/wp\/v2\/users\/1"}],"replies":[{"embeddable":true,"href":"https:\/\/www.expadd.org\/en\/wp-json\/wp\/v2\/comments?post=10593"}],"version-history":[{"count":0,"href":"https:\/\/www.expadd.org\/en\/wp-json\/wp\/v2\/posts\/10593\/revisions"}],"wp:featuredmedia":[{"embeddable":true,"href":"https:\/\/www.expadd.org\/en\/wp-json\/wp\/v2\/media\/10591"}],"wp:attachment":[{"href":"https:\/\/www.expadd.org\/en\/wp-json\/wp\/v2\/media?parent=10593"}],"wp:term":[{"taxonomy":"category","embeddable":true,"href":"https:\/\/www.expadd.org\/en\/wp-json\/wp\/v2\/categories?post=10593"},{"taxonomy":"post_tag","embeddable":true,"href":"https:\/\/www.expadd.org\/en\/wp-json\/wp\/v2\/tags?post=10593"}],"curies":[{"name":"wp","href":"https:\/\/api.w.org\/{rel}","templated":true}]}}