{"id":10187,"date":"2023-01-18T17:58:17","date_gmt":"2023-01-18T17:58:17","guid":{"rendered":"https:\/\/www.expadd.org\/ninth-session-of-the-african-regional-forum-on-sustainable-development-in-february-2023\/"},"modified":"2023-01-18T17:58:17","modified_gmt":"2023-01-18T17:58:17","slug":"ninth-session-of-the-african-regional-forum-on-sustainable-development-in-february-2023","status":"publish","type":"post","link":"https:\/\/www.expadd.org\/en\/ninth-session-of-the-african-regional-forum-on-sustainable-development-in-february-2023\/","title":{"rendered":"Ninth Session of the African Regional Forum on Sustainable Development in February 2023"},"content":{"rendered":"<p>Source: UNECA, January 2023<\/p>\n<p>The ninth session of the African Regional Forum on Sustainable Development (FRADD-9) will be held in Niamey from February 28 to March 2, 2023. The Forum is jointly organized by the Economic Commission for Africa (ECA) and the Government of Niger, in collaboration with the African Union Commission, the African Development Bank and other entities of the United Nations system.<\/p>\n<p><a href=\"https:\/\/www.uneca.org\/fr\/events\/technologie%2C-changements-climatiques-et-gestion-des-ressources-naturelles\/neuvi%C3%A8me-session-du\">Ninth Session of the African Regional Forum on Sustainable Development | United Nations Economic Commission for Africa (uneca.org)<\/a><\/p>\n<p>&nbsp;<\/p>\n","protected":false},"excerpt":{"rendered":"<p>Source: UNECA, January 2023 The ninth session of the African Regional Forum on Sustainable<\/p>\n","protected":false},"author":1,"featured_media":10181,"comment_status":"open","ping_status":"open","sticky":false,"template":"","format":"standard","meta":{"content-type":"","footnotes":""},"categories":[126],"tags":[],"class_list":["post-10187","post","type-post","status-publish","format-standard","has-post-thumbnail","hentry","category-sustainable-dev"],"yoast_head":"<!-- This site is optimized with the Yoast SEO plugin v27.5 - https:\/\/yoast.com\/product\/yoast-seo-wordpress\/ -->\n<title>Ninth Session of the African Regional Forum on Sustainable Development in February 2023 - EXPADD<\/title>\n<meta name=\"robots\" content=\"index, follow, max-snippet:-1, max-image-preview:large, max-video-preview:-1\" \/>\n<link rel=\"canonical\" href=\"https:\/\/www.expadd.org\/en\/ninth-session-of-the-african-regional-forum-on-sustainable-development-in-february-2023\/\" \/>\n<meta property=\"og:locale\" content=\"en_US\" \/>\n<meta property=\"og:type\" content=\"article\" \/>\n<meta property=\"og:title\" content=\"Ninth Session of the African Regional Forum on Sustainable Development in February 2023 - EXPADD\" \/>\n<meta property=\"og:description\" content=\"Source: UNECA, January 2023 The ninth session of the African Regional Forum on Sustainable\" \/>\n<meta property=\"og:url\" content=\"https:\/\/www.expadd.org\/en\/ninth-session-of-the-african-regional-forum-on-sustainable-development-in-february-2023\/\" \/>\n<meta property=\"og:site_name\" content=\"EXPADD\" \/>\n<meta property=\"article:published_time\" content=\"2023-01-18T17:58:17+00:00\" \/>\n<meta property=\"og:image\" content=\"https:\/\/www.expadd.org\/wp-content\/uploads\/2023\/01\/TOF-087.gif\" \/>\n\t<meta property=\"og:image:width\" content=\"1920\" \/>\n\t<meta property=\"og:image:height\" content=\"640\" \/>\n\t<meta property=\"og:image:type\" content=\"image\/gif\" \/>\n<meta name=\"author\" content=\"EXPADD\" \/>\n<meta name=\"twitter:card\" content=\"summary_large_image\" \/>\n<meta name=\"twitter:label1\" content=\"Written by\" \/>\n\t<meta name=\"twitter:data1\" content=\"EXPADD\" \/>\n<script type=\"application\/ld+json\" class=\"yoast-schema-graph\">{\"@context\":\"https:\\\/\\\/schema.org\",\"@graph\":[{\"@type\":\"Article\",\"@id\":\"https:\\\/\\\/www.expadd.org\\\/en\\\/ninth-session-of-the-african-regional-forum-on-sustainable-development-in-february-2023\\\/#article\",\"isPartOf\":{\"@id\":\"https:\\\/\\\/www.expadd.org\\\/en\\\/ninth-session-of-the-african-regional-forum-on-sustainable-development-in-february-2023\\\/\"},\"author\":{\"name\":\"EXPADD\",\"@id\":\"https:\\\/\\\/www.expadd.org\\\/en\\\/#\\\/schema\\\/person\\\/9e3bf8e18172ddc6b0817fb431b09466\"},\"headline\":\"Ninth Session of the African Regional Forum on Sustainable Development in February 2023\",\"datePublished\":\"2023-01-18T17:58:17+00:00\",\"mainEntityOfPage\":{\"@id\":\"https:\\\/\\\/www.expadd.org\\\/en\\\/ninth-session-of-the-african-regional-forum-on-sustainable-development-in-february-2023\\\/\"},\"wordCount\":91,\"commentCount\":0,\"publisher\":{\"@id\":\"https:\\\/\\\/www.expadd.org\\\/en\\\/#organization\"},\"image\":{\"@id\":\"https:\\\/\\\/www.expadd.org\\\/en\\\/ninth-session-of-the-african-regional-forum-on-sustainable-development-in-february-2023\\\/#primaryimage\"},\"thumbnailUrl\":\"https:\\\/\\\/www.expadd.org\\\/wp-content\\\/uploads\\\/2023\\\/01\\\/TOF-087.gif\",\"articleSection\":[\"SUSTAINABLE DEV\"],\"inLanguage\":\"en-US\",\"potentialAction\":[{\"@type\":\"CommentAction\",\"name\":\"Comment\",\"target\":[\"https:\\\/\\\/www.expadd.org\\\/en\\\/ninth-session-of-the-african-regional-forum-on-sustainable-development-in-february-2023\\\/#respond\"]}]},{\"@type\":\"WebPage\",\"@id\":\"https:\\\/\\\/www.expadd.org\\\/en\\\/ninth-session-of-the-african-regional-forum-on-sustainable-development-in-february-2023\\\/\",\"url\":\"https:\\\/\\\/www.expadd.org\\\/en\\\/ninth-session-of-the-african-regional-forum-on-sustainable-development-in-february-2023\\\/\",\"name\":\"Ninth Session of the African Regional Forum on Sustainable Development in February 2023 - EXPADD\",\"isPartOf\":{\"@id\":\"https:\\\/\\\/www.expadd.org\\\/en\\\/#website\"},\"primaryImageOfPage\":{\"@id\":\"https:\\\/\\\/www.expadd.org\\\/en\\\/ninth-session-of-the-african-regional-forum-on-sustainable-development-in-february-2023\\\/#primaryimage\"},\"image\":{\"@id\":\"https:\\\/\\\/www.expadd.org\\\/en\\\/ninth-session-of-the-african-regional-forum-on-sustainable-development-in-february-2023\\\/#primaryimage\"},\"thumbnailUrl\":\"https:\\\/\\\/www.expadd.org\\\/wp-content\\\/uploads\\\/2023\\\/01\\\/TOF-087.gif\",\"datePublished\":\"2023-01-18T17:58:17+00:00\",\"breadcrumb\":{\"@id\":\"https:\\\/\\\/www.expadd.org\\\/en\\\/ninth-session-of-the-african-regional-forum-on-sustainable-development-in-february-2023\\\/#breadcrumb\"},\"inLanguage\":\"en-US\",\"potentialAction\":[{\"@type\":\"ReadAction\",\"target\":[\"https:\\\/\\\/www.expadd.org\\\/en\\\/ninth-session-of-the-african-regional-forum-on-sustainable-development-in-february-2023\\\/\"]}]},{\"@type\":\"ImageObject\",\"inLanguage\":\"en-US\",\"@id\":\"https:\\\/\\\/www.expadd.org\\\/en\\\/ninth-session-of-the-african-regional-forum-on-sustainable-development-in-february-2023\\\/#primaryimage\",\"url\":\"https:\\\/\\\/www.expadd.org\\\/wp-content\\\/uploads\\\/2023\\\/01\\\/TOF-087.gif\",\"contentUrl\":\"https:\\\/\\\/www.expadd.org\\\/wp-content\\\/uploads\\\/2023\\\/01\\\/TOF-087.gif\",\"width\":1920,\"height\":640},{\"@type\":\"BreadcrumbList\",\"@id\":\"https:\\\/\\\/www.expadd.org\\\/en\\\/ninth-session-of-the-african-regional-forum-on-sustainable-development-in-february-2023\\\/#breadcrumb\",\"itemListElement\":[{\"@type\":\"ListItem\",\"position\":1,\"name\":\"Accueil\",\"item\":\"https:\\\/\\\/www.expadd.org\\\/en\\\/\"},{\"@type\":\"ListItem\",\"position\":2,\"name\":\"Ninth Session of the African Regional Forum on Sustainable Development in February 2023\"}]},{\"@type\":\"WebSite\",\"@id\":\"https:\\\/\\\/www.expadd.org\\\/en\\\/#website\",\"url\":\"https:\\\/\\\/www.expadd.org\\\/en\\\/\",\"name\":\"EXPADD\",\"description\":\"Pour B\u00e2tir une soci\u00e9t\u00e9 Africaine durable\",\"publisher\":{\"@id\":\"https:\\\/\\\/www.expadd.org\\\/en\\\/#organization\"},\"potentialAction\":[{\"@type\":\"SearchAction\",\"target\":{\"@type\":\"EntryPoint\",\"urlTemplate\":\"https:\\\/\\\/www.expadd.org\\\/en\\\/?s={search_term_string}\"},\"query-input\":{\"@type\":\"PropertyValueSpecification\",\"valueRequired\":true,\"valueName\":\"search_term_string\"}}],\"inLanguage\":\"en-US\"},{\"@type\":\"Organization\",\"@id\":\"https:\\\/\\\/www.expadd.org\\\/en\\\/#organization\",\"name\":\"EXPERTS D'AFRIQUE POUR LE DEVELOPPEMENT DURABLE\",\"url\":\"https:\\\/\\\/www.expadd.org\\\/en\\\/\",\"logo\":{\"@type\":\"ImageObject\",\"inLanguage\":\"en-US\",\"@id\":\"https:\\\/\\\/www.expadd.org\\\/en\\\/#\\\/schema\\\/logo\\\/image\\\/\",\"url\":\"https:\\\/\\\/www.expadd.org\\\/wp-content\\\/uploads\\\/2021\\\/05\\\/cropped-cropped-cropped-cropped-cropped-Capture-decran-2021-03-13-a-20.44.36-2.png\",\"contentUrl\":\"https:\\\/\\\/www.expadd.org\\\/wp-content\\\/uploads\\\/2021\\\/05\\\/cropped-cropped-cropped-cropped-cropped-Capture-decran-2021-03-13-a-20.44.36-2.png\",\"width\":1919,\"height\":1374,\"caption\":\"EXPERTS D'AFRIQUE POUR LE DEVELOPPEMENT DURABLE\"},\"image\":{\"@id\":\"https:\\\/\\\/www.expadd.org\\\/en\\\/#\\\/schema\\\/logo\\\/image\\\/\"}},{\"@type\":\"Person\",\"@id\":\"https:\\\/\\\/www.expadd.org\\\/en\\\/#\\\/schema\\\/person\\\/9e3bf8e18172ddc6b0817fb431b09466\",\"name\":\"EXPADD\",\"image\":{\"@type\":\"ImageObject\",\"inLanguage\":\"en-US\",\"@id\":\"https:\\\/\\\/secure.gravatar.com\\\/avatar\\\/957ffa3fc16f59afe731c0b7b5e2dcb9a0efedb2044cc566d87841dbca098b71?s=96&d=mm&r=g\",\"url\":\"https:\\\/\\\/secure.gravatar.com\\\/avatar\\\/957ffa3fc16f59afe731c0b7b5e2dcb9a0efedb2044cc566d87841dbca098b71?s=96&d=mm&r=g\",\"contentUrl\":\"https:\\\/\\\/secure.gravatar.com\\\/avatar\\\/957ffa3fc16f59afe731c0b7b5e2dcb9a0efedb2044cc566d87841dbca098b71?s=96&d=mm&r=g\",\"caption\":\"EXPADD\"},\"sameAs\":[\"https:\\\/\\\/www.expadd.org\"],\"url\":\"https:\\\/\\\/www.expadd.org\\\/en\\\/author\\\/christo76\\\/\"}]}<\/script>\n<!-- \/ Yoast SEO plugin. -->","yoast_head_json":{"title":"Ninth Session of the African Regional Forum on Sustainable Development in February 2023 - EXPADD","robots":{"index":"index","follow":"follow","max-snippet":"max-snippet:-1","max-image-preview":"max-image-preview:large","max-video-preview":"max-video-preview:-1"},"canonical":"https:\/\/www.expadd.org\/en\/ninth-session-of-the-african-regional-forum-on-sustainable-development-in-february-2023\/","og_locale":"en_US","og_type":"article","og_title":"Ninth Session of the African Regional Forum on Sustainable Development in February 2023 - EXPADD","og_description":"Source: UNECA, January 2023 The ninth session of the African Regional Forum on Sustainable","og_url":"https:\/\/www.expadd.org\/en\/ninth-session-of-the-african-regional-forum-on-sustainable-development-in-february-2023\/","og_site_name":"EXPADD","article_published_time":"2023-01-18T17:58:17+00:00","og_image":[{"width":1920,"height":640,"url":"https:\/\/www.expadd.org\/wp-content\/uploads\/2023\/01\/TOF-087.gif","type":"image\/gif"}],"author":"EXPADD","twitter_card":"summary_large_image","twitter_misc":{"Written by":"EXPADD"},"schema":{"@context":"https:\/\/schema.org","@graph":[{"@type":"Article","@id":"https:\/\/www.expadd.org\/en\/ninth-session-of-the-african-regional-forum-on-sustainable-development-in-february-2023\/#article","isPartOf":{"@id":"https:\/\/www.expadd.org\/en\/ninth-session-of-the-african-regional-forum-on-sustainable-development-in-february-2023\/"},"author":{"name":"EXPADD","@id":"https:\/\/www.expadd.org\/en\/#\/schema\/person\/9e3bf8e18172ddc6b0817fb431b09466"},"headline":"Ninth Session of the African Regional Forum on Sustainable Development in February 2023","datePublished":"2023-01-18T17:58:17+00:00","mainEntityOfPage":{"@id":"https:\/\/www.expadd.org\/en\/ninth-session-of-the-african-regional-forum-on-sustainable-development-in-february-2023\/"},"wordCount":91,"commentCount":0,"publisher":{"@id":"https:\/\/www.expadd.org\/en\/#organization"},"image":{"@id":"https:\/\/www.expadd.org\/en\/ninth-session-of-the-african-regional-forum-on-sustainable-development-in-february-2023\/#primaryimage"},"thumbnailUrl":"https:\/\/www.expadd.org\/wp-content\/uploads\/2023\/01\/TOF-087.gif","articleSection":["SUSTAINABLE DEV"],"inLanguage":"en-US","potentialAction":[{"@type":"CommentAction","name":"Comment","target":["https:\/\/www.expadd.org\/en\/ninth-session-of-the-african-regional-forum-on-sustainable-development-in-february-2023\/#respond"]}]},{"@type":"WebPage","@id":"https:\/\/www.expadd.org\/en\/ninth-session-of-the-african-regional-forum-on-sustainable-development-in-february-2023\/","url":"https:\/\/www.expadd.org\/en\/ninth-session-of-the-african-regional-forum-on-sustainable-development-in-february-2023\/","name":"Ninth Session of the African Regional Forum on Sustainable Development in February 2023 - EXPADD","isPartOf":{"@id":"https:\/\/www.expadd.org\/en\/#website"},"primaryImageOfPage":{"@id":"https:\/\/www.expadd.org\/en\/ninth-session-of-the-african-regional-forum-on-sustainable-development-in-february-2023\/#primaryimage"},"image":{"@id":"https:\/\/www.expadd.org\/en\/ninth-session-of-the-african-regional-forum-on-sustainable-development-in-february-2023\/#primaryimage"},"thumbnailUrl":"https:\/\/www.expadd.org\/wp-content\/uploads\/2023\/01\/TOF-087.gif","datePublished":"2023-01-18T17:58:17+00:00","breadcrumb":{"@id":"https:\/\/www.expadd.org\/en\/ninth-session-of-the-african-regional-forum-on-sustainable-development-in-february-2023\/#breadcrumb"},"inLanguage":"en-US","potentialAction":[{"@type":"ReadAction","target":["https:\/\/www.expadd.org\/en\/ninth-session-of-the-african-regional-forum-on-sustainable-development-in-february-2023\/"]}]},{"@type":"ImageObject","inLanguage":"en-US","@id":"https:\/\/www.expadd.org\/en\/ninth-session-of-the-african-regional-forum-on-sustainable-development-in-february-2023\/#primaryimage","url":"https:\/\/www.expadd.org\/wp-content\/uploads\/2023\/01\/TOF-087.gif","contentUrl":"https:\/\/www.expadd.org\/wp-content\/uploads\/2023\/01\/TOF-087.gif","width":1920,"height":640},{"@type":"BreadcrumbList","@id":"https:\/\/www.expadd.org\/en\/ninth-session-of-the-african-regional-forum-on-sustainable-development-in-february-2023\/#breadcrumb","itemListElement":[{"@type":"ListItem","position":1,"name":"Accueil","item":"https:\/\/www.expadd.org\/en\/"},{"@type":"ListItem","position":2,"name":"Ninth Session of the African Regional Forum on Sustainable Development in February 2023"}]},{"@type":"WebSite","@id":"https:\/\/www.expadd.org\/en\/#website","url":"https:\/\/www.expadd.org\/en\/","name":"EXPADD","description":"Pour B\u00e2tir une soci\u00e9t\u00e9 Africaine durable","publisher":{"@id":"https:\/\/www.expadd.org\/en\/#organization"},"potentialAction":[{"@type":"SearchAction","target":{"@type":"EntryPoint","urlTemplate":"https:\/\/www.expadd.org\/en\/?s={search_term_string}"},"query-input":{"@type":"PropertyValueSpecification","valueRequired":true,"valueName":"search_term_string"}}],"inLanguage":"en-US"},{"@type":"Organization","@id":"https:\/\/www.expadd.org\/en\/#organization","name":"EXPERTS D'AFRIQUE POUR LE DEVELOPPEMENT DURABLE","url":"https:\/\/www.expadd.org\/en\/","logo":{"@type":"ImageObject","inLanguage":"en-US","@id":"https:\/\/www.expadd.org\/en\/#\/schema\/logo\/image\/","url":"https:\/\/www.expadd.org\/wp-content\/uploads\/2021\/05\/cropped-cropped-cropped-cropped-cropped-Capture-decran-2021-03-13-a-20.44.36-2.png","contentUrl":"https:\/\/www.expadd.org\/wp-content\/uploads\/2021\/05\/cropped-cropped-cropped-cropped-cropped-Capture-decran-2021-03-13-a-20.44.36-2.png","width":1919,"height":1374,"caption":"EXPERTS D'AFRIQUE POUR LE DEVELOPPEMENT DURABLE"},"image":{"@id":"https:\/\/www.expadd.org\/en\/#\/schema\/logo\/image\/"}},{"@type":"Person","@id":"https:\/\/www.expadd.org\/en\/#\/schema\/person\/9e3bf8e18172ddc6b0817fb431b09466","name":"EXPADD","image":{"@type":"ImageObject","inLanguage":"en-US","@id":"https:\/\/secure.gravatar.com\/avatar\/957ffa3fc16f59afe731c0b7b5e2dcb9a0efedb2044cc566d87841dbca098b71?s=96&d=mm&r=g","url":"https:\/\/secure.gravatar.com\/avatar\/957ffa3fc16f59afe731c0b7b5e2dcb9a0efedb2044cc566d87841dbca098b71?s=96&d=mm&r=g","contentUrl":"https:\/\/secure.gravatar.com\/avatar\/957ffa3fc16f59afe731c0b7b5e2dcb9a0efedb2044cc566d87841dbca098b71?s=96&d=mm&r=g","caption":"EXPADD"},"sameAs":["https:\/\/www.expadd.org"],"url":"https:\/\/www.expadd.org\/en\/author\/christo76\/"}]}},"_links":{"self":[{"href":"https:\/\/www.expadd.org\/en\/wp-json\/wp\/v2\/posts\/10187","targetHints":{"allow":["GET"]}}],"collection":[{"href":"https:\/\/www.expadd.org\/en\/wp-json\/wp\/v2\/posts"}],"about":[{"href":"https:\/\/www.expadd.org\/en\/wp-json\/wp\/v2\/types\/post"}],"author":[{"embeddable":true,"href":"https:\/\/www.expadd.org\/en\/wp-json\/wp\/v2\/users\/1"}],"replies":[{"embeddable":true,"href":"https:\/\/www.expadd.org\/en\/wp-json\/wp\/v2\/comments?post=10187"}],"version-history":[{"count":0,"href":"https:\/\/www.expadd.org\/en\/wp-json\/wp\/v2\/posts\/10187\/revisions"}],"wp:featuredmedia":[{"embeddable":true,"href":"https:\/\/www.expadd.org\/en\/wp-json\/wp\/v2\/media\/10181"}],"wp:attachment":[{"href":"https:\/\/www.expadd.org\/en\/wp-json\/wp\/v2\/media?parent=10187"}],"wp:term":[{"taxonomy":"category","embeddable":true,"href":"https:\/\/www.expadd.org\/en\/wp-json\/wp\/v2\/categories?post=10187"},{"taxonomy":"post_tag","embeddable":true,"href":"https:\/\/www.expadd.org\/en\/wp-json\/wp\/v2\/tags?post=10187"}],"curies":[{"name":"wp","href":"https:\/\/api.w.org\/{rel}","templated":true}]}}