{"id":10132,"date":"2023-01-11T20:03:23","date_gmt":"2023-01-11T20:03:23","guid":{"rendered":"https:\/\/www.expadd.org\/capacity-building-for-sustainable-development-in-africa-expadd-to-train-professionals\/"},"modified":"2023-01-11T20:03:29","modified_gmt":"2023-01-11T20:03:29","slug":"capacity-building-for-sustainable-development-in-africa-expadd-to-train-professionals","status":"publish","type":"post","link":"https:\/\/www.expadd.org\/en\/capacity-building-for-sustainable-development-in-africa-expadd-to-train-professionals\/","title":{"rendered":"Capacity building for sustainable development in Africa: EXPADD to train professionals"},"content":{"rendered":"<p>In the current global context of the fight against the effects of global warming, the concept of sustainable development is asserting itself as one of the main levers for action. Indeed, to fight against this phenomenon, the main lever of action is to reduce greenhouse gas emissions, and in particular carbon dioxide. This objective often also includes optimal management of natural resources, a circular economy and the practice of CSR, all of which contribute to sustainable development.<\/p>\n<p>In order to contribute to this fight against the effects of global warming, EXPADD will propose a first series of training courses to professionals from companies, territories and civil society, around eight (8) main themes:<\/p>\n<ul>\n<li>Carbon footprint<\/li>\n<li>Circular economy<\/li>\n<li>Sustainable finance and CSR (Corporate Social Responsibility)<\/li>\n<li>ESIA (Environmental and Social Impact Assessment)<\/li>\n<li>Agenda 21<\/li>\n<li>Climate change and sustainable development<\/li>\n<li>Sustainable management of natural resources<\/li>\n<li>Agroforestry, agroecology and agricultural financing mechanisms<\/li>\n<\/ul>\n<p>In addition to these themes, EXPADD will offer the various structures \u00e0 la carte training based on their specificities.<\/p>\n<p>&nbsp;<\/p>\n<p><strong><em>  Oziger fart<\/em><\/strong><\/p>\n<p>Communication Manager<\/p>\n<p>www.expadd.org<\/p>\n","protected":false},"excerpt":{"rendered":"<p>In the current global context of the fight against the effects of global warming,<\/p>\n","protected":false},"author":1,"featured_media":10130,"comment_status":"open","ping_status":"open","sticky":false,"template":"","format":"standard","meta":{"content-type":"","footnotes":""},"categories":[162],"tags":[],"class_list":["post-10132","post","type-post","status-publish","format-standard","has-post-thumbnail","hentry","category-capacity-building"],"yoast_head":"<!-- This site is optimized with the Yoast SEO plugin v27.5 - https:\/\/yoast.com\/product\/yoast-seo-wordpress\/ -->\n<title>Capacity building for sustainable development in Africa: EXPADD to train professionals - EXPADD<\/title>\n<meta name=\"robots\" content=\"index, follow, max-snippet:-1, max-image-preview:large, max-video-preview:-1\" \/>\n<link rel=\"canonical\" href=\"https:\/\/www.expadd.org\/en\/capacity-building-for-sustainable-development-in-africa-expadd-to-train-professionals\/\" \/>\n<meta property=\"og:locale\" content=\"en_US\" \/>\n<meta property=\"og:type\" content=\"article\" \/>\n<meta property=\"og:title\" content=\"Capacity building for sustainable development in Africa: EXPADD to train professionals - EXPADD\" \/>\n<meta property=\"og:description\" content=\"In the current global context of the fight against the effects of global warming,\" \/>\n<meta property=\"og:url\" content=\"https:\/\/www.expadd.org\/en\/capacity-building-for-sustainable-development-in-africa-expadd-to-train-professionals\/\" \/>\n<meta property=\"og:site_name\" content=\"EXPADD\" \/>\n<meta property=\"article:published_time\" content=\"2023-01-11T20:03:23+00:00\" \/>\n<meta property=\"article:modified_time\" content=\"2023-01-11T20:03:29+00:00\" \/>\n<meta property=\"og:image\" content=\"https:\/\/www.expadd.org\/wp-content\/uploads\/2023\/01\/FORMATION-EXPADD-DD-2.jpg\" \/>\n\t<meta property=\"og:image:width\" content=\"1280\" \/>\n\t<meta property=\"og:image:height\" content=\"720\" \/>\n\t<meta property=\"og:image:type\" content=\"image\/jpeg\" \/>\n<meta name=\"author\" content=\"EXPADD\" \/>\n<meta name=\"twitter:card\" content=\"summary_large_image\" \/>\n<meta name=\"twitter:label1\" content=\"Written by\" \/>\n\t<meta name=\"twitter:data1\" content=\"EXPADD\" \/>\n\t<meta name=\"twitter:label2\" content=\"Est. reading time\" \/>\n\t<meta name=\"twitter:data2\" content=\"1 minute\" \/>\n<script type=\"application\/ld+json\" class=\"yoast-schema-graph\">{\"@context\":\"https:\\\/\\\/schema.org\",\"@graph\":[{\"@type\":\"Article\",\"@id\":\"https:\\\/\\\/www.expadd.org\\\/en\\\/capacity-building-for-sustainable-development-in-africa-expadd-to-train-professionals\\\/#article\",\"isPartOf\":{\"@id\":\"https:\\\/\\\/www.expadd.org\\\/en\\\/capacity-building-for-sustainable-development-in-africa-expadd-to-train-professionals\\\/\"},\"author\":{\"name\":\"EXPADD\",\"@id\":\"https:\\\/\\\/www.expadd.org\\\/en\\\/#\\\/schema\\\/person\\\/9e3bf8e18172ddc6b0817fb431b09466\"},\"headline\":\"Capacity building for sustainable development in Africa: EXPADD to train professionals\",\"datePublished\":\"2023-01-11T20:03:23+00:00\",\"dateModified\":\"2023-01-11T20:03:29+00:00\",\"mainEntityOfPage\":{\"@id\":\"https:\\\/\\\/www.expadd.org\\\/en\\\/capacity-building-for-sustainable-development-in-africa-expadd-to-train-professionals\\\/\"},\"wordCount\":182,\"commentCount\":0,\"publisher\":{\"@id\":\"https:\\\/\\\/www.expadd.org\\\/en\\\/#organization\"},\"image\":{\"@id\":\"https:\\\/\\\/www.expadd.org\\\/en\\\/capacity-building-for-sustainable-development-in-africa-expadd-to-train-professionals\\\/#primaryimage\"},\"thumbnailUrl\":\"https:\\\/\\\/www.expadd.org\\\/wp-content\\\/uploads\\\/2023\\\/01\\\/FORMATION-EXPADD-DD-2.jpg\",\"articleSection\":[\"CAPACITY BUILDING\"],\"inLanguage\":\"en-US\",\"potentialAction\":[{\"@type\":\"CommentAction\",\"name\":\"Comment\",\"target\":[\"https:\\\/\\\/www.expadd.org\\\/en\\\/capacity-building-for-sustainable-development-in-africa-expadd-to-train-professionals\\\/#respond\"]}]},{\"@type\":\"WebPage\",\"@id\":\"https:\\\/\\\/www.expadd.org\\\/en\\\/capacity-building-for-sustainable-development-in-africa-expadd-to-train-professionals\\\/\",\"url\":\"https:\\\/\\\/www.expadd.org\\\/en\\\/capacity-building-for-sustainable-development-in-africa-expadd-to-train-professionals\\\/\",\"name\":\"Capacity building for sustainable development in Africa: EXPADD to train professionals - EXPADD\",\"isPartOf\":{\"@id\":\"https:\\\/\\\/www.expadd.org\\\/en\\\/#website\"},\"primaryImageOfPage\":{\"@id\":\"https:\\\/\\\/www.expadd.org\\\/en\\\/capacity-building-for-sustainable-development-in-africa-expadd-to-train-professionals\\\/#primaryimage\"},\"image\":{\"@id\":\"https:\\\/\\\/www.expadd.org\\\/en\\\/capacity-building-for-sustainable-development-in-africa-expadd-to-train-professionals\\\/#primaryimage\"},\"thumbnailUrl\":\"https:\\\/\\\/www.expadd.org\\\/wp-content\\\/uploads\\\/2023\\\/01\\\/FORMATION-EXPADD-DD-2.jpg\",\"datePublished\":\"2023-01-11T20:03:23+00:00\",\"dateModified\":\"2023-01-11T20:03:29+00:00\",\"breadcrumb\":{\"@id\":\"https:\\\/\\\/www.expadd.org\\\/en\\\/capacity-building-for-sustainable-development-in-africa-expadd-to-train-professionals\\\/#breadcrumb\"},\"inLanguage\":\"en-US\",\"potentialAction\":[{\"@type\":\"ReadAction\",\"target\":[\"https:\\\/\\\/www.expadd.org\\\/en\\\/capacity-building-for-sustainable-development-in-africa-expadd-to-train-professionals\\\/\"]}]},{\"@type\":\"ImageObject\",\"inLanguage\":\"en-US\",\"@id\":\"https:\\\/\\\/www.expadd.org\\\/en\\\/capacity-building-for-sustainable-development-in-africa-expadd-to-train-professionals\\\/#primaryimage\",\"url\":\"https:\\\/\\\/www.expadd.org\\\/wp-content\\\/uploads\\\/2023\\\/01\\\/FORMATION-EXPADD-DD-2.jpg\",\"contentUrl\":\"https:\\\/\\\/www.expadd.org\\\/wp-content\\\/uploads\\\/2023\\\/01\\\/FORMATION-EXPADD-DD-2.jpg\",\"width\":1280,\"height\":720},{\"@type\":\"BreadcrumbList\",\"@id\":\"https:\\\/\\\/www.expadd.org\\\/en\\\/capacity-building-for-sustainable-development-in-africa-expadd-to-train-professionals\\\/#breadcrumb\",\"itemListElement\":[{\"@type\":\"ListItem\",\"position\":1,\"name\":\"Accueil\",\"item\":\"https:\\\/\\\/www.expadd.org\\\/en\\\/\"},{\"@type\":\"ListItem\",\"position\":2,\"name\":\"Capacity building for sustainable development in Africa: EXPADD to train professionals\"}]},{\"@type\":\"WebSite\",\"@id\":\"https:\\\/\\\/www.expadd.org\\\/en\\\/#website\",\"url\":\"https:\\\/\\\/www.expadd.org\\\/en\\\/\",\"name\":\"EXPADD\",\"description\":\"Pour B\u00e2tir une soci\u00e9t\u00e9 Africaine durable\",\"publisher\":{\"@id\":\"https:\\\/\\\/www.expadd.org\\\/en\\\/#organization\"},\"potentialAction\":[{\"@type\":\"SearchAction\",\"target\":{\"@type\":\"EntryPoint\",\"urlTemplate\":\"https:\\\/\\\/www.expadd.org\\\/en\\\/?s={search_term_string}\"},\"query-input\":{\"@type\":\"PropertyValueSpecification\",\"valueRequired\":true,\"valueName\":\"search_term_string\"}}],\"inLanguage\":\"en-US\"},{\"@type\":\"Organization\",\"@id\":\"https:\\\/\\\/www.expadd.org\\\/en\\\/#organization\",\"name\":\"EXPERTS D'AFRIQUE POUR LE DEVELOPPEMENT DURABLE\",\"url\":\"https:\\\/\\\/www.expadd.org\\\/en\\\/\",\"logo\":{\"@type\":\"ImageObject\",\"inLanguage\":\"en-US\",\"@id\":\"https:\\\/\\\/www.expadd.org\\\/en\\\/#\\\/schema\\\/logo\\\/image\\\/\",\"url\":\"https:\\\/\\\/www.expadd.org\\\/wp-content\\\/uploads\\\/2021\\\/05\\\/cropped-cropped-cropped-cropped-cropped-Capture-decran-2021-03-13-a-20.44.36-2.png\",\"contentUrl\":\"https:\\\/\\\/www.expadd.org\\\/wp-content\\\/uploads\\\/2021\\\/05\\\/cropped-cropped-cropped-cropped-cropped-Capture-decran-2021-03-13-a-20.44.36-2.png\",\"width\":1919,\"height\":1374,\"caption\":\"EXPERTS D'AFRIQUE POUR LE DEVELOPPEMENT DURABLE\"},\"image\":{\"@id\":\"https:\\\/\\\/www.expadd.org\\\/en\\\/#\\\/schema\\\/logo\\\/image\\\/\"}},{\"@type\":\"Person\",\"@id\":\"https:\\\/\\\/www.expadd.org\\\/en\\\/#\\\/schema\\\/person\\\/9e3bf8e18172ddc6b0817fb431b09466\",\"name\":\"EXPADD\",\"image\":{\"@type\":\"ImageObject\",\"inLanguage\":\"en-US\",\"@id\":\"https:\\\/\\\/secure.gravatar.com\\\/avatar\\\/957ffa3fc16f59afe731c0b7b5e2dcb9a0efedb2044cc566d87841dbca098b71?s=96&d=mm&r=g\",\"url\":\"https:\\\/\\\/secure.gravatar.com\\\/avatar\\\/957ffa3fc16f59afe731c0b7b5e2dcb9a0efedb2044cc566d87841dbca098b71?s=96&d=mm&r=g\",\"contentUrl\":\"https:\\\/\\\/secure.gravatar.com\\\/avatar\\\/957ffa3fc16f59afe731c0b7b5e2dcb9a0efedb2044cc566d87841dbca098b71?s=96&d=mm&r=g\",\"caption\":\"EXPADD\"},\"sameAs\":[\"https:\\\/\\\/www.expadd.org\"],\"url\":\"https:\\\/\\\/www.expadd.org\\\/en\\\/author\\\/christo76\\\/\"}]}<\/script>\n<!-- \/ Yoast SEO plugin. -->","yoast_head_json":{"title":"Capacity building for sustainable development in Africa: EXPADD to train professionals - EXPADD","robots":{"index":"index","follow":"follow","max-snippet":"max-snippet:-1","max-image-preview":"max-image-preview:large","max-video-preview":"max-video-preview:-1"},"canonical":"https:\/\/www.expadd.org\/en\/capacity-building-for-sustainable-development-in-africa-expadd-to-train-professionals\/","og_locale":"en_US","og_type":"article","og_title":"Capacity building for sustainable development in Africa: EXPADD to train professionals - EXPADD","og_description":"In the current global context of the fight against the effects of global warming,","og_url":"https:\/\/www.expadd.org\/en\/capacity-building-for-sustainable-development-in-africa-expadd-to-train-professionals\/","og_site_name":"EXPADD","article_published_time":"2023-01-11T20:03:23+00:00","article_modified_time":"2023-01-11T20:03:29+00:00","og_image":[{"width":1280,"height":720,"url":"https:\/\/www.expadd.org\/wp-content\/uploads\/2023\/01\/FORMATION-EXPADD-DD-2.jpg","type":"image\/jpeg"}],"author":"EXPADD","twitter_card":"summary_large_image","twitter_misc":{"Written by":"EXPADD","Est. reading time":"1 minute"},"schema":{"@context":"https:\/\/schema.org","@graph":[{"@type":"Article","@id":"https:\/\/www.expadd.org\/en\/capacity-building-for-sustainable-development-in-africa-expadd-to-train-professionals\/#article","isPartOf":{"@id":"https:\/\/www.expadd.org\/en\/capacity-building-for-sustainable-development-in-africa-expadd-to-train-professionals\/"},"author":{"name":"EXPADD","@id":"https:\/\/www.expadd.org\/en\/#\/schema\/person\/9e3bf8e18172ddc6b0817fb431b09466"},"headline":"Capacity building for sustainable development in Africa: EXPADD to train professionals","datePublished":"2023-01-11T20:03:23+00:00","dateModified":"2023-01-11T20:03:29+00:00","mainEntityOfPage":{"@id":"https:\/\/www.expadd.org\/en\/capacity-building-for-sustainable-development-in-africa-expadd-to-train-professionals\/"},"wordCount":182,"commentCount":0,"publisher":{"@id":"https:\/\/www.expadd.org\/en\/#organization"},"image":{"@id":"https:\/\/www.expadd.org\/en\/capacity-building-for-sustainable-development-in-africa-expadd-to-train-professionals\/#primaryimage"},"thumbnailUrl":"https:\/\/www.expadd.org\/wp-content\/uploads\/2023\/01\/FORMATION-EXPADD-DD-2.jpg","articleSection":["CAPACITY BUILDING"],"inLanguage":"en-US","potentialAction":[{"@type":"CommentAction","name":"Comment","target":["https:\/\/www.expadd.org\/en\/capacity-building-for-sustainable-development-in-africa-expadd-to-train-professionals\/#respond"]}]},{"@type":"WebPage","@id":"https:\/\/www.expadd.org\/en\/capacity-building-for-sustainable-development-in-africa-expadd-to-train-professionals\/","url":"https:\/\/www.expadd.org\/en\/capacity-building-for-sustainable-development-in-africa-expadd-to-train-professionals\/","name":"Capacity building for sustainable development in Africa: EXPADD to train professionals - EXPADD","isPartOf":{"@id":"https:\/\/www.expadd.org\/en\/#website"},"primaryImageOfPage":{"@id":"https:\/\/www.expadd.org\/en\/capacity-building-for-sustainable-development-in-africa-expadd-to-train-professionals\/#primaryimage"},"image":{"@id":"https:\/\/www.expadd.org\/en\/capacity-building-for-sustainable-development-in-africa-expadd-to-train-professionals\/#primaryimage"},"thumbnailUrl":"https:\/\/www.expadd.org\/wp-content\/uploads\/2023\/01\/FORMATION-EXPADD-DD-2.jpg","datePublished":"2023-01-11T20:03:23+00:00","dateModified":"2023-01-11T20:03:29+00:00","breadcrumb":{"@id":"https:\/\/www.expadd.org\/en\/capacity-building-for-sustainable-development-in-africa-expadd-to-train-professionals\/#breadcrumb"},"inLanguage":"en-US","potentialAction":[{"@type":"ReadAction","target":["https:\/\/www.expadd.org\/en\/capacity-building-for-sustainable-development-in-africa-expadd-to-train-professionals\/"]}]},{"@type":"ImageObject","inLanguage":"en-US","@id":"https:\/\/www.expadd.org\/en\/capacity-building-for-sustainable-development-in-africa-expadd-to-train-professionals\/#primaryimage","url":"https:\/\/www.expadd.org\/wp-content\/uploads\/2023\/01\/FORMATION-EXPADD-DD-2.jpg","contentUrl":"https:\/\/www.expadd.org\/wp-content\/uploads\/2023\/01\/FORMATION-EXPADD-DD-2.jpg","width":1280,"height":720},{"@type":"BreadcrumbList","@id":"https:\/\/www.expadd.org\/en\/capacity-building-for-sustainable-development-in-africa-expadd-to-train-professionals\/#breadcrumb","itemListElement":[{"@type":"ListItem","position":1,"name":"Accueil","item":"https:\/\/www.expadd.org\/en\/"},{"@type":"ListItem","position":2,"name":"Capacity building for sustainable development in Africa: EXPADD to train professionals"}]},{"@type":"WebSite","@id":"https:\/\/www.expadd.org\/en\/#website","url":"https:\/\/www.expadd.org\/en\/","name":"EXPADD","description":"Pour B\u00e2tir une soci\u00e9t\u00e9 Africaine durable","publisher":{"@id":"https:\/\/www.expadd.org\/en\/#organization"},"potentialAction":[{"@type":"SearchAction","target":{"@type":"EntryPoint","urlTemplate":"https:\/\/www.expadd.org\/en\/?s={search_term_string}"},"query-input":{"@type":"PropertyValueSpecification","valueRequired":true,"valueName":"search_term_string"}}],"inLanguage":"en-US"},{"@type":"Organization","@id":"https:\/\/www.expadd.org\/en\/#organization","name":"EXPERTS D'AFRIQUE POUR LE DEVELOPPEMENT DURABLE","url":"https:\/\/www.expadd.org\/en\/","logo":{"@type":"ImageObject","inLanguage":"en-US","@id":"https:\/\/www.expadd.org\/en\/#\/schema\/logo\/image\/","url":"https:\/\/www.expadd.org\/wp-content\/uploads\/2021\/05\/cropped-cropped-cropped-cropped-cropped-Capture-decran-2021-03-13-a-20.44.36-2.png","contentUrl":"https:\/\/www.expadd.org\/wp-content\/uploads\/2021\/05\/cropped-cropped-cropped-cropped-cropped-Capture-decran-2021-03-13-a-20.44.36-2.png","width":1919,"height":1374,"caption":"EXPERTS D'AFRIQUE POUR LE DEVELOPPEMENT DURABLE"},"image":{"@id":"https:\/\/www.expadd.org\/en\/#\/schema\/logo\/image\/"}},{"@type":"Person","@id":"https:\/\/www.expadd.org\/en\/#\/schema\/person\/9e3bf8e18172ddc6b0817fb431b09466","name":"EXPADD","image":{"@type":"ImageObject","inLanguage":"en-US","@id":"https:\/\/secure.gravatar.com\/avatar\/957ffa3fc16f59afe731c0b7b5e2dcb9a0efedb2044cc566d87841dbca098b71?s=96&d=mm&r=g","url":"https:\/\/secure.gravatar.com\/avatar\/957ffa3fc16f59afe731c0b7b5e2dcb9a0efedb2044cc566d87841dbca098b71?s=96&d=mm&r=g","contentUrl":"https:\/\/secure.gravatar.com\/avatar\/957ffa3fc16f59afe731c0b7b5e2dcb9a0efedb2044cc566d87841dbca098b71?s=96&d=mm&r=g","caption":"EXPADD"},"sameAs":["https:\/\/www.expadd.org"],"url":"https:\/\/www.expadd.org\/en\/author\/christo76\/"}]}},"_links":{"self":[{"href":"https:\/\/www.expadd.org\/en\/wp-json\/wp\/v2\/posts\/10132","targetHints":{"allow":["GET"]}}],"collection":[{"href":"https:\/\/www.expadd.org\/en\/wp-json\/wp\/v2\/posts"}],"about":[{"href":"https:\/\/www.expadd.org\/en\/wp-json\/wp\/v2\/types\/post"}],"author":[{"embeddable":true,"href":"https:\/\/www.expadd.org\/en\/wp-json\/wp\/v2\/users\/1"}],"replies":[{"embeddable":true,"href":"https:\/\/www.expadd.org\/en\/wp-json\/wp\/v2\/comments?post=10132"}],"version-history":[{"count":1,"href":"https:\/\/www.expadd.org\/en\/wp-json\/wp\/v2\/posts\/10132\/revisions"}],"predecessor-version":[{"id":10133,"href":"https:\/\/www.expadd.org\/en\/wp-json\/wp\/v2\/posts\/10132\/revisions\/10133"}],"wp:featuredmedia":[{"embeddable":true,"href":"https:\/\/www.expadd.org\/en\/wp-json\/wp\/v2\/media\/10130"}],"wp:attachment":[{"href":"https:\/\/www.expadd.org\/en\/wp-json\/wp\/v2\/media?parent=10132"}],"wp:term":[{"taxonomy":"category","embeddable":true,"href":"https:\/\/www.expadd.org\/en\/wp-json\/wp\/v2\/categories?post=10132"},{"taxonomy":"post_tag","embeddable":true,"href":"https:\/\/www.expadd.org\/en\/wp-json\/wp\/v2\/tags?post=10132"}],"curies":[{"name":"wp","href":"https:\/\/api.w.org\/{rel}","templated":true}]}}